{"id":128730,"date":"2017-03-24T15:04:11","date_gmt":"2017-03-24T18:04:11","guid":{"rendered":"http:\/\/www.ufla.br\/ascom\/?p=128730"},"modified":"2017-03-31T13:31:43","modified_gmt":"2017-03-31T16:31:43","slug":"inscricoes-para-2a-jornada-de-nutricao-na-internet-comecam-segunda-feria","status":"publish","type":"post","link":"https:\/\/www.ufla.br\/dcom\/2017\/03\/24\/inscricoes-para-2a-jornada-de-nutricao-na-internet-comecam-segunda-feria\/","title":{"rendered":"Inscri\u00e7\u00f5es na internet para 2\u00aa Jornada de Nutri\u00e7\u00e3o come\u00e7am nesta segunda-feira"},"content":{"rendered":"<p><a href=\"http:\/\/www.ufla.br\/ascom\/wp-content\/uploads\/2017\/03\/jornada-de-nutricao.jpg\"><img loading=\"lazy\" decoding=\"async\" class=\"alignright size-medium wp-image-128733\" src=\"http:\/\/www.ufla.br\/ascom\/wp-content\/uploads\/2017\/03\/jornada-de-nutricao-249x134.jpg\" alt=\"\" width=\"249\" height=\"134\" srcset=\"https:\/\/www.ufla.br\/dcom\/wp-content\/uploads\/2017\/03\/jornada-de-nutricao-249x134.jpg 249w, https:\/\/www.ufla.br\/dcom\/wp-content\/uploads\/2017\/03\/jornada-de-nutricao-768x415.jpg 768w, https:\/\/www.ufla.br\/dcom\/wp-content\/uploads\/2017\/03\/jornada-de-nutricao-612x330.jpg 612w, https:\/\/www.ufla.br\/dcom\/wp-content\/uploads\/2017\/03\/jornada-de-nutricao.jpg 837w\" sizes=\"auto, (max-width: 249px) 100vw, 249px\" \/><\/a>As inscri\u00e7\u00f5es para a segunda Jornada de Nutri\u00e7\u00e3o da UFLA (JONUFLA) na internet come\u00e7aram nesta segunda-feira (27\/03). &nbsp;J\u00e1 as presenciais est\u00e3o dispon\u00edveis desde o dia 20 deste m\u00eas, no canteiro central da universidade, pr\u00f3ximo ao Centro de Conviv\u00eancia. &nbsp;O evento vai ocorrer de 31 de maio a 2 de junho e tem o apoio do Departamento de Nutri\u00e7\u00e3o (DNU), do Centro Acad\u00eamico e de n\u00facleos de estudos.<\/p>\n<p>Para se inscrever pela web, \u00e9 preciso acessar a<strong> <a href=\"https:\/\/www.facebook.com\/jonufla\/?ref=page_internal\">p\u00e1gina da JONUFLA<\/a><\/strong> no Facebook e preencher um formul\u00e1rio.O investimento na modalidade graduandos \u00e9 de: R$ 35 (primeiro lote &#8211; Esgotado), R$ 45 (segundo lote) e R$ 55 (terceiro lote). H\u00e1 op\u00e7\u00e3o de adquirir minicursos extras, que v\u00e3o de R$ 10 a R$ 40, sendo que o participante ainda tem a op\u00e7\u00e3o de comprar os pacotes promocionais. J\u00e1 para p\u00f3s-graduandos e profissionais o investimento \u00e9 de R$ 70. Existe ainda a possibilidade da participa\u00e7\u00e3o nos minicursos, pagando R$ 15 em cada um.<\/p>\n<p>A programa\u00e7\u00e3o completa do evento tamb\u00e9m do pode ser consultada na <strong><a href=\"https:\/\/www.facebook.com\/jonufla\/?ref=page_internal\">p\u00e1gina oficial do evento no Facebook<\/a><\/strong>. De acordo com a professora Maysa Helena de Aguiar Toloni, do DNU, a jornada vai propor atualiza\u00e7\u00f5es cient\u00edficas e discutir temas inovadores da \u00e1rea bem como sua rela\u00e7\u00e3o com as Ci\u00eancias da Sa\u00fade e dos Alimentos.&nbsp; Em 2016, JONUFLA reuniu 300 pessoas, entre graduandos, p\u00f3s-graduandos e profissionais da sa\u00fade e de nutri\u00e7\u00e3o da regi\u00e3o.<\/p>\n<p>Acesse a p\u00e1gina do evento no<strong><a href=\"https:\/\/www.facebook.com\/jonufla\/?ref=page_internal\"> Facebook<\/a><\/strong> e saiba outras informa\u00e7\u00f5es.<\/p>\n<p><strong>Texto: Rafael Passos &#8211; Jornalista\/bolsista\/Fapemig<\/strong><\/p>\n","protected":false},"excerpt":{"rendered":"<p>As inscri\u00e7\u00f5es para a segunda Jornada de Nutri\u00e7\u00e3o da UFLA (JONUFLA) na internet come\u00e7aram nesta segunda-feira (27\/03). &nbsp;J\u00e1 as presenciais est\u00e3o dispon\u00edveis desde o dia 20 deste m\u00eas, no canteiro central da universidade, pr\u00f3ximo ao Centro de Conviv\u00eancia. &nbsp;O evento vai ocorrer de 31 de maio a 2 de junho e tem o apoio do &hellip; <a href=\"https:\/\/www.ufla.br\/dcom\/2017\/03\/24\/inscricoes-para-2a-jornada-de-nutricao-na-internet-comecam-segunda-feria\/\" class=\"more-link\">Continue lendo <span class=\"screen-reader-text\">Inscri\u00e7\u00f5es na internet para 2\u00aa Jornada de Nutri\u00e7\u00e3o come\u00e7am nesta segunda-feira<\/span> <span class=\"meta-nav\">&rarr;<\/span><\/a><\/p>\n","protected":false},"author":20,"featured_media":0,"comment_status":"closed","ping_status":"closed","sticky":false,"template":"","format":"standard","meta":{"ngg_post_thumbnail":0,"footnotes":""},"categories":[1,10],"tags":[],"class_list":["post-128730","post","type-post","status-publish","format-standard","hentry","category-noticias","category-menores"],"_links":{"self":[{"href":"https:\/\/www.ufla.br\/dcom\/wp-json\/wp\/v2\/posts\/128730","targetHints":{"allow":["GET"]}}],"collection":[{"href":"https:\/\/www.ufla.br\/dcom\/wp-json\/wp\/v2\/posts"}],"about":[{"href":"https:\/\/www.ufla.br\/dcom\/wp-json\/wp\/v2\/types\/post"}],"author":[{"embeddable":true,"href":"https:\/\/www.ufla.br\/dcom\/wp-json\/wp\/v2\/users\/20"}],"replies":[{"embeddable":true,"href":"https:\/\/www.ufla.br\/dcom\/wp-json\/wp\/v2\/comments?post=128730"}],"version-history":[{"count":8,"href":"https:\/\/www.ufla.br\/dcom\/wp-json\/wp\/v2\/posts\/128730\/revisions"}],"predecessor-version":[{"id":128983,"href":"https:\/\/www.ufla.br\/dcom\/wp-json\/wp\/v2\/posts\/128730\/revisions\/128983"}],"wp:attachment":[{"href":"https:\/\/www.ufla.br\/dcom\/wp-json\/wp\/v2\/media?parent=128730"}],"wp:term":[{"taxonomy":"category","embeddable":true,"href":"https:\/\/www.ufla.br\/dcom\/wp-json\/wp\/v2\/categories?post=128730"},{"taxonomy":"post_tag","embeddable":true,"href":"https:\/\/www.ufla.br\/dcom\/wp-json\/wp\/v2\/tags?post=128730"}],"curies":[{"name":"wp","href":"https:\/\/api.w.org\/{rel}","templated":true}]}}