{"id":127992,"date":"2017-03-08T16:54:32","date_gmt":"2017-03-08T19:54:32","guid":{"rendered":"http:\/\/www.ufla.br\/ascom\/?p=127992"},"modified":"2017-03-09T17:32:27","modified_gmt":"2017-03-09T20:32:27","slug":"cppd-divulga-nota-de-esclarecimento-sobre-inscricao-de-professor","status":"publish","type":"post","link":"https:\/\/www.ufla.br\/dcom\/2017\/03\/08\/cppd-divulga-nota-de-esclarecimento-sobre-inscricao-de-professor\/","title":{"rendered":"CPPD divulga nota de esclarecimento sobre inscri\u00e7\u00e3o de professor"},"content":{"rendered":"<p>A Comiss\u00e3o receptora e escrutinadora de votos, nas elei\u00e7\u00f5es dos representantes das classes das carreiras do Magist\u00e9rio Federal junto \u00e0 Comiss\u00e3o Permanente de Pessoal Docente (CPPD), no uso de suas atribui\u00e7\u00f5es e visando garantir a transpar\u00eancia de todo o processo eleitoral dos representantes das classes dos docentes, esclarece que o docente Lucas Alves da Silva, lotado no Departamento de Engenharia (DEG), inscreveu-se como candidato nas elei\u00e7\u00f5es para CPPD, realizada por escrut\u00ednio secreto no dia 8 de mar\u00e7o de 2017.<\/p>\n<p>Equivocadamente, o referido professor informou na ficha de inscri\u00e7\u00e3o para as elei\u00e7\u00f5es que pertencia \u00e0 Classe de Professor ADJUNTO (Classe C). Por\u00e9m, foi verificado junto ao Sistema Integrado de Gest\u00e3o (SIG) que o referido docente pertence, em verdade, \u00e0 classe A, com a denomina\u00e7\u00e3o de Professor ADJUNTO A.<\/p>\n<p>Dessa forma, a Comiss\u00e3o receptora e escrutinadora de votos designada pela CPPD vem a p\u00fablico esclarecer que j\u00e1 corrigiu o equ\u00edvoco a tempo, antes do in\u00edcio das elei\u00e7\u00f5es do dia 8\/3\/2017, alocando o Professor Lucas Alves da Silva, lotado no Departamento de Engenharia (DEG), como candidato \u00e0 representa\u00e7\u00e3o da Classe A.<\/p>\n<p>Ressaltamos que toda a documenta\u00e7\u00e3o relativa ao processo de elei\u00e7\u00e3o para a CPPD est\u00e1 dispon\u00edvel a toda a comunidade acad\u00eamica para eventual consulta, inclusive, os(as) interessados(as) poder\u00e3o acompanhar a apura\u00e7\u00e3o de votos que tem in\u00edcio \u00e0s 17:30.<\/p>\n<h5>Texto enviado pela CPPD<\/h5>\n<p>&nbsp;<\/p>\n","protected":false},"excerpt":{"rendered":"<p>A Comiss\u00e3o receptora e escrutinadora de votos, nas elei\u00e7\u00f5es dos representantes das classes das carreiras do Magist\u00e9rio Federal junto \u00e0 Comiss\u00e3o Permanente de Pessoal Docente (CPPD), no uso de suas atribui\u00e7\u00f5es e visando garantir a transpar\u00eancia de todo o processo eleitoral dos representantes das classes dos docentes, esclarece que o docente Lucas Alves da Silva, &hellip; <a href=\"https:\/\/www.ufla.br\/dcom\/2017\/03\/08\/cppd-divulga-nota-de-esclarecimento-sobre-inscricao-de-professor\/\" class=\"more-link\">Continue lendo <span class=\"screen-reader-text\">CPPD divulga nota de esclarecimento sobre inscri\u00e7\u00e3o de professor<\/span> <span class=\"meta-nav\">&rarr;<\/span><\/a><\/p>\n","protected":false},"author":20,"featured_media":0,"comment_status":"closed","ping_status":"closed","sticky":false,"template":"","format":"standard","meta":{"ngg_post_thumbnail":0,"footnotes":""},"categories":[1],"tags":[1875,830],"class_list":["post-127992","post","type-post","status-publish","format-standard","hentry","category-noticias","tag-comissao-permanente-de-pessoal-docente","tag-cppd"],"_links":{"self":[{"href":"https:\/\/www.ufla.br\/dcom\/wp-json\/wp\/v2\/posts\/127992","targetHints":{"allow":["GET"]}}],"collection":[{"href":"https:\/\/www.ufla.br\/dcom\/wp-json\/wp\/v2\/posts"}],"about":[{"href":"https:\/\/www.ufla.br\/dcom\/wp-json\/wp\/v2\/types\/post"}],"author":[{"embeddable":true,"href":"https:\/\/www.ufla.br\/dcom\/wp-json\/wp\/v2\/users\/20"}],"replies":[{"embeddable":true,"href":"https:\/\/www.ufla.br\/dcom\/wp-json\/wp\/v2\/comments?post=127992"}],"version-history":[{"count":1,"href":"https:\/\/www.ufla.br\/dcom\/wp-json\/wp\/v2\/posts\/127992\/revisions"}],"predecessor-version":[{"id":127993,"href":"https:\/\/www.ufla.br\/dcom\/wp-json\/wp\/v2\/posts\/127992\/revisions\/127993"}],"wp:attachment":[{"href":"https:\/\/www.ufla.br\/dcom\/wp-json\/wp\/v2\/media?parent=127992"}],"wp:term":[{"taxonomy":"category","embeddable":true,"href":"https:\/\/www.ufla.br\/dcom\/wp-json\/wp\/v2\/categories?post=127992"},{"taxonomy":"post_tag","embeddable":true,"href":"https:\/\/www.ufla.br\/dcom\/wp-json\/wp\/v2\/tags?post=127992"}],"curies":[{"name":"wp","href":"https:\/\/api.w.org\/{rel}","templated":true}]}}