{"id":127847,"date":"2017-02-23T11:04:13","date_gmt":"2017-02-23T14:04:13","guid":{"rendered":"http:\/\/www.ufla.br\/ascom\/?p=127847"},"modified":"2017-03-06T11:55:05","modified_gmt":"2017-03-06T14:55:05","slug":"mulheres-artistas-de-lavras-venham-participar-da-exposicao-a-arte-de-ser-mulher","status":"publish","type":"post","link":"https:\/\/www.ufla.br\/dcom\/2017\/02\/23\/mulheres-artistas-de-lavras-venham-participar-da-exposicao-a-arte-de-ser-mulher\/","title":{"rendered":"Mulheres artistas de Lavras: venham participar da exposi\u00e7\u00e3o \u201cA arte de ser mulher\u201d"},"content":{"rendered":"<p><img loading=\"lazy\" decoding=\"async\" class=\" wp-image-127848 alignleft\" src=\"http:\/\/www.ufla.br\/ascom\/wp-content\/uploads\/2017\/02\/a-arte-de-ser-mulher-249x249.jpg\" alt=\"\" width=\"216\" height=\"216\" srcset=\"https:\/\/www.ufla.br\/dcom\/wp-content\/uploads\/2017\/02\/a-arte-de-ser-mulher-249x249.jpg 249w, https:\/\/www.ufla.br\/dcom\/wp-content\/uploads\/2017\/02\/a-arte-de-ser-mulher-150x150.jpg 150w, https:\/\/www.ufla.br\/dcom\/wp-content\/uploads\/2017\/02\/a-arte-de-ser-mulher-768x768.jpg 768w, https:\/\/www.ufla.br\/dcom\/wp-content\/uploads\/2017\/02\/a-arte-de-ser-mulher-612x612.jpg 612w, https:\/\/www.ufla.br\/dcom\/wp-content\/uploads\/2017\/02\/a-arte-de-ser-mulher.jpg 960w\" sizes=\"auto, (max-width: 216px) 100vw, 216px\" \/>O &#8220;Coletivo Mulheres da UFLA&#8221;&nbsp;realizar\u00e1 entre 10\/3 e 20\/5 a exposi\u00e7\u00e3o <strong>\u201cA arte de ser mulher: O que te movimenta?\u201d<\/strong> no Museu Bi Moreira, com o objetivo de dar maior visibilidade ao trabalho feminino. Assim, a exposi\u00e7\u00e3o tem como intuito divulgar as artes das mulheres, exaltando as incr\u00edveis artistas presentes em Lavras.<\/p>\n<p>Mulheres interessadas em participar da exposi\u00e7\u00e3o devem enviar um e-mail at\u00e9 o dia 3\/3 para exposicaocoletivo@gmail.com contendo: nome completo; idade; profiss\u00e3o; foto do objeto a ser exposto (pode ser mais de um, sendo ele foto, artesanato, poema etc); nome do objeto; descri\u00e7\u00e3o do objeto (material utilizado, por exemplo); um pequeno texto contando a sua hist\u00f3ria como artista (texto este que acompanhar\u00e1 seu objeto na exposi\u00e7\u00e3o).<\/p>\n<p>Ap\u00f3s encerrado o prazo, a organiza\u00e7\u00e3o entrar\u00e1 em contato com as artistas para que compare\u00e7am ao Museu Bi Moreira da UFLA (localizado no c\u00e2mpus hist\u00f3rico) nos dias 6\/3 ou 7\/3 para assinarem o termo de responsabilidade e deixarem o objeto com os profissionais do Museu.<\/p>\n<p>\u201cVamos juntas buscar enaltecer nosso trabalho e nos empoderarmos atrav\u00e9s dele tamb\u00e9m\u201d, ressalta a organiza\u00e7\u00e3o do evento.&nbsp;O Coletivo foi criado por mulheres estudantes da UFLA,. Possui um esp\u00edrito de luta, de busca por equidade de g\u00eanero, respeito, de novas conquistas, novos direitos, de compromisso com o desenvolvimento humano, social e cultural.<\/p>\n<p><strong>Datas importantes:<\/strong><\/p>\n<p>Per\u00edodo da exposi\u00e7\u00e3o: 10\/3 a 20\/5<\/p>\n<p>Prazo de inscri\u00e7\u00e3o: 21\/2 a 3\/3<\/p>\n<p>Prazo para envio da arte: 6\/3 e 7\/3<\/p>\n<p><strong>Camila Caetano &#8211; jornalista\/ bolsista UFLA.&nbsp;<\/strong><\/p>\n","protected":false},"excerpt":{"rendered":"<p>O &#8220;Coletivo Mulheres da UFLA&#8221;&nbsp;realizar\u00e1 entre 10\/3 e 20\/5 a exposi\u00e7\u00e3o \u201cA arte de ser mulher: O que te movimenta?\u201d no Museu Bi Moreira, com o objetivo de dar maior visibilidade ao trabalho feminino. Assim, a exposi\u00e7\u00e3o tem como intuito divulgar as artes das mulheres, exaltando as incr\u00edveis artistas presentes em Lavras. Mulheres interessadas em &hellip; <a href=\"https:\/\/www.ufla.br\/dcom\/2017\/02\/23\/mulheres-artistas-de-lavras-venham-participar-da-exposicao-a-arte-de-ser-mulher\/\" class=\"more-link\">Continue lendo <span class=\"screen-reader-text\">Mulheres artistas de Lavras: venham participar da exposi\u00e7\u00e3o \u201cA arte de ser mulher\u201d<\/span> <span class=\"meta-nav\">&rarr;<\/span><\/a><\/p>\n","protected":false},"author":20,"featured_media":0,"comment_status":"closed","ping_status":"closed","sticky":false,"template":"","format":"standard","meta":{"ngg_post_thumbnail":0,"footnotes":""},"categories":[10],"tags":[],"class_list":["post-127847","post","type-post","status-publish","format-standard","hentry","category-menores"],"_links":{"self":[{"href":"https:\/\/www.ufla.br\/dcom\/wp-json\/wp\/v2\/posts\/127847","targetHints":{"allow":["GET"]}}],"collection":[{"href":"https:\/\/www.ufla.br\/dcom\/wp-json\/wp\/v2\/posts"}],"about":[{"href":"https:\/\/www.ufla.br\/dcom\/wp-json\/wp\/v2\/types\/post"}],"author":[{"embeddable":true,"href":"https:\/\/www.ufla.br\/dcom\/wp-json\/wp\/v2\/users\/20"}],"replies":[{"embeddable":true,"href":"https:\/\/www.ufla.br\/dcom\/wp-json\/wp\/v2\/comments?post=127847"}],"version-history":[{"count":1,"href":"https:\/\/www.ufla.br\/dcom\/wp-json\/wp\/v2\/posts\/127847\/revisions"}],"predecessor-version":[{"id":127849,"href":"https:\/\/www.ufla.br\/dcom\/wp-json\/wp\/v2\/posts\/127847\/revisions\/127849"}],"wp:attachment":[{"href":"https:\/\/www.ufla.br\/dcom\/wp-json\/wp\/v2\/media?parent=127847"}],"wp:term":[{"taxonomy":"category","embeddable":true,"href":"https:\/\/www.ufla.br\/dcom\/wp-json\/wp\/v2\/categories?post=127847"},{"taxonomy":"post_tag","embeddable":true,"href":"https:\/\/www.ufla.br\/dcom\/wp-json\/wp\/v2\/tags?post=127847"}],"curies":[{"name":"wp","href":"https:\/\/api.w.org\/{rel}","templated":true}]}}