{"id":127839,"date":"2017-02-22T14:36:23","date_gmt":"2017-02-22T17:36:23","guid":{"rendered":"http:\/\/www.ufla.br\/ascom\/?p=127839"},"modified":"2017-03-02T11:59:20","modified_gmt":"2017-03-02T14:59:20","slug":"estimulo-a-leitura-centro-de-convivencia-da-ufla-sera-espaco-para-o-projeto-ponto-do-livro","status":"publish","type":"post","link":"https:\/\/www.ufla.br\/dcom\/2017\/02\/22\/estimulo-a-leitura-centro-de-convivencia-da-ufla-sera-espaco-para-o-projeto-ponto-do-livro\/","title":{"rendered":"Est\u00edmulo \u00e0 leitura: Centro de Conviv\u00eancia da UFLA ser\u00e1 espa\u00e7o para o projeto Ponto do Livro"},"content":{"rendered":"<p><a href=\"http:\/\/www.ufla.br\/ascom\/wp-content\/uploads\/2017\/02\/ponto-do-livro.jpg\"><img loading=\"lazy\" decoding=\"async\" class=\"alignleft size-medium wp-image-127841\" src=\"http:\/\/www.ufla.br\/ascom\/wp-content\/uploads\/2017\/02\/ponto-do-livro-249x249.jpg\" alt=\"\" width=\"249\" height=\"249\" srcset=\"https:\/\/www.ufla.br\/dcom\/wp-content\/uploads\/2017\/02\/ponto-do-livro-249x249.jpg 249w, https:\/\/www.ufla.br\/dcom\/wp-content\/uploads\/2017\/02\/ponto-do-livro-150x150.jpg 150w, https:\/\/www.ufla.br\/dcom\/wp-content\/uploads\/2017\/02\/ponto-do-livro-768x768.jpg 768w, https:\/\/www.ufla.br\/dcom\/wp-content\/uploads\/2017\/02\/ponto-do-livro-612x612.jpg 612w, https:\/\/www.ufla.br\/dcom\/wp-content\/uploads\/2017\/02\/ponto-do-livro.jpg 960w\" sizes=\"auto, (max-width: 249px) 100vw, 249px\" \/><\/a>O Rotaract Clube de Lavras, com o apoio da Pr\u00f3-Reitoria de Extens\u00e3o e Cultura (Proec), vai inaugurar no Centro de Conviv\u00eancia da Universidade Federal de Lavras (UFLA) uma estrutura do projeto \u201cPonto do Livro\u201d. O lan\u00e7amento ser\u00e1 realizado nesta quinta-feira (23\/2), \u00e0s 12h. A estrutura ficar\u00e1 localizada nas proximidades da central de c\u00f3pias e permitir\u00e1 que qualquer interessado pegue livros dispon\u00edveis, leia e os entregue de volta.<\/p>\n<p>De acordo com a representante da comiss\u00e3o do Ponto do Livro do Rotaract Lavras, Lissa Pereira, a iniciativa na UFLA busca incentivar a comunidade acad\u00eamica a dedicar sempre um tempo para ir al\u00e9m da leitura dos conte\u00fados cient\u00edficos. \u201cA rotina \u00e9 intensa e \u00e0s vezes deixamos em segundo plano aquela literatura que pode contribuir para ampliar nossos horizontes culturais. &nbsp;Al\u00e9m disso, \u00e9 um projeto que estimula o compartilhamento solid\u00e1rio. As pessoas doam seus livros, para que eles fa\u00e7am bem a quem elas nem conhecem\u201d, explica Lissa, que \u00e9 tamb\u00e9m estudante de Engenharia Ambiental e Sanit\u00e1ria da UFLA.<\/p>\n<p>A UFLA ser\u00e1 o terceiro local em Lavras a receber um Ponto do Livro. As primeiras iniciativas foram na Pra\u00e7a Leonardo Venerando&nbsp;e na Pra\u00e7a Dona Josefina. As obras disponibilizadas s\u00e3o reunidas atrav\u00e9s de doa\u00e7\u00f5es feitas pela comunidade. Na UFLA, o Rotaract contou com a parceria das empresas j\u00faniores Preserva Jr. e Terra J.r e dos Engenheiros sem Fronteiras \u2013 N\u00facleo Lavras. Esses grupos, al\u00e9m de realizarem doa\u00e7\u00f5es, ajudaram na divulga\u00e7\u00e3o da campanha para coleta de livros e disponibilizaram suas pr\u00f3prias estruturas f\u00edsicas como locais de arrecada\u00e7\u00e3o de livros.<\/p>\n<p><em>Para diversifica\u00e7\u00e3o do acervo, a ideia \u00e9 que novas doa\u00e7\u00f5es possam ser feitas a todo momento. Quem quiser compartilhar uma obra, poder\u00e1 deix\u00e1-la diretamente no Ponto do Livro (no Centro de Conviv\u00eancia) ou na sala de um dos grupos parceiros.<\/em><\/p>\n<p><strong>Um pouco mais sobre o projeto<\/strong><\/p>\n<p>O Ponto do Livro foi criado h\u00e1 tr\u00eas anos &nbsp;por coletivos de Belo Horizonte, com o objetivo de dar \u00e0 comunidade, de forma desburocratizada, acesso \u00e0 leitura de livros, estimulando o h\u00e1bito pela leitura e o compartilhamento de obras.<\/p>\n<p>Acompanhe: <a href=\"https:\/\/www.facebook.com\/projetopontodolivro\/\">Facebook Ponto do Livro<\/a>&nbsp;e&nbsp;<a href=\"https:\/\/www.facebook.com\/pontolavras\/?fref=ts\">Facebook Ponto do Livro &#8211; Lavras<\/a><\/p>\n<p><strong>Lan\u00e7amento na UFLA<\/strong><\/p>\n<p>Durante a atividade de lan\u00e7amento de 23\/2, \u00e0s 12h,&nbsp; a equipe do Rotaract (que possui estudantes da UFLA como integrantes) estar\u00e1 no local para explicar a ideia e estimular a partica\u00e7\u00e3o.<\/p>\n<h5>Com informa\u00e7\u00f5es de Fernanda Rafaela Silva Valad\u00e3o, bolsista Proat \/Dcom.<\/h5>\n","protected":false},"excerpt":{"rendered":"<p>O Rotaract Clube de Lavras, com o apoio da Pr\u00f3-Reitoria de Extens\u00e3o e Cultura (Proec), vai inaugurar no Centro de Conviv\u00eancia da Universidade Federal de Lavras (UFLA) uma estrutura do projeto \u201cPonto do Livro\u201d. O lan\u00e7amento ser\u00e1 realizado nesta quinta-feira (23\/2), \u00e0s 12h. A estrutura ficar\u00e1 localizada nas proximidades da central de c\u00f3pias e permitir\u00e1 &hellip; <a href=\"https:\/\/www.ufla.br\/dcom\/2017\/02\/22\/estimulo-a-leitura-centro-de-convivencia-da-ufla-sera-espaco-para-o-projeto-ponto-do-livro\/\" class=\"more-link\">Continue lendo <span class=\"screen-reader-text\">Est\u00edmulo \u00e0 leitura: Centro de Conviv\u00eancia da UFLA ser\u00e1 espa\u00e7o para o projeto Ponto do Livro<\/span> <span class=\"meta-nav\">&rarr;<\/span><\/a><\/p>\n","protected":false},"author":28,"featured_media":0,"comment_status":"closed","ping_status":"closed","sticky":false,"template":"","format":"standard","meta":{"ngg_post_thumbnail":0,"footnotes":""},"categories":[1,10],"tags":[],"class_list":["post-127839","post","type-post","status-publish","format-standard","hentry","category-noticias","category-menores"],"_links":{"self":[{"href":"https:\/\/www.ufla.br\/dcom\/wp-json\/wp\/v2\/posts\/127839","targetHints":{"allow":["GET"]}}],"collection":[{"href":"https:\/\/www.ufla.br\/dcom\/wp-json\/wp\/v2\/posts"}],"about":[{"href":"https:\/\/www.ufla.br\/dcom\/wp-json\/wp\/v2\/types\/post"}],"author":[{"embeddable":true,"href":"https:\/\/www.ufla.br\/dcom\/wp-json\/wp\/v2\/users\/28"}],"replies":[{"embeddable":true,"href":"https:\/\/www.ufla.br\/dcom\/wp-json\/wp\/v2\/comments?post=127839"}],"version-history":[{"count":3,"href":"https:\/\/www.ufla.br\/dcom\/wp-json\/wp\/v2\/posts\/127839\/revisions"}],"predecessor-version":[{"id":127843,"href":"https:\/\/www.ufla.br\/dcom\/wp-json\/wp\/v2\/posts\/127839\/revisions\/127843"}],"wp:attachment":[{"href":"https:\/\/www.ufla.br\/dcom\/wp-json\/wp\/v2\/media?parent=127839"}],"wp:term":[{"taxonomy":"category","embeddable":true,"href":"https:\/\/www.ufla.br\/dcom\/wp-json\/wp\/v2\/categories?post=127839"},{"taxonomy":"post_tag","embeddable":true,"href":"https:\/\/www.ufla.br\/dcom\/wp-json\/wp\/v2\/tags?post=127839"}],"curies":[{"name":"wp","href":"https:\/\/api.w.org\/{rel}","templated":true}]}}