{"id":127766,"date":"2017-03-02T11:00:45","date_gmt":"2017-03-02T14:00:45","guid":{"rendered":"http:\/\/www.ufla.br\/ascom\/?p=127766"},"modified":"2017-03-06T17:26:42","modified_gmt":"2017-03-06T20:26:42","slug":"cppd-fara-eleicao-de-representantes-inscricoes-de-candidatos-ate-6-de-marco","status":"publish","type":"post","link":"https:\/\/www.ufla.br\/dcom\/2017\/03\/02\/cppd-fara-eleicao-de-representantes-inscricoes-de-candidatos-ate-6-de-marco\/","title":{"rendered":"CPPD far\u00e1 elei\u00e7\u00e3o de representantes \u2013 inscri\u00e7\u00f5es de candidatos at\u00e9 6 de mar\u00e7o"},"content":{"rendered":"<p><a href=\"http:\/\/www.ufla.br\/ascom\/wp-content\/uploads\/2017\/02\/ufla-aerea-2016.jpg\"><img loading=\"lazy\" decoding=\"async\" class=\"alignleft size-medium wp-image-127460\" src=\"http:\/\/www.ufla.br\/ascom\/wp-content\/uploads\/2017\/02\/ufla-aerea-2016-249x166.jpg\" alt=\"\" width=\"249\" height=\"166\" srcset=\"https:\/\/www.ufla.br\/dcom\/wp-content\/uploads\/2017\/02\/ufla-aerea-2016-249x166.jpg 249w, https:\/\/www.ufla.br\/dcom\/wp-content\/uploads\/2017\/02\/ufla-aerea-2016-612x408.jpg 612w, https:\/\/www.ufla.br\/dcom\/wp-content\/uploads\/2017\/02\/ufla-aerea-2016.jpg 750w\" sizes=\"auto, (max-width: 249px) 100vw, 249px\" \/><\/a>A elei\u00e7\u00e3o para definir os representantes da Comiss\u00e3o Permanente de Pessoal Docente (CPPD), para o bi\u00eanio 2017\/2018, ser\u00e1 no dia 8 de mar\u00e7o. Antes, haver\u00e1 o per\u00edodo de inscri\u00e7\u00f5es de candidatos: esse prazo ir\u00e1 de 20 de fevereiro, \u00e0s 8 horas, a 6 de mar\u00e7o, \u00e0s 17 horas. As inscri\u00e7\u00f5es ser\u00e3o feitas na sede da CPPD, no Centro Administrativo (pr\u00f3ximo ao Protocolo). Os candidatos dever\u00e3o manifestar pr\u00e9via e expressamente a aceita\u00e7\u00e3o de sua investidura no cargo, nos termos do Regimento Interno da CPPD.<\/p>\n<p>Ser\u00e3o eleitos representantes e suplentes para as classes da carreira do Magist\u00e9rio Superior (<u>Classe E<\/u> &#8211; Professor Titular; <u>Classe D<\/u> &#8211; Professor Associado; <u>Classe C<\/u> &#8211; Professor Adjunto; <u>Classe B<\/u> &#8211; Professor Assistente; <u>Classe A<\/u> &#8211; Professor Adjunto A, Assistente A e Auxiliar); ser\u00e3o eleitos, ainda, um membro titular e um suplente da carreira do Ensino B\u00e1sico, T\u00e9cnico e Tecnol\u00f3gico. Cada docente do quadro permanente da UFLA dever\u00e1 votar no candidato pertencente \u00e0 sua respectiva classe.<\/p>\n<p>A elei\u00e7\u00e3o, em 8 de mar\u00e7o, ser\u00e1 na sede da CPPD, das 8h30 \u00e0s 17h30, por vota\u00e7\u00e3o secreta. N\u00e3o ser\u00e3o aceitos votos por procura\u00e7\u00e3o ou cumulativos. A apura\u00e7\u00e3o ter\u00e1 in\u00edcio logo ap\u00f3s o encerramento da vota\u00e7\u00e3o, sendo lavrada ata contendo quadro sucinto dos resultados obtidos.<\/p>\n<p><strong>CPPD<\/strong><\/p>\n<p>A <a href=\"http:\/\/www.cppd.ufla.br\/\">CPPD<\/a> \u00e9 um \u00f3rg\u00e3o de assessoramento da Reitoria da UFLA, criada pelo Governo Federal para acompanhar a carreira de pessoal docente nas Institui\u00e7\u00f5es Federais de Ensino. Cabe \u00e0 Comiss\u00e3o analisar assuntos como: altera\u00e7\u00e3o de regime de trabalho; e afastamentos para aperfei\u00e7oamento, especializa\u00e7\u00e3o, mestrado e doutorado. Al\u00e9m disso, a CPPD \u00e9 a respons\u00e1vel, na UFLA, pelas progress\u00f5es funcionais, sejam elas por titula\u00e7\u00e3o ou por desempenho, e pelos est\u00e1gios probat\u00f3rios. Ela \u00e9 composta por um docente de cada classe; os eleitos s\u00e3o escolhidos por seus pares e por um docente indicado pela Reitoria.<\/p>\n<p>&nbsp;<\/p>\n","protected":false},"excerpt":{"rendered":"<p>A elei\u00e7\u00e3o para definir os representantes da Comiss\u00e3o Permanente de Pessoal Docente (CPPD), para o bi\u00eanio 2017\/2018, ser\u00e1 no dia 8 de mar\u00e7o. Antes, haver\u00e1 o per\u00edodo de inscri\u00e7\u00f5es de candidatos: esse prazo ir\u00e1 de 20 de fevereiro, \u00e0s 8 horas, a 6 de mar\u00e7o, \u00e0s 17 horas. As inscri\u00e7\u00f5es ser\u00e3o feitas na sede da &hellip; <a href=\"https:\/\/www.ufla.br\/dcom\/2017\/03\/02\/cppd-fara-eleicao-de-representantes-inscricoes-de-candidatos-ate-6-de-marco\/\" class=\"more-link\">Continue lendo <span class=\"screen-reader-text\">CPPD far\u00e1 elei\u00e7\u00e3o de representantes \u2013 inscri\u00e7\u00f5es de candidatos at\u00e9 6 de mar\u00e7o<\/span> <span class=\"meta-nav\">&rarr;<\/span><\/a><\/p>\n","protected":false},"author":27,"featured_media":0,"comment_status":"closed","ping_status":"closed","sticky":false,"template":"","format":"standard","meta":{"ngg_post_thumbnail":0,"footnotes":""},"categories":[1],"tags":[276,1875,830,173],"class_list":["post-127766","post","type-post","status-publish","format-standard","hentry","category-noticias","tag-carreira-docente","tag-comissao-permanente-de-pessoal-docente","tag-cppd","tag-professores"],"_links":{"self":[{"href":"https:\/\/www.ufla.br\/dcom\/wp-json\/wp\/v2\/posts\/127766","targetHints":{"allow":["GET"]}}],"collection":[{"href":"https:\/\/www.ufla.br\/dcom\/wp-json\/wp\/v2\/posts"}],"about":[{"href":"https:\/\/www.ufla.br\/dcom\/wp-json\/wp\/v2\/types\/post"}],"author":[{"embeddable":true,"href":"https:\/\/www.ufla.br\/dcom\/wp-json\/wp\/v2\/users\/27"}],"replies":[{"embeddable":true,"href":"https:\/\/www.ufla.br\/dcom\/wp-json\/wp\/v2\/comments?post=127766"}],"version-history":[{"count":3,"href":"https:\/\/www.ufla.br\/dcom\/wp-json\/wp\/v2\/posts\/127766\/revisions"}],"predecessor-version":[{"id":127819,"href":"https:\/\/www.ufla.br\/dcom\/wp-json\/wp\/v2\/posts\/127766\/revisions\/127819"}],"wp:attachment":[{"href":"https:\/\/www.ufla.br\/dcom\/wp-json\/wp\/v2\/media?parent=127766"}],"wp:term":[{"taxonomy":"category","embeddable":true,"href":"https:\/\/www.ufla.br\/dcom\/wp-json\/wp\/v2\/categories?post=127766"},{"taxonomy":"post_tag","embeddable":true,"href":"https:\/\/www.ufla.br\/dcom\/wp-json\/wp\/v2\/tags?post=127766"}],"curies":[{"name":"wp","href":"https:\/\/api.w.org\/{rel}","templated":true}]}}