{"id":127761,"date":"2017-03-10T14:25:01","date_gmt":"2017-03-10T17:25:01","guid":{"rendered":"http:\/\/www.ufla.br\/ascom\/?p=127761"},"modified":"2017-03-16T08:57:18","modified_gmt":"2017-03-16T11:57:18","slug":"iv-feira-de-marketing-social-e-midias-alternativas-sera-realizada-na-ufla","status":"publish","type":"post","link":"https:\/\/www.ufla.br\/dcom\/2017\/03\/10\/iv-feira-de-marketing-social-e-midias-alternativas-sera-realizada-na-ufla\/","title":{"rendered":"IV Feira de Marketing Social e M\u00eddias Alternativas ser\u00e1 realizada na UFLA"},"content":{"rendered":"<p><a href=\"http:\/\/www.ufla.br\/ascom\/wp-content\/uploads\/2017\/02\/IV-FEMAS.png\"><img loading=\"lazy\" decoding=\"async\" class=\"alignleft size-medium wp-image-127762\" src=\"http:\/\/www.ufla.br\/ascom\/wp-content\/uploads\/2017\/02\/IV-FEMAS-249x107.png\" alt=\"\" width=\"249\" height=\"107\" srcset=\"https:\/\/www.ufla.br\/dcom\/wp-content\/uploads\/2017\/02\/IV-FEMAS-249x107.png 249w, https:\/\/www.ufla.br\/dcom\/wp-content\/uploads\/2017\/02\/IV-FEMAS-768x330.png 768w, https:\/\/www.ufla.br\/dcom\/wp-content\/uploads\/2017\/02\/IV-FEMAS-612x263.png 612w, https:\/\/www.ufla.br\/dcom\/wp-content\/uploads\/2017\/02\/IV-FEMAS.png 960w\" sizes=\"auto, (max-width: 249px) 100vw, 249px\" \/><\/a>No dia 13 de mar\u00e7o ocorrer\u00e1 a IV Feira de Marketing Social e M\u00eddias Alternativas (<a href=\"https:\/\/www.facebook.com\/FEMAS-Feira-de-Marketing-Social-e-M%C3%ADdias-Alternativas-1613215102323740\/\">Femas<\/a>) da Universidade Federal de Lavras (UFLA). O evento ser\u00e1 realizado das 15h \u00e0s 21h no c\u00e2mpus, no espa\u00e7o entre o Banco do Brasil e o Centro de Conviv\u00eancia da UFLA.<\/p>\n<p>Durante as atividades, haver\u00e1 a exposi\u00e7\u00e3o de projetos dos alunos da disciplina de Marketing P\u00fablico (GAE270), que \u00e9 ofertada pelo curso de Administra\u00e7\u00e3o P\u00fablica, do Departamento de Administra\u00e7\u00e3o e Economia (DAE\/UFLA).Novidades desta edi\u00e7\u00e3o ser\u00e3o a presen\u00e7a de <em>food trucks<\/em> (comida de caminh\u00e3o) e apresenta\u00e7\u00f5es no espa\u00e7o do Centro de Conviv\u00eancia.<\/p>\n<p>Sob a coordena\u00e7\u00e3o do professor D\u00eanis Renato de Oliveira (DAE\/UFLA), a feira possui como objetivo gerar propostas alternativas de marketing social, que possam provocar mudan\u00e7as de h\u00e1bitos e comportamentos utilizando m\u00eddias n\u00e3o convencionais.<\/p>\n<p>O evento ser\u00e1 aberto ao p\u00fablico e tem o apoio do Centro Acad\u00eamico de Administra\u00e7\u00e3o P\u00fablica (Cenaap), da Pr\u00f3-Reitoria de Extens\u00e3o e Cultura (Proec) e do DAE.<\/p>\n<p>Outras informa\u00e7\u00f5es atrav\u00e9s do telefone (35) 3829-3130 ou e-mail ivfemas2017@gmail.com.<\/p>\n<p><a href=\"https:\/\/www.facebook.com\/events\/424540587884603\/\">Acompanhe tamb\u00e9m pelo &nbsp;Facebook.<\/a><\/p>\n<h5>Produ\u00e7\u00e3o: Luciana Tereza, estagi\u00e1ria DCOM\/UFLA.<\/h5>\n","protected":false},"excerpt":{"rendered":"<p>No dia 13 de mar\u00e7o ocorrer\u00e1 a IV Feira de Marketing Social e M\u00eddias Alternativas (Femas) da Universidade Federal de Lavras (UFLA). O evento ser\u00e1 realizado das 15h \u00e0s 21h no c\u00e2mpus, no espa\u00e7o entre o Banco do Brasil e o Centro de Conviv\u00eancia da UFLA. Durante as atividades, haver\u00e1 a exposi\u00e7\u00e3o de projetos dos &hellip; <a href=\"https:\/\/www.ufla.br\/dcom\/2017\/03\/10\/iv-feira-de-marketing-social-e-midias-alternativas-sera-realizada-na-ufla\/\" class=\"more-link\">Continue lendo <span class=\"screen-reader-text\">IV Feira de Marketing Social e M\u00eddias Alternativas ser\u00e1 realizada na UFLA<\/span> <span class=\"meta-nav\">&rarr;<\/span><\/a><\/p>\n","protected":false},"author":20,"featured_media":0,"comment_status":"closed","ping_status":"closed","sticky":false,"template":"","format":"standard","meta":{"ngg_post_thumbnail":0,"footnotes":""},"categories":[10],"tags":[],"class_list":["post-127761","post","type-post","status-publish","format-standard","hentry","category-menores"],"_links":{"self":[{"href":"https:\/\/www.ufla.br\/dcom\/wp-json\/wp\/v2\/posts\/127761","targetHints":{"allow":["GET"]}}],"collection":[{"href":"https:\/\/www.ufla.br\/dcom\/wp-json\/wp\/v2\/posts"}],"about":[{"href":"https:\/\/www.ufla.br\/dcom\/wp-json\/wp\/v2\/types\/post"}],"author":[{"embeddable":true,"href":"https:\/\/www.ufla.br\/dcom\/wp-json\/wp\/v2\/users\/20"}],"replies":[{"embeddable":true,"href":"https:\/\/www.ufla.br\/dcom\/wp-json\/wp\/v2\/comments?post=127761"}],"version-history":[{"count":1,"href":"https:\/\/www.ufla.br\/dcom\/wp-json\/wp\/v2\/posts\/127761\/revisions"}],"predecessor-version":[{"id":127763,"href":"https:\/\/www.ufla.br\/dcom\/wp-json\/wp\/v2\/posts\/127761\/revisions\/127763"}],"wp:attachment":[{"href":"https:\/\/www.ufla.br\/dcom\/wp-json\/wp\/v2\/media?parent=127761"}],"wp:term":[{"taxonomy":"category","embeddable":true,"href":"https:\/\/www.ufla.br\/dcom\/wp-json\/wp\/v2\/categories?post=127761"},{"taxonomy":"post_tag","embeddable":true,"href":"https:\/\/www.ufla.br\/dcom\/wp-json\/wp\/v2\/tags?post=127761"}],"curies":[{"name":"wp","href":"https:\/\/api.w.org\/{rel}","templated":true}]}}