{"id":127564,"date":"2017-02-08T11:35:28","date_gmt":"2017-02-08T14:35:28","guid":{"rendered":"http:\/\/www.ufla.br\/ascom\/?p=127564"},"modified":"2017-02-10T07:16:23","modified_gmt":"2017-02-10T10:16:23","slug":"programa-de-apoio-a-qualificacao-dos-servidores-taes-lanca-edital-para-2017-inscricoes-ate-marco","status":"publish","type":"post","link":"https:\/\/www.ufla.br\/dcom\/2017\/02\/08\/programa-de-apoio-a-qualificacao-dos-servidores-taes-lanca-edital-para-2017-inscricoes-ate-marco\/","title":{"rendered":"Programa de Apoio \u00e0 Qualifica\u00e7\u00e3o dos Servidores TAE\u2019s lan\u00e7a edital para 2017 \u2013\u00a0 inscri\u00e7\u00f5es at\u00e9 mar\u00e7o"},"content":{"rendered":"<p><a href=\"http:\/\/www.ufla.br\/ascom\/wp-content\/uploads\/2016\/02\/qualificacao.jpg\"><img loading=\"lazy\" decoding=\"async\" class=\"alignleft size-medium wp-image-108042\" src=\"http:\/\/www.ufla.br\/ascom\/wp-content\/uploads\/2016\/02\/qualificacao-249x166.jpg\" alt=\"\" width=\"249\" height=\"166\" srcset=\"https:\/\/www.ufla.br\/dcom\/wp-content\/uploads\/2016\/02\/qualificacao-249x166.jpg 249w, https:\/\/www.ufla.br\/dcom\/wp-content\/uploads\/2016\/02\/qualificacao-612x408.jpg 612w, https:\/\/www.ufla.br\/dcom\/wp-content\/uploads\/2016\/02\/qualificacao.jpg 900w\" sizes=\"auto, (max-width: 249px) 100vw, 249px\" \/><\/a>O&nbsp; <strong>Programa de Apoio \u00e0 Qualifica\u00e7\u00e3o dos Servidores T\u00e9cnico-Administrativos em Educa\u00e7\u00e3o&nbsp;da UFLA<\/strong> est\u00e1 com prazo de inscri\u00e7\u00f5es abertas. Os interessados devem se inscrever at\u00e9 o dia 8 de mar\u00e7o. O Programa disponibiliza apoio financeiro mensal aos t\u00e9cnicos administrativos do quadro permanente, ativos, que estejam regularmente matriculados em curso pago (na modalidade presencial ou a&nbsp;dist\u00e2ncia, t\u00e9cnico, de gradua\u00e7\u00e3o, de especializa\u00e7\u00e3o e p\u00f3s-gradua\u00e7\u00e3o&nbsp;stricto sensu). O curso deve apresentar rela\u00e7\u00e3o direta com o cargo e\/ou ambiente organizacional.<\/p>\n<p>A inscri\u00e7\u00e3o para o Programa deve ser realizada&nbsp;pessoalmente&nbsp;na Coordenadoria de Capacita\u00e7\u00e3o e Avalia\u00e7\u00e3o\/DDP\/PRGDP, at\u00e9 as 17 horas do dia&nbsp;8\/3\/2017. O candidato dever\u00e1 entregar o Termo de Compromisso (dispon\u00edvel no Anexo I do edital), hist\u00f3rico escolar e documenta\u00e7\u00e3o que comprove seu v\u00ednculo com o curso. A lista com a documenta\u00e7\u00e3o necess\u00e1ria varia de acordo com o curso e deve ser vista no item 6 do edital.<\/p>\n<p>A avalia\u00e7\u00e3o dos candidatos levar\u00e1 em conta: a aus\u00eancia de t\u00edtulo de mesmo n\u00edvel para o qual o servidor esteja pretendendo a forma\u00e7\u00e3o; o tempo de servi\u00e7o na UFLA; e a remunera\u00e7\u00e3o. A rela\u00e7\u00e3o com as inscri\u00e7\u00f5es deferidas e indeferidas ser\u00e1 divulgada no site: <a href=\"http:\/\/www.prgdp.ufla.br\/\">http:\/\/www.prgdp.ufla.br\/<\/a>.<\/p>\n<p>O apoio financeiro concedido ao servidor \u00e9 de at\u00e9 80% do valor da mensalidade do curso, limitado ao valor m\u00e1ximo de R$ 300,00 por m\u00eas. Esse apoio ter\u00e1 dura\u00e7\u00e3o de 10 (dez) meses, para o per\u00edodo de mar\u00e7o a dezembro de 2017. No entanto, poder\u00e1 ser renovado, observando-se o tempo regular de dura\u00e7\u00e3o dos cursos t\u00e9cnicos, de gradua\u00e7\u00e3o e de especializa\u00e7\u00e3o. Tamb\u00e9m poder\u00e3o ser renovados para at\u00e9&nbsp;24 meses (Mestrado) e 48 meses (Doutorado), se houver disponibilidade or\u00e7ament\u00e1ria.<\/p>\n<p>O Programa busca promover o desenvolvimento institucional da UFLA por meio do desenvolvimento dos seus servidores. O&nbsp;<a href=\"http:\/\/www.prgdp.ufla.br\/site\/wp-content\/uploads\/2013\/11\/Ediital-10-2017-Sele%C3%A7%C3%A3o-Programa-de-Apoio-%C3%A0-Qualifica%C3%A7%C3%A3o.pdf\">Edital PRGDP n\u00ba 10\/2017<\/a>, assim como o&nbsp;<a href=\"http:\/\/www.prgdp.ufla.br\/site\/wp-content\/uploads\/2017\/02\/Anexo-Edital-10-2017-Termo-Compromisso-e-Formul%C3%A1rio-Inscri%C3%A7%C3%A3o.docx\">Termo de Compromisso e Formul\u00e1rio Inscri\u00e7\u00e3o<\/a>, est\u00e3o dispon\u00edveis na p\u00e1gina abaixo:<\/p>\n<p><a href=\"http:\/\/www.prgdp.ufla.br\/site\/2017\/02\/06\/apoio-a-qualificacao-2017-prgdp\/\">Programa de Apoio \u00e0 Qualifica\u00e7\u00e3o dos Servidores T\u00e9cnicos Administrativos \u2013 2017<\/a><\/p>\n<p>&nbsp;<\/p>\n<p><strong>Informa\u00e7\u00f5es \u2013 Coordenadoria de Capacita\u00e7\u00e3o e Avalia\u00e7\u00e3o \/ Coordenadoria de Gest\u00e3o de Compet\u00eancias\/DDP\/PRGDP:<\/strong><\/p>\n<ul>\n<li>Telefone: 3829-5152<\/li>\n<li>Shirley Michelle de Alc\u00e2ntara \u2013&nbsp;<a href=\"mailto:sma@prgdp.ufla.br\">sma@prgdp.ufla.br<\/a><\/li>\n<li>Elis\u00e2ngela Abreu Natividade \u2013&nbsp;<a href=\"mailto:elisangelaabreu@prgdp.ufla.br\">elisangelaabreu@prgdp.ufla.br<\/a><\/li>\n<li>Lilian Luciana da Silva \u2013&nbsp;<a href=\"mailto:lilian.silva@prgdp.ufla.br\">silva@prgdp.ufla.br<\/a><\/li>\n<\/ul>\n<p>&nbsp;<\/p>\n","protected":false},"excerpt":{"rendered":"<p>O&nbsp; Programa de Apoio \u00e0 Qualifica\u00e7\u00e3o dos Servidores T\u00e9cnico-Administrativos em Educa\u00e7\u00e3o&nbsp;da UFLA est\u00e1 com prazo de inscri\u00e7\u00f5es abertas. Os interessados devem se inscrever at\u00e9 o dia 8 de mar\u00e7o. O Programa disponibiliza apoio financeiro mensal aos t\u00e9cnicos administrativos do quadro permanente, ativos, que estejam regularmente matriculados em curso pago (na modalidade presencial ou a&nbsp;dist\u00e2ncia, t\u00e9cnico, &hellip; <a href=\"https:\/\/www.ufla.br\/dcom\/2017\/02\/08\/programa-de-apoio-a-qualificacao-dos-servidores-taes-lanca-edital-para-2017-inscricoes-ate-marco\/\" class=\"more-link\">Continue lendo <span class=\"screen-reader-text\">Programa de Apoio \u00e0 Qualifica\u00e7\u00e3o dos Servidores TAE\u2019s lan\u00e7a edital para 2017 \u2013\u00a0 inscri\u00e7\u00f5es at\u00e9 mar\u00e7o<\/span> <span class=\"meta-nav\">&rarr;<\/span><\/a><\/p>\n","protected":false},"author":8,"featured_media":0,"comment_status":"closed","ping_status":"closed","sticky":false,"template":"","format":"standard","meta":{"ngg_post_thumbnail":0,"footnotes":""},"categories":[10],"tags":[304,171],"class_list":["post-127564","post","type-post","status-publish","format-standard","hentry","category-menores","tag-prgdp","tag-qualificacao"],"_links":{"self":[{"href":"https:\/\/www.ufla.br\/dcom\/wp-json\/wp\/v2\/posts\/127564","targetHints":{"allow":["GET"]}}],"collection":[{"href":"https:\/\/www.ufla.br\/dcom\/wp-json\/wp\/v2\/posts"}],"about":[{"href":"https:\/\/www.ufla.br\/dcom\/wp-json\/wp\/v2\/types\/post"}],"author":[{"embeddable":true,"href":"https:\/\/www.ufla.br\/dcom\/wp-json\/wp\/v2\/users\/8"}],"replies":[{"embeddable":true,"href":"https:\/\/www.ufla.br\/dcom\/wp-json\/wp\/v2\/comments?post=127564"}],"version-history":[{"count":1,"href":"https:\/\/www.ufla.br\/dcom\/wp-json\/wp\/v2\/posts\/127564\/revisions"}],"predecessor-version":[{"id":127565,"href":"https:\/\/www.ufla.br\/dcom\/wp-json\/wp\/v2\/posts\/127564\/revisions\/127565"}],"wp:attachment":[{"href":"https:\/\/www.ufla.br\/dcom\/wp-json\/wp\/v2\/media?parent=127564"}],"wp:term":[{"taxonomy":"category","embeddable":true,"href":"https:\/\/www.ufla.br\/dcom\/wp-json\/wp\/v2\/categories?post=127564"},{"taxonomy":"post_tag","embeddable":true,"href":"https:\/\/www.ufla.br\/dcom\/wp-json\/wp\/v2\/tags?post=127564"}],"curies":[{"name":"wp","href":"https:\/\/api.w.org\/{rel}","templated":true}]}}