{"id":127526,"date":"2017-02-07T10:54:48","date_gmt":"2017-02-07T13:54:48","guid":{"rendered":"http:\/\/www.ufla.br\/ascom\/?p=127526"},"modified":"2017-02-20T13:05:16","modified_gmt":"2017-02-20T16:05:16","slug":"proposta-de-plano-de-desenvolvimento-institucional-da-ufla-foi-apresentada-a-comunidade-e-permanece-disponivel-para-consulta-e-sugestoes","status":"publish","type":"post","link":"https:\/\/www.ufla.br\/dcom\/2017\/02\/07\/proposta-de-plano-de-desenvolvimento-institucional-da-ufla-foi-apresentada-a-comunidade-e-permanece-disponivel-para-consulta-e-sugestoes\/","title":{"rendered":"Proposta de Plano de Desenvolvimento Institucional da UFLA recebe sugest\u00f5es at\u00e9 19\/2"},"content":{"rendered":"<p><a href=\"http:\/\/www.ufla.br\/ascom\/wp-content\/uploads\/2017\/02\/pdi2.jpg\"><img loading=\"lazy\" decoding=\"async\" class=\"alignright size-medium wp-image-127528\" src=\"http:\/\/www.ufla.br\/ascom\/wp-content\/uploads\/2017\/02\/pdi2-249x165.jpg\" alt=\"\" width=\"249\" height=\"165\" srcset=\"https:\/\/www.ufla.br\/dcom\/wp-content\/uploads\/2017\/02\/pdi2-249x165.jpg 249w, https:\/\/www.ufla.br\/dcom\/wp-content\/uploads\/2017\/02\/pdi2-768x508.jpg 768w, https:\/\/www.ufla.br\/dcom\/wp-content\/uploads\/2017\/02\/pdi2-612x405.jpg 612w, https:\/\/www.ufla.br\/dcom\/wp-content\/uploads\/2017\/02\/pdi2.jpg 1123w\" sizes=\"auto, (max-width: 249px) 100vw, 249px\" \/><\/a><\/p>\n<p>Foi ampliado para at\u00e9 19 de fevereiro o prazo para enviar contribui\u00e7\u00f5es ao Plano de Desenvolvimento Institucional da Universidade Federal de Lavras (PDI\/UFLA). O documento est\u00e1 dispon\u00edvel em <a href=\"http:\/\/www.ufla.br\/pdi\">www.ufla.br\/pdi<\/a> \u2013 nesse endere\u00e7o, servidores, estudantes e membros da comunidade em geral podem enviar sugest\u00f5es e visualizar as propostas. O PDI apresenta os objetivos, metas e a\u00e7\u00f5es institucionais priorit\u00e1rias ao desenvolvimento da Universidade. &nbsp;Nele, constam as a\u00e7\u00f5es que poder\u00e3o guiar a UFLA ao longo do quinqu\u00eanio at\u00e9 2020.<\/p>\n<p>A proposta do novo PDI\/UFLA foi compartilhada com a comunidade na sexta-feira (3\/2), em tr\u00eas sess\u00f5es p\u00fablicas. O evento ocorreu no anfiteatro do Departamento de Ci\u00eancias Humanas (DCH) em hor\u00e1rios programados para atender aos diferentes p\u00fablicos (manh\u00e3, tarde e noite). Ao final das apresenta\u00e7\u00f5es, os participantes puderam apresentar sugest\u00f5es e debater todos os pontos de interesse.&nbsp;<\/p>\n<p>Durante as sess\u00f5es, foi apresentada a estrutura do documento e os objetivos estrat\u00e9gicos que poder\u00e3o guiar as a\u00e7\u00f5es da Institui\u00e7\u00e3o ao longo do quinqu\u00eanio&nbsp;que termina em 2020. S\u00e3o propostas que se concentram em torno da miss\u00e3o de consolidar as iniciativas j\u00e1 em andamento e aprimor\u00e1-las, al\u00e9m de trazerem a proposi\u00e7\u00e3o de cria\u00e7\u00e3o de novas a\u00e7\u00f5es. Foram tamb\u00e9m expostos objetivos planejados nas \u00e1reas de gradua\u00e7\u00e3o (presencial e a dist\u00e2ncia); pesquisa; extens\u00e3o; p\u00f3s-gradua\u00e7\u00e3o; internacionaliza\u00e7\u00e3o; comunica\u00e7\u00e3o; assuntos estudantis e comunit\u00e1rios; gest\u00e3o de pessoas; planejamento e gest\u00e3o; ambiental; infraestrutura para ensino, pesquisa e extens\u00e3o; preserva\u00e7\u00e3o patrimonial; atividades arquiv\u00edsticas; tecnologia da informa\u00e7\u00e3o e biblioteca. A proposta em toda a sua extens\u00e3o pode&nbsp;ser consultada na \u00edntegra do arquivo.<\/p>\n<p><a href=\"http:\/\/www.ufla.br\/ascom\/wp-content\/uploads\/2017\/02\/pdi1.jpg\"><img loading=\"lazy\" decoding=\"async\" class=\"alignleft size-medium wp-image-127529\" src=\"http:\/\/www.ufla.br\/ascom\/wp-content\/uploads\/2017\/02\/pdi1-249x166.jpg\" alt=\"\" width=\"249\" height=\"166\" srcset=\"https:\/\/www.ufla.br\/dcom\/wp-content\/uploads\/2017\/02\/pdi1-249x166.jpg 249w, https:\/\/www.ufla.br\/dcom\/wp-content\/uploads\/2017\/02\/pdi1-768x513.jpg 768w, https:\/\/www.ufla.br\/dcom\/wp-content\/uploads\/2017\/02\/pdi1-612x409.jpg 612w, https:\/\/www.ufla.br\/dcom\/wp-content\/uploads\/2017\/02\/pdi1.jpg 1133w\" sizes=\"auto, (max-width: 249px) 100vw, 249px\" \/><\/a>Duas comiss\u00f5es atuaram de forma sequencial para a organiza\u00e7\u00e3o da proposta do Plano, a partir das propostas de base&nbsp;desenvolvidas pelos diferentes \u00f3rg\u00e3os da UFLA e suas equipes. A estrutura adotada segue orienta\u00e7\u00f5es do Sistema de Acompanhamento de Processos das Institui\u00e7\u00f5es de Ensino Superior (<a href=\"http:\/\/www2.mec.gov.br\/sapiens\/pdi.html\">Sapiens<\/a>), do Minist\u00e9rio da Educa\u00e7\u00e3o (<a href=\"http:\/\/www.mec.gov.br\/\">MEC<\/a>).<\/p>\n<p><strong>Mais sobre o PDI<\/strong><\/p>\n<p>Os dispositivos legais de orienta\u00e7\u00e3o \u00e0 elabora\u00e7\u00e3o de PDI est\u00e3o em uma base diversa: Lei N\u00ba 9.394\/1996 (LDB), Decreto n. 5.773\/2006, Lei N\u00ba 10.861\/2004, Decreto N\u00ba 2.494\/1998, Decreto N\u00ba 5.224\/2004; Portaria MEC N\u00ba 1.466\/2001, Portaria MEC N\u00ba 2.253\/2001, Portaria MEC N\u00ba 3.284\/2003, Portaria MEC N\u00ba 7\/2004, Portaria MEC N\u00ba 2.051\/2004, Portaria MEC n\u00ba 4.361\/2004, Portarias Normativas n.1\/2007, Portaria Normativa n, 2\/2007, Resolu\u00e7\u00e3o CES\/CNE No 2\/1998, Resolu\u00e7\u00e3o CNE\/CP No 1\/1999, Resolu\u00e7\u00e3o CES\/CNE N\u00ba 1\/2001, Resolu\u00e7\u00e3o CP\/CNE N\u00ba 1\/2002 (art.7\u00ba), Parecer CES\/CNE N\u00ba 1.070\/1999.<\/p>\n<h5>Com contribui\u00e7\u00f5es de Camila Caetano e Mateus Lima.<\/h5>\n<p><strong>Assista tamb\u00e9m \u00e0 mat\u00e9ria da TV Universit\u00e1ria:&nbsp;<\/strong><\/p>\n<p><iframe loading=\"lazy\" title=\"Apresenta\u00e7\u00e3o do PDI UFLA\" width=\"474\" height=\"267\" src=\"https:\/\/www.youtube.com\/embed\/3vN9fzmWeV8?feature=oembed\" frameborder=\"0\" allow=\"accelerometer; autoplay; clipboard-write; encrypted-media; gyroscope; picture-in-picture; web-share\" referrerpolicy=\"strict-origin-when-cross-origin\" allowfullscreen><\/iframe><\/p>\n","protected":false},"excerpt":{"rendered":"<p>A proposta do novo Plano de Desenvolvimento Institucional da Universidade Federal de Lavras (PDI\/UFLA) foi compartilhada com a comunidade na sexta-feira (3\/2), em tr\u00eas (&#8230;)<\/p>\n","protected":false},"author":13,"featured_media":0,"comment_status":"closed","ping_status":"closed","sticky":false,"template":"","format":"standard","meta":{"ngg_post_thumbnail":0,"footnotes":""},"categories":[1,10],"tags":[1872,13],"class_list":["post-127526","post","type-post","status-publish","format-standard","hentry","category-noticias","category-menores","tag-plano-de-desenvolvimento-institucional","tag-ufla"],"_links":{"self":[{"href":"https:\/\/www.ufla.br\/dcom\/wp-json\/wp\/v2\/posts\/127526","targetHints":{"allow":["GET"]}}],"collection":[{"href":"https:\/\/www.ufla.br\/dcom\/wp-json\/wp\/v2\/posts"}],"about":[{"href":"https:\/\/www.ufla.br\/dcom\/wp-json\/wp\/v2\/types\/post"}],"author":[{"embeddable":true,"href":"https:\/\/www.ufla.br\/dcom\/wp-json\/wp\/v2\/users\/13"}],"replies":[{"embeddable":true,"href":"https:\/\/www.ufla.br\/dcom\/wp-json\/wp\/v2\/comments?post=127526"}],"version-history":[{"count":14,"href":"https:\/\/www.ufla.br\/dcom\/wp-json\/wp\/v2\/posts\/127526\/revisions"}],"predecessor-version":[{"id":127702,"href":"https:\/\/www.ufla.br\/dcom\/wp-json\/wp\/v2\/posts\/127526\/revisions\/127702"}],"wp:attachment":[{"href":"https:\/\/www.ufla.br\/dcom\/wp-json\/wp\/v2\/media?parent=127526"}],"wp:term":[{"taxonomy":"category","embeddable":true,"href":"https:\/\/www.ufla.br\/dcom\/wp-json\/wp\/v2\/categories?post=127526"},{"taxonomy":"post_tag","embeddable":true,"href":"https:\/\/www.ufla.br\/dcom\/wp-json\/wp\/v2\/tags?post=127526"}],"curies":[{"name":"wp","href":"https:\/\/api.w.org\/{rel}","templated":true}]}}