{"id":127359,"date":"2017-01-30T07:19:24","date_gmt":"2017-01-30T10:19:24","guid":{"rendered":"http:\/\/www.ufla.br\/ascom\/?p=127359"},"modified":"2017-02-07T14:24:18","modified_gmt":"2017-02-07T17:24:18","slug":"proposta-para-novo-plano-de-desenvolvimento-institucional-pdi-sera-apresentada-no-dia-32","status":"publish","type":"post","link":"https:\/\/www.ufla.br\/dcom\/2017\/01\/30\/proposta-para-novo-plano-de-desenvolvimento-institucional-pdi-sera-apresentada-no-dia-32\/","title":{"rendered":"Proposta de novo Plano de Desenvolvimento Institucional ser\u00e1 apresentada na sexta (3\/2)"},"content":{"rendered":"<p><img loading=\"lazy\" decoding=\"async\" class=\"alignright wp-image-127559 size-medium\" src=\"http:\/\/www.ufla.br\/ascom\/wp-content\/uploads\/2017\/01\/pdi2016-2020-1-249x156.jpg\" width=\"249\" height=\"156\">O Plano de Desenvolvimento Institucional (PDI) \u00e9 o documento que expressa a identidade da Institui\u00e7\u00e3o no que diz respeito \u00e0 sua filosofia de trabalho, \u00e0 miss\u00e3o como institui\u00e7\u00e3o p\u00fablica, \u00e0 estrutura organizacional e \u00e0s diretrizes administrativas e pedag\u00f3gicas que orientam suas a\u00e7\u00f5es. Trata-se do documento em que s\u00e3o apresentados os objetivos, as metas e as a\u00e7\u00f5es institucionais priorit\u00e1rias ao desenvolvimento da Universidade.<\/p>\n<p>A proposta para o novo PDI da Universidade Federal de Lavras (UFLA) ser\u00e1 apresentada \u00e0 comunidade acad\u00eamica no dia 3\/2 (sexta-feira), no anfiteatro do Departamento de Ci\u00eancias Humanas (DCH). Ser\u00e3o tr\u00eas sess\u00f5es de apresenta\u00e7\u00e3o para atender aos diferentes p\u00fablicos: das 8 \u00e0s 11 horas, das 14 \u00e0s 17 horas e das 19 \u00e0s 22 horas.<\/p>\n<p>O documento foi estruturado com a participa\u00e7\u00e3o das pr\u00f3-reitorias, unidades administrativas e setores, com a coordena\u00e7\u00e3o de uma comiss\u00e3o designada para a elabora\u00e7\u00e3o do PDI 2016-2020.<\/p>\n<p>Participe e contribua para o fortalecimento da UFLA.<\/p>\n<p><a href=\"http:\/\/ufla.br\/pdi\/\" target=\"_blank\">Conhe\u00e7a a proposta do PDI e d\u00ea a sua opini\u00e3o pelo site www.ufla.br\/pdi.<\/a><\/p>\n","protected":false},"excerpt":{"rendered":"<p>A proposta para o novo PDI ser\u00e1 apresentada \u00e0 comunidade acad\u00eamica no dia 3\/2, no anfiteatro do Departamento de Ci\u00eancias Humanas (DCH). Participe e contribua para o fortalecimento da UFLA.<\/p>\n","protected":false},"author":6,"featured_media":0,"comment_status":"closed","ping_status":"closed","sticky":false,"template":"","format":"standard","meta":{"ngg_post_thumbnail":0,"footnotes":""},"categories":[1],"tags":[],"class_list":["post-127359","post","type-post","status-publish","format-standard","hentry","category-noticias"],"_links":{"self":[{"href":"https:\/\/www.ufla.br\/dcom\/wp-json\/wp\/v2\/posts\/127359","targetHints":{"allow":["GET"]}}],"collection":[{"href":"https:\/\/www.ufla.br\/dcom\/wp-json\/wp\/v2\/posts"}],"about":[{"href":"https:\/\/www.ufla.br\/dcom\/wp-json\/wp\/v2\/types\/post"}],"author":[{"embeddable":true,"href":"https:\/\/www.ufla.br\/dcom\/wp-json\/wp\/v2\/users\/6"}],"replies":[{"embeddable":true,"href":"https:\/\/www.ufla.br\/dcom\/wp-json\/wp\/v2\/comments?post=127359"}],"version-history":[{"count":12,"href":"https:\/\/www.ufla.br\/dcom\/wp-json\/wp\/v2\/posts\/127359\/revisions"}],"predecessor-version":[{"id":127560,"href":"https:\/\/www.ufla.br\/dcom\/wp-json\/wp\/v2\/posts\/127359\/revisions\/127560"}],"wp:attachment":[{"href":"https:\/\/www.ufla.br\/dcom\/wp-json\/wp\/v2\/media?parent=127359"}],"wp:term":[{"taxonomy":"category","embeddable":true,"href":"https:\/\/www.ufla.br\/dcom\/wp-json\/wp\/v2\/categories?post=127359"},{"taxonomy":"post_tag","embeddable":true,"href":"https:\/\/www.ufla.br\/dcom\/wp-json\/wp\/v2\/tags?post=127359"}],"curies":[{"name":"wp","href":"https:\/\/api.w.org\/{rel}","templated":true}]}}