{"id":127335,"date":"2017-01-27T07:36:08","date_gmt":"2017-01-27T10:36:08","guid":{"rendered":"http:\/\/www.ufla.br\/ascom\/?p=127335"},"modified":"2017-01-31T16:46:15","modified_gmt":"2017-01-31T19:46:15","slug":"sisu-2017-inscricao-pode-ser-realizada-ate-29-de-janeiro-estude-na-ufla","status":"publish","type":"post","link":"https:\/\/www.ufla.br\/dcom\/2017\/01\/27\/sisu-2017-inscricao-pode-ser-realizada-ate-29-de-janeiro-estude-na-ufla\/","title":{"rendered":"SiSU 2017: inscri\u00e7\u00e3o pode ser realizada at\u00e9 29 de janeiro \u2013 estude na UFLA!"},"content":{"rendered":"<p><iframe loading=\"lazy\" title=\"Venha estudar na UFLA!\" width=\"474\" height=\"267\" src=\"https:\/\/www.youtube.com\/embed\/o2YbmDzKdWk?feature=oembed\" frameborder=\"0\" allow=\"accelerometer; autoplay; clipboard-write; encrypted-media; gyroscope; picture-in-picture; web-share\" referrerpolicy=\"strict-origin-when-cross-origin\" allowfullscreen><\/iframe><\/p>\n<p>O Minist\u00e9rio da Educa\u00e7\u00e3o (MEC) anunciou nesta quinta-feira (26\/1) a prorroga\u00e7\u00e3o nas inscri\u00e7\u00f5es do Sistema de Sele\u00e7\u00e3o Unificada (SiSU), que poder\u00e3o ser realizadas at\u00e9 o pr\u00f3ximo domingo (29\/1) no site <a href=\"http:\/\/www.sisu.mec.gov.br\/\"><strong>sisu.mec.gov.br<\/strong><\/a>.<\/p>\n<p>Por meio do SiSU, os participantes do&nbsp;Exame Nacional do Ensino M\u00e9dio (Enem 2016) concorrem a vagas de ensino superior em institui\u00e7\u00f5es p\u00fablicas. Os estudantes que participaram do Enem 2016 e que obtiveram nota na reda\u00e7\u00e3o superior a zero poder\u00e3o se inscrever no Sisu 2017. Ser\u00e1 necess\u00e1rio informar o n\u00famero de inscri\u00e7\u00e3o e a senha usados no Enem de 2016.<img loading=\"lazy\" decoding=\"async\" class=\" wp-image-127262 alignright\" src=\"http:\/\/www.ufla.br\/ascom\/wp-content\/uploads\/2017\/01\/sisu-2017-1-249x166.jpg\" alt=\"\" width=\"251\" height=\"167\" srcset=\"https:\/\/www.ufla.br\/dcom\/wp-content\/uploads\/2017\/01\/sisu-2017-1-249x166.jpg 249w, https:\/\/www.ufla.br\/dcom\/wp-content\/uploads\/2017\/01\/sisu-2017-1-768x512.jpg 768w, https:\/\/www.ufla.br\/dcom\/wp-content\/uploads\/2017\/01\/sisu-2017-1-612x408.jpg 612w, https:\/\/www.ufla.br\/dcom\/wp-content\/uploads\/2017\/01\/sisu-2017-1.jpg 900w\" sizes=\"auto, (max-width: 251px) 100vw, 251px\" \/><\/p>\n<p>A Universidade Federal de Lavras (UFLA) disponibiliza 783 vagas para os candidatos provenientes do SiSU \u2013 ou seja, 60% da oferta para o primeiro per\u00edodo letivo. J\u00e1 outras 522 vagas, 40%, s\u00e3o destinadas para os estudantes oriundos do Processo de Avalia\u00e7\u00e3o Seriada (PAS). No total, a UFLA oferta 1305 vagas no primeiro per\u00edodo letivo. Das vagas do SiSU, 390 s\u00e3o para candidatos de ampla concorr\u00eancia e 393 para cotistas (em obedi\u00eancia \u00e0 Lei 12.711\/2012).<\/p>\n<p>No site da Diretoria de Processos Seletivos h\u00e1 uma&nbsp;<a href=\"http:\/\/www.dips.ufla.br\/copese\/processoDetail.asp?id=95\"><strong>p\u00e1gina dedicada ao SiSU 2017\/1<\/strong><\/a>. Nela, \u00e9 poss\u00edvel visualizar as 26 op\u00e7\u00f5es de escolha de cursos para o estudante. Entre elas, est\u00e1 a op\u00e7\u00e3o \u00c1rea B\u00e1sica de Ingresso (<a href=\"http:\/\/www.prg.ufla.br\/site\/cursos\/abi-engenharias\/\"><strong>ABI-Engenharia<\/strong><\/a>), que inclui quatro cursos de Engenharia: Civil, de Materiais, Mec\u00e2nica e Qu\u00edmica. O estudante ingressante em ABI-Engenharia poder\u00e1 fazer a op\u00e7\u00e3o por seu curso, com base nos resultados de seu desempenho acad\u00eamico, depois que cursar o primeiro per\u00edodo com disciplinas do N\u00facleo de Conte\u00fados Curriculares Comuns das Engenharias (NCCE).<\/p>\n<p>O processo seletivo do Sisu possui uma \u00fanica etapa de inscri\u00e7\u00e3o. O candidato poder\u00e1 se inscrever no SiSU (<a href=\"http:\/\/sisu.mec.gov.br\/\"><strong>sisu.mec.gov.br\/<\/strong><\/a>) em at\u00e9 duas op\u00e7\u00f5es de vaga e deve especific\u00e1-las, em ordem de prefer\u00eancia, em institui\u00e7\u00e3o de ensino superior participante, local de oferta, curso e turno. O candidato tamb\u00e9m deve definir se deseja concorrer a vagas de ampla concorr\u00eancia, a vagas reservadas de acordo com a Lei n\u00ba 12.711\/2012 ou a vagas destinadas \u00e0s demais pol\u00edticas afirmativas das institui\u00e7\u00f5es. O sistema indicar\u00e1 as notas de corte para cada curso ao estudante, que vai poder alterar as op\u00e7\u00f5es de curso de acordo com a nota.<\/p>\n<p><strong>Cronograma<\/strong><\/p>\n<p>O resultado (chamada regular) do SiSU ser\u00e1 disponibilizada em 30 de janeiro. Os candidatos selecionados far\u00e3o a matr\u00edcula de 3 a 7 de fevereiro. Os n\u00e3o selecionados ter\u00e3o a op\u00e7\u00e3o de manifestar interesse em participar da lista de espera, no per\u00edodo de 30\/1 a 10\/2.<\/p>\n<p><a href=\"http:\/\/www.dips.ufla.br\/copese\/processoDetail.asp?id=95\"><strong>Veja aqui outras informa\u00e7\u00f5es sobre o SiSU na UFLA<\/strong><\/a>&nbsp;(termo de ades\u00e3o, cronograma, peso das \u00e1reas no Enem, notas de corte anteriores e legisla\u00e7\u00e3o).<\/p>\n<p><a href=\"http:\/\/bit.ly\/cursos-ufla-graduacao\"><strong>Confira aqui a lista de cursos de gradua\u00e7\u00e3o da UFLA<\/strong><\/a>.<\/p>\n<p><strong>Nota do MEC a respeito da prorroga\u00e7\u00e3o do Sisu:<\/strong><\/p>\n<ol>\n<li>Em aten\u00e7\u00e3o aos estudantes que manifestaram o pedido e em virtude das dificuldades de acesso ao Sistema de Sele\u00e7\u00e3o Unificada (Sisu) nos primeiros dias, o MEC decidiu prorrogar o prazo de inscri\u00e7\u00f5es em 48 horas, ou seja, at\u00e9 o pr\u00f3ximo domingo, 29 de janeiro, \u00e0s 23h59 (hor\u00e1rio de Bras\u00edlia). A divulga\u00e7\u00e3o dos resultados est\u00e1 mantida para segunda-feira, dia 30;<\/li>\n<li>O Sisu registrou at\u00e9 as 18h desta quinta-feira 2.090.451 de inscritos e 4.033.178 de inscri\u00e7\u00f5es. Vale lembrar que cada candidato pode escolher at\u00e9 duas op\u00e7\u00f5es de curso;<\/li>\n<li>O \u00fanico crit\u00e9rio para a aprova\u00e7\u00e3o \u00e9 a nota do Enem 2016; n\u00e3o importa o dia em que o candidato fa\u00e7a a inscri\u00e7\u00e3o;<\/li>\n<li>As inconsist\u00eancias encontradas no sistema, que dificultavam o acesso de candidatos das primeira e segunda aplica\u00e7\u00f5es, foram sanadas. Se houver qualquer outro problema pontual, o candidato deve entrar em contato com o MEC por meio do telefone 0800-616161 ou pelo e-mail<a href=\"mailto:ouvidoria@mec.gov.br\">ouvidoria@mec.gov.br<\/a>.<\/li>\n<\/ol>\n<p><strong>Camila Caetano \u2013 jornalista\/ bolsista UFLA e Mateus Lima\u2013 jornalista DCOM\/UFLA. <\/strong><\/p>\n","protected":false},"excerpt":{"rendered":"<p>O MEC anunciou nesta quinta-feira (26\/1) a prorroga\u00e7\u00e3o nas inscri\u00e7\u00f5es do Sistema de Sele\u00e7\u00e3o Unificada, que poder\u00e3o ser realizadas at\u00e9 o pr\u00f3ximo domingo (29\/1) no site sisu.mec.gov.br.<\/p>\n","protected":false},"author":20,"featured_media":0,"comment_status":"closed","ping_status":"closed","sticky":false,"template":"","format":"standard","meta":{"ngg_post_thumbnail":0,"footnotes":""},"categories":[1,10],"tags":[],"class_list":["post-127335","post","type-post","status-publish","format-standard","hentry","category-noticias","category-menores"],"_links":{"self":[{"href":"https:\/\/www.ufla.br\/dcom\/wp-json\/wp\/v2\/posts\/127335","targetHints":{"allow":["GET"]}}],"collection":[{"href":"https:\/\/www.ufla.br\/dcom\/wp-json\/wp\/v2\/posts"}],"about":[{"href":"https:\/\/www.ufla.br\/dcom\/wp-json\/wp\/v2\/types\/post"}],"author":[{"embeddable":true,"href":"https:\/\/www.ufla.br\/dcom\/wp-json\/wp\/v2\/users\/20"}],"replies":[{"embeddable":true,"href":"https:\/\/www.ufla.br\/dcom\/wp-json\/wp\/v2\/comments?post=127335"}],"version-history":[{"count":9,"href":"https:\/\/www.ufla.br\/dcom\/wp-json\/wp\/v2\/posts\/127335\/revisions"}],"predecessor-version":[{"id":127344,"href":"https:\/\/www.ufla.br\/dcom\/wp-json\/wp\/v2\/posts\/127335\/revisions\/127344"}],"wp:attachment":[{"href":"https:\/\/www.ufla.br\/dcom\/wp-json\/wp\/v2\/media?parent=127335"}],"wp:term":[{"taxonomy":"category","embeddable":true,"href":"https:\/\/www.ufla.br\/dcom\/wp-json\/wp\/v2\/categories?post=127335"},{"taxonomy":"post_tag","embeddable":true,"href":"https:\/\/www.ufla.br\/dcom\/wp-json\/wp\/v2\/tags?post=127335"}],"curies":[{"name":"wp","href":"https:\/\/api.w.org\/{rel}","templated":true}]}}