{"id":127259,"date":"2017-01-19T17:00:08","date_gmt":"2017-01-19T20:00:08","guid":{"rendered":"http:\/\/www.ufla.br\/ascom\/?p=127259"},"modified":"2017-01-27T07:36:23","modified_gmt":"2017-01-27T10:36:23","slug":"sisu-2017-inscricoes-irao-de-24-a-27-de-janeiro-estude-na-ufla","status":"publish","type":"post","link":"https:\/\/www.ufla.br\/dcom\/2017\/01\/19\/sisu-2017-inscricoes-irao-de-24-a-27-de-janeiro-estude-na-ufla\/","title":{"rendered":"SiSU 2017: inscri\u00e7\u00f5es ir\u00e3o de 24 a 27 de janeiro \u2013 estude na UFLA!"},"content":{"rendered":"<p><a href=\"http:\/\/www.ufla.br\/ascom\/wp-content\/uploads\/2017\/01\/sisu-2017-1.jpg\"><img loading=\"lazy\" decoding=\"async\" class=\"alignleft size-medium wp-image-127262\" src=\"http:\/\/www.ufla.br\/ascom\/wp-content\/uploads\/2017\/01\/sisu-2017-1-249x166.jpg\" alt=\"\" width=\"249\" height=\"166\" srcset=\"https:\/\/www.ufla.br\/dcom\/wp-content\/uploads\/2017\/01\/sisu-2017-1-249x166.jpg 249w, https:\/\/www.ufla.br\/dcom\/wp-content\/uploads\/2017\/01\/sisu-2017-1-768x512.jpg 768w, https:\/\/www.ufla.br\/dcom\/wp-content\/uploads\/2017\/01\/sisu-2017-1-612x408.jpg 612w, https:\/\/www.ufla.br\/dcom\/wp-content\/uploads\/2017\/01\/sisu-2017-1.jpg 900w\" sizes=\"auto, (max-width: 249px) 100vw, 249px\" \/><\/a>No dia 18 de janeiro, o Minist\u00e9rio da Educa\u00e7\u00e3o (MEC) divulgou, pela internet, as notas obtidas no Exame Nacional do Ensino M\u00e9dio (Enem 2016). Elas ser\u00e3o utilizadas pelos candidatos no processo seletivo do <strong>Sistema de Sele\u00e7\u00e3o Unificada (SiSU), que ter\u00e1 inscri\u00e7\u00f5es abertas de 24 a 27 de janeiro<\/strong>. Os candidatos poder\u00e3o se inscrever em <a href=\"http:\/\/www.sisu.mec.gov.br\">sisu.mec.gov.br<\/a>.<\/p>\n<p>Por meio do SiSU, os participantes do Enem concorrem a vagas de ensino superior em institui\u00e7\u00f5es p\u00fablicas. Os estudantes que participaram do Enem 2016 e que obtiveram nota na reda\u00e7\u00e3o superior a zero poder\u00e3o se inscrever no Sisu 2017. Ser\u00e1 necess\u00e1rio informar o n\u00famero de inscri\u00e7\u00e3o e a senha usados no Enem de 2016.<\/p>\n<p>A Universidade Federal de Lavras (UFLA) disponibiliza 783 vagas para os candidatos provenientes do SiSU \u2013 ou seja, 60% da oferta para o primeiro per\u00edodo letivo. J\u00e1 outras 522 vagas, 40%, s\u00e3o destinadas para os estudantes oriundos do Processo de Avalia\u00e7\u00e3o Seriada (PAS). No total, a UFLA oferta 1305 vagas no primeiro per\u00edodo letivo. Das vagas do SiSU, 390 s\u00e3o para candidatos de ampla concorr\u00eancia e 393 para cotistas (em obedi\u00eancia \u00e0 Lei 12.711\/2012).<\/p>\n<p>No site da Diretoria de Processos Seletivos h\u00e1 uma <a href=\"http:\/\/www.dips.ufla.br\/copese\/processoDetail.asp?id=95\">p\u00e1gina dedicada ao SiSU 2017\/1<\/a>. Nela, \u00e9 poss\u00edvel visualizar as 26 op\u00e7\u00f5es de escolha de cursos para o estudante. Entre elas, est\u00e1 a op\u00e7\u00e3o \u00c1rea B\u00e1sica de Ingresso (<a href=\"http:\/\/www.prg.ufla.br\/site\/cursos\/abi-engenharias\/\">ABI-Engenharia<\/a>), que inclui quatro cursos de Engenharia: Civil, de Materiais, Mec\u00e2nica e Qu\u00edmica. O estudante ingressante em ABI-Engenharia poder\u00e1 fazer a op\u00e7\u00e3o por seu curso, com base nos resultados de seu desempenho acad\u00eamico, depois que cursar o primeiro per\u00edodo com disciplinas do N\u00facleo de Conte\u00fados Curriculares Comuns das Engenharias (NCCE).<\/p>\n<p><strong>Mais sobre o SiSU<\/strong><\/p>\n<p>O processo seletivo do Sisu possui uma \u00fanica etapa de inscri\u00e7\u00e3o. O candidato poder\u00e1 se inscrever no SiSU (<a href=\"http:\/\/sisu.mec.gov.br\/\">sisu.mec.gov.br\/<\/a>) em at\u00e9 duas op\u00e7\u00f5es de vaga e deve especific\u00e1-las, em ordem de prefer\u00eancia, em institui\u00e7\u00e3o de ensino superior participante, local de oferta, curso e turno. O candidato tamb\u00e9m deve definir se deseja concorrer a vagas de ampla concorr\u00eancia, a vagas reservadas de acordo com a Lei n\u00ba 12.711\/2012 ou a vagas destinadas \u00e0s demais pol\u00edticas afirmativas das institui\u00e7\u00f5es. O sistema indicar\u00e1 as notas de corte para cada curso ao estudante, que vai poder alterar as op\u00e7\u00f5es de curso de acordo com a nota.<\/p>\n<p><strong>Cronograma<\/strong><\/p>\n<p>O resultado (chamada regular) do SiSU ser\u00e1 disponibilizada em 30 de janeiro. Os candidatos selecionados far\u00e3o a matr\u00edcula de 3 a 7 de fevereiro. Os n\u00e3o selecionados ter\u00e3o a op\u00e7\u00e3o de manifestar interesse em participar da lista de espera, no per\u00edodo de 30\/1 a 10\/2.<\/p>\n<p><a href=\"http:\/\/www.dips.ufla.br\/copese\/processoDetail.asp?id=95\">Veja aqui outras informa\u00e7\u00f5es sobre o SiSU na UFLA<\/a> (termo de ades\u00e3o, cronograma, peso das \u00e1reas no Enem, notas de corte anteriores e legisla\u00e7\u00e3o).<\/p>\n<p><a href=\"http:\/\/bit.ly\/cursos-ufla-graduacao\">Confira aqui a lista de cursos de gradua\u00e7\u00e3o da UFLA<\/a>.<\/p>\n<p>&nbsp;<\/p>\n","protected":false},"excerpt":{"rendered":"<p>Por meio do SiSU, os participantes do Enem concorrem a vagas de ensino superior em institui\u00e7\u00f5es p\u00fablicas.  A Universidade Federal de Lavras (UFLA) disponibiliza 783 vagas para os candidatos provenientes do SiSU.<\/p>\n","protected":false},"author":8,"featured_media":0,"comment_status":"closed","ping_status":"closed","sticky":false,"template":"","format":"standard","meta":{"ngg_post_thumbnail":0,"footnotes":""},"categories":[1],"tags":[178,34,247,1868],"class_list":["post-127259","post","type-post","status-publish","format-standard","hentry","category-noticias","tag-ingresso-na-ufla-2","tag-processo-seletivo","tag-sisu","tag-sisu-2017"],"_links":{"self":[{"href":"https:\/\/www.ufla.br\/dcom\/wp-json\/wp\/v2\/posts\/127259","targetHints":{"allow":["GET"]}}],"collection":[{"href":"https:\/\/www.ufla.br\/dcom\/wp-json\/wp\/v2\/posts"}],"about":[{"href":"https:\/\/www.ufla.br\/dcom\/wp-json\/wp\/v2\/types\/post"}],"author":[{"embeddable":true,"href":"https:\/\/www.ufla.br\/dcom\/wp-json\/wp\/v2\/users\/8"}],"replies":[{"embeddable":true,"href":"https:\/\/www.ufla.br\/dcom\/wp-json\/wp\/v2\/comments?post=127259"}],"version-history":[{"count":3,"href":"https:\/\/www.ufla.br\/dcom\/wp-json\/wp\/v2\/posts\/127259\/revisions"}],"predecessor-version":[{"id":127285,"href":"https:\/\/www.ufla.br\/dcom\/wp-json\/wp\/v2\/posts\/127259\/revisions\/127285"}],"wp:attachment":[{"href":"https:\/\/www.ufla.br\/dcom\/wp-json\/wp\/v2\/media?parent=127259"}],"wp:term":[{"taxonomy":"category","embeddable":true,"href":"https:\/\/www.ufla.br\/dcom\/wp-json\/wp\/v2\/categories?post=127259"},{"taxonomy":"post_tag","embeddable":true,"href":"https:\/\/www.ufla.br\/dcom\/wp-json\/wp\/v2\/tags?post=127259"}],"curies":[{"name":"wp","href":"https:\/\/api.w.org\/{rel}","templated":true}]}}