{"id":127236,"date":"2017-01-17T13:08:11","date_gmt":"2017-01-17T16:08:11","guid":{"rendered":"http:\/\/www.ufla.br\/ascom\/?p=127236"},"modified":"2017-01-25T13:06:38","modified_gmt":"2017-01-25T16:06:38","slug":"resultado-do-enem-2016-sera-divulgado-nesta-quarta-feira-18","status":"publish","type":"post","link":"https:\/\/www.ufla.br\/dcom\/2017\/01\/17\/resultado-do-enem-2016-sera-divulgado-nesta-quarta-feira-18\/","title":{"rendered":"Resultado do Enem 2016 ser\u00e1 divulgado nesta quarta-feira (18)"},"content":{"rendered":"<p>O resultado do Exame Nacional do Ensino M\u00e9dio (Enem) ser\u00e1 divulgado nesta quarta-feira (18), pelo Instituto Nacional de Estudos e Pesquisas Educacionais An\u00edsio Teixeira (Inep), autarquia vinculada ao Minist\u00e9rio da Educa\u00e7\u00e3o (MEC). A informa\u00e7\u00e3o foi divulgada no portal do Minist\u00e9rio. Os candidatos ter\u00e3o acesso \u00e0s notas de cada uma das quatro provas (ci\u00eancias humanas, ci\u00eancias da natureza, linguagens e matem\u00e1tica) e da reda\u00e7\u00e3o no endere\u00e7o <a href=\"http:\/\/enem.inep.gov.br\/\">enem.inep.gov.br<\/a>.<\/p>\n<p>Em 2016, mais de 6 milh\u00f5es de candidatos realizaram o Enem. Desses, 5,8 milh\u00f5es realizaram as provas nos dias 5 e 6 de novembro, e 273 mil na segunda edi\u00e7\u00e3o, ocorrida em 3 e 4 de dezembro. Outros 53 mil realizaram o exame em 13 e 14 de dezembro, datas voltadas para as pessoas privadas de liberdade.&nbsp;<\/p>\n<p>As notas do Enem podem ser usadas para disputar vagas no ensino superior p\u00fablico pelo Sistema de Sele\u00e7\u00e3o Unificado (Sisu), bolsas no ensino superior privado pelo Programa Universidade para Todos (ProUni) e para participar do Fundo de Financiamento Estudantil (Fies). Ainda, os candidatos com mais de 18 anos podem usar o Enem para receber a certifica\u00e7\u00e3o do ensino m\u00e9dio.<\/p>\n<p><strong>Enem e o ingresso na UFLA<\/strong><\/p>\n<p>O Enem \u00e9 essencial para o ingresso na UFLA. No primeiro per\u00edodo letivo de cada ano, 60% das vagas ofertadas s\u00e3o voltadas para os candidatos provenientes do SiSU, e 40% das vagas s\u00e3o destinadas aos candidatos do Processo de Avalia\u00e7\u00e3o Seriada (PAS). A terceira etapa do PAS \u00e9 correspondente ao Enem. Todas as vagas ofertadas no segundo per\u00edodo letivo s\u00e3o destinadas aos candidatos da segunda edi\u00e7\u00e3o de cada ano do SiSU.<\/p>\n<p>&nbsp;<\/p>\n","protected":false},"excerpt":{"rendered":"<p>O resultado do Exame Nacional do Ensino M\u00e9dio (Enem) ser\u00e1 divulgado nesta quarta-feira (18), pelo Instituto Nacional de Estudos e Pesquisas Educacionais An\u00edsio Teixeira (Inep), autarquia vinculada ao Minist\u00e9rio da Educa\u00e7\u00e3o (MEC). A informa\u00e7\u00e3o foi divulgada no portal do Minist\u00e9rio. Os candidatos ter\u00e3o acesso \u00e0s notas de cada uma das quatro provas (ci\u00eancias humanas, ci\u00eancias &hellip; <a href=\"https:\/\/www.ufla.br\/dcom\/2017\/01\/17\/resultado-do-enem-2016-sera-divulgado-nesta-quarta-feira-18\/\" class=\"more-link\">Continue lendo <span class=\"screen-reader-text\">Resultado do Enem 2016 ser\u00e1 divulgado nesta quarta-feira (18)<\/span> <span class=\"meta-nav\">&rarr;<\/span><\/a><\/p>\n","protected":false},"author":8,"featured_media":0,"comment_status":"closed","ping_status":"closed","sticky":false,"template":"","format":"standard","meta":{"ngg_post_thumbnail":0,"footnotes":""},"categories":[10],"tags":[248,1867,350,34],"class_list":["post-127236","post","type-post","status-publish","format-standard","hentry","category-menores","tag-enem-2","tag-exame-nacional-do-ensino-medio","tag-ingresso","tag-processo-seletivo"],"_links":{"self":[{"href":"https:\/\/www.ufla.br\/dcom\/wp-json\/wp\/v2\/posts\/127236","targetHints":{"allow":["GET"]}}],"collection":[{"href":"https:\/\/www.ufla.br\/dcom\/wp-json\/wp\/v2\/posts"}],"about":[{"href":"https:\/\/www.ufla.br\/dcom\/wp-json\/wp\/v2\/types\/post"}],"author":[{"embeddable":true,"href":"https:\/\/www.ufla.br\/dcom\/wp-json\/wp\/v2\/users\/8"}],"replies":[{"embeddable":true,"href":"https:\/\/www.ufla.br\/dcom\/wp-json\/wp\/v2\/comments?post=127236"}],"version-history":[{"count":1,"href":"https:\/\/www.ufla.br\/dcom\/wp-json\/wp\/v2\/posts\/127236\/revisions"}],"predecessor-version":[{"id":127237,"href":"https:\/\/www.ufla.br\/dcom\/wp-json\/wp\/v2\/posts\/127236\/revisions\/127237"}],"wp:attachment":[{"href":"https:\/\/www.ufla.br\/dcom\/wp-json\/wp\/v2\/media?parent=127236"}],"wp:term":[{"taxonomy":"category","embeddable":true,"href":"https:\/\/www.ufla.br\/dcom\/wp-json\/wp\/v2\/categories?post=127236"},{"taxonomy":"post_tag","embeddable":true,"href":"https:\/\/www.ufla.br\/dcom\/wp-json\/wp\/v2\/tags?post=127236"}],"curies":[{"name":"wp","href":"https:\/\/api.w.org\/{rel}","templated":true}]}}