{"id":127165,"date":"2017-01-16T09:44:54","date_gmt":"2017-01-16T12:44:54","guid":{"rendered":"http:\/\/www.ufla.br\/ascom\/?p=127165"},"modified":"2017-01-25T12:55:05","modified_gmt":"2017-01-25T15:55:05","slug":"redesufla-olhares-exposicao-da-dcom-esta-de-volta","status":"publish","type":"post","link":"https:\/\/www.ufla.br\/dcom\/2017\/01\/16\/redesufla-olhares-exposicao-da-dcom-esta-de-volta\/","title":{"rendered":"#RedesUFLA: Olhares \u2013 exposi\u00e7\u00e3o da DCOM est\u00e1 de volta"},"content":{"rendered":"<figure id=\"attachment_127166\" aria-describedby=\"caption-attachment-127166\" style=\"width: 244px\" class=\"wp-caption alignleft\"><img loading=\"lazy\" decoding=\"async\" class=\" wp-image-127166\" src=\"http:\/\/www.ufla.br\/ascom\/wp-content\/uploads\/2017\/01\/WP_20170113_001-249x140.jpg\" alt=\"\" width=\"244\" height=\"137\" srcset=\"https:\/\/www.ufla.br\/dcom\/wp-content\/uploads\/2017\/01\/WP_20170113_001-249x140.jpg 249w, https:\/\/www.ufla.br\/dcom\/wp-content\/uploads\/2017\/01\/WP_20170113_001-768x431.jpg 768w, https:\/\/www.ufla.br\/dcom\/wp-content\/uploads\/2017\/01\/WP_20170113_001-612x344.jpg 612w, https:\/\/www.ufla.br\/dcom\/wp-content\/uploads\/2017\/01\/WP_20170113_001.jpg 1632w\" sizes=\"auto, (max-width: 244px) 100vw, 244px\" \/><figcaption id=\"caption-attachment-127166\" class=\"wp-caption-text\">Exposi\u00e7\u00e3o #RedesUFLA: Olhares na Biblioteca<\/figcaption><\/figure>\n<p>A exposi\u00e7\u00e3o <strong>#RedesUFLA: Olhares<\/strong> est\u00e1 de volta. Desta vez, as cinquenta fotografias poder\u00e3o ser apreciadas na Biblioteca da Universidade Federal de Lavras (UFLA). Todas as fotos foram produzidas por membros da comunidade universit\u00e1ria e da comunidade externa, enviadas \u00e0 p\u00e1gina do Facebook da UFLA.<\/p>\n<p>Esta \u00e9 uma iniciativa da Diretoria de Comunica\u00e7\u00e3o (DCOM\/UFLA). O objetivo \u00e9 a valoriza\u00e7\u00e3o da intera\u00e7\u00e3o da comunidade com os ve\u00edculos de comunica\u00e7\u00e3o da institui\u00e7\u00e3o. Destaca-se que, em julho de 2016, a p\u00e1gina da UFLA no Facebook alcan\u00e7ou a marca de 50 mil curtidas, apontando um crescimento importante para o aperfei\u00e7oamento cont\u00ednuo da comunica\u00e7\u00e3o p\u00fablica praticada.<\/p>\n<p>As imagens selecionadas retratam diversos espa\u00e7os dos c\u00e2mpus da UFLA e est\u00e3o entre as mais curtidas no Facebook. Al\u00e9m disso, a sele\u00e7\u00e3o das imagens levou em conta outros crit\u00e9rios, como a exist\u00eancia de resolu\u00e7\u00e3o adequada para revela\u00e7\u00e3o. Est\u00e3o inclu\u00eddas fotografias publicadas entre julho de 2011 e julho de 2016. Entre os autores h\u00e1 estudantes, servidores, ex-alunos e membros da comunidade externa.<img loading=\"lazy\" decoding=\"async\" class=\"size-medium wp-image-127167 alignright\" src=\"http:\/\/www.ufla.br\/ascom\/wp-content\/uploads\/2017\/01\/WP_20170113_006-140x249.jpg\" alt=\"\" width=\"140\" height=\"249\" srcset=\"https:\/\/www.ufla.br\/dcom\/wp-content\/uploads\/2017\/01\/WP_20170113_006-140x249.jpg 140w, https:\/\/www.ufla.br\/dcom\/wp-content\/uploads\/2017\/01\/WP_20170113_006-768x1368.jpg 768w, https:\/\/www.ufla.br\/dcom\/wp-content\/uploads\/2017\/01\/WP_20170113_006-612x1090.jpg 612w, https:\/\/www.ufla.br\/dcom\/wp-content\/uploads\/2017\/01\/WP_20170113_006.jpg 916w\" sizes=\"auto, (max-width: 140px) 100vw, 140px\" \/><\/p>\n<p>Com essa exposi\u00e7\u00e3o, a DCOM busca agradecer, simbolicamente, toda a comunidade que tem participado e contribu\u00eddo com a comunica\u00e7\u00e3o. Outro intuito \u00e9 de ampliar a divulga\u00e7\u00e3o dos canais de comunica\u00e7\u00e3o da UFLA que podem ser utilizados pelo p\u00fablico, especialmente para a sugest\u00e3o de not\u00edcias. Por isso, na exposi\u00e7\u00e3o, h\u00e1 marcadores de livros, dispon\u00edveis \u00e0 comunidade, com os contatos tanto da DCOM, quanto da R\u00e1dio Universit\u00e1ria e da TVU-Lavras.<\/p>\n<p>Tamb\u00e9m <a href=\"http:\/\/www.eventos.ufla.br\/aniversario\/108anos\/redes-ufla-olhares\"><strong>a<\/strong><strong>cesse o fotolivro com as imagens.<\/strong><\/a><\/p>\n<p><strong>Camila Caetano: jornalista\/bolsista UFLA.&nbsp;<\/strong><\/p>\n","protected":false},"excerpt":{"rendered":"<p>A exposi\u00e7\u00e3o #RedesUFLA: Olhares est\u00e1 de volta. Desta vez, as cinquenta fotografias poder\u00e3o ser apreciadas na Biblioteca da Universidade Federal de Lavras (UFLA). Todas as fotos foram produzidas por membros da comunidade universit\u00e1ria e da comunidade externa, enviadas \u00e0 p\u00e1gina do Facebook da UFLA. Esta \u00e9 uma iniciativa da Diretoria de Comunica\u00e7\u00e3o (DCOM\/UFLA). O objetivo &hellip; <a href=\"https:\/\/www.ufla.br\/dcom\/2017\/01\/16\/redesufla-olhares-exposicao-da-dcom-esta-de-volta\/\" class=\"more-link\">Continue lendo <span class=\"screen-reader-text\">#RedesUFLA: Olhares \u2013 exposi\u00e7\u00e3o da DCOM est\u00e1 de volta<\/span> <span class=\"meta-nav\">&rarr;<\/span><\/a><\/p>\n","protected":false},"author":20,"featured_media":0,"comment_status":"closed","ping_status":"closed","sticky":false,"template":"","format":"standard","meta":{"ngg_post_thumbnail":0,"footnotes":""},"categories":[10],"tags":[],"class_list":["post-127165","post","type-post","status-publish","format-standard","hentry","category-menores"],"_links":{"self":[{"href":"https:\/\/www.ufla.br\/dcom\/wp-json\/wp\/v2\/posts\/127165","targetHints":{"allow":["GET"]}}],"collection":[{"href":"https:\/\/www.ufla.br\/dcom\/wp-json\/wp\/v2\/posts"}],"about":[{"href":"https:\/\/www.ufla.br\/dcom\/wp-json\/wp\/v2\/types\/post"}],"author":[{"embeddable":true,"href":"https:\/\/www.ufla.br\/dcom\/wp-json\/wp\/v2\/users\/20"}],"replies":[{"embeddable":true,"href":"https:\/\/www.ufla.br\/dcom\/wp-json\/wp\/v2\/comments?post=127165"}],"version-history":[{"count":4,"href":"https:\/\/www.ufla.br\/dcom\/wp-json\/wp\/v2\/posts\/127165\/revisions"}],"predecessor-version":[{"id":127171,"href":"https:\/\/www.ufla.br\/dcom\/wp-json\/wp\/v2\/posts\/127165\/revisions\/127171"}],"wp:attachment":[{"href":"https:\/\/www.ufla.br\/dcom\/wp-json\/wp\/v2\/media?parent=127165"}],"wp:term":[{"taxonomy":"category","embeddable":true,"href":"https:\/\/www.ufla.br\/dcom\/wp-json\/wp\/v2\/categories?post=127165"},{"taxonomy":"post_tag","embeddable":true,"href":"https:\/\/www.ufla.br\/dcom\/wp-json\/wp\/v2\/tags?post=127165"}],"curies":[{"name":"wp","href":"https:\/\/api.w.org\/{rel}","templated":true}]}}