{"id":127125,"date":"2017-01-10T13:54:13","date_gmt":"2017-01-10T16:54:13","guid":{"rendered":"http:\/\/www.ufla.br\/ascom\/?p=127125"},"modified":"2017-01-23T14:20:00","modified_gmt":"2017-01-23T17:20:00","slug":"cafeteria-escola-cafesal-abre-processo-seletivo-para-vivencia-profissional-inscricoes-abertas-ate-131","status":"publish","type":"post","link":"https:\/\/www.ufla.br\/dcom\/2017\/01\/10\/cafeteria-escola-cafesal-abre-processo-seletivo-para-vivencia-profissional-inscricoes-abertas-ate-131\/","title":{"rendered":"Cafeteria Escola &#8220;CafESAL&#8221; abre processo seletivo para Viv\u00eancia Profissional &#8211; inscri\u00e7\u00f5es prorrogadas at\u00e9 20\/1"},"content":{"rendered":"<p><a href=\"http:\/\/www.ufla.br\/ascom\/wp-content\/uploads\/2017\/01\/vivencia-profissional-cafesal.jpg\"><img loading=\"lazy\" decoding=\"async\" class=\"alignleft size-medium wp-image-127136\" src=\"http:\/\/www.ufla.br\/ascom\/wp-content\/uploads\/2017\/01\/vivencia-profissional-cafesal-249x249.jpg\" alt=\"\" width=\"249\" height=\"249\" srcset=\"https:\/\/www.ufla.br\/dcom\/wp-content\/uploads\/2017\/01\/vivencia-profissional-cafesal-249x249.jpg 249w, https:\/\/www.ufla.br\/dcom\/wp-content\/uploads\/2017\/01\/vivencia-profissional-cafesal-150x150.jpg 150w, https:\/\/www.ufla.br\/dcom\/wp-content\/uploads\/2017\/01\/vivencia-profissional-cafesal-768x769.jpg 768w, https:\/\/www.ufla.br\/dcom\/wp-content\/uploads\/2017\/01\/vivencia-profissional-cafesal-612x613.jpg 612w, https:\/\/www.ufla.br\/dcom\/wp-content\/uploads\/2017\/01\/vivencia-profissional-cafesal.jpg 799w\" sizes=\"auto, (max-width: 249px) 100vw, 249px\" \/><\/a>A Cafeteria Escola \u201cCafESAL\u201d, da Universidade Federal de Lavras (UFLA), abriu o processo seletivo para Viv\u00eancia Profissional. As inscri\u00e7\u00f5es est\u00e3o abertas at\u00e9 dia 20\/1. Qualquer pessoa acima de 18 anos e que possua v\u00ednculo com a universidade pode participar. N\u00e3o \u00e9 necess\u00e1rio ter experi\u00eancia anterior com caf\u00e9.<\/p>\n<p>O per\u00edodo de viv\u00eancia ser\u00e1 de 23\/1 a 10\/3 e a CafESAL emitir\u00e1 certificado de Treinamento de Barista e certificado de Viv\u00eancia Profissional ao participante que cumprir integralmente as 8 semanas, contabilizando as horas dedicadas.<\/p>\n<p>Os interessados em participar da sele\u00e7\u00e3o devem enviar um e-mail para <a href=\"mailto:cafesalcafeteria@gmail.com\">cafesalcafeteria@gmail.com<\/a>, durante o per\u00edodo de inscri\u00e7\u00e3o, contendo:<\/p>\n<ol>\n<li>Termo de compromisso preenchido e assinado (enviar c\u00f3pia escaneada ou foto);<\/li>\n<li>Resumo do curr\u00edculo (listar em UMA P\u00c1GINA: disciplinas relevantes, est\u00e1gios, viv\u00eancias, cursos e\/ou atividades que considere relevante para conhecermos o seu perfil);<\/li>\n<li>No corpo do e-mail, responda \u00e0 pergunta a seguir, em at\u00e9 500 caracteres: O que voc\u00ea espera vivenciar na Cafeteria Escola CafESAL?<\/li>\n<li>Disponibilidade de hor\u00e1rios durante o per\u00edodo de viv\u00eancia. Acesse o regulamento e termo de compromisso atrav\u00e9s do link: <a href=\"http:\/\/migre.me\/vPmbQ\">http:\/\/migre.me\/vPmbQ<\/a><\/li>\n<\/ol>\n<p>Mais informa\u00e7\u00f5es na <a href=\"https:\/\/www.facebook.com\/CafeteriaCAFESAL\/\">p\u00e1gina da CafESAL no Facebook<\/a>.<\/p>\n<h5>Luciana Tereza &#8211; estagi\u00e1ria DCOM\/UFLA<\/h5>\n<p>&nbsp;<\/p>\n","protected":false},"excerpt":{"rendered":"<p>A Cafeteria Escola \u201cCafESAL\u201d, da Universidade Federal de Lavras (UFLA), abriu o processo seletivo para Viv\u00eancia Profissional. As inscri\u00e7\u00f5es est\u00e3o abertas at\u00e9 dia 20\/1. Qualquer pessoa acima de 18 anos e que possua v\u00ednculo com a universidade pode participar. N\u00e3o \u00e9 necess\u00e1rio ter experi\u00eancia anterior com caf\u00e9. O per\u00edodo de viv\u00eancia ser\u00e1 de 23\/1 a &hellip; <a href=\"https:\/\/www.ufla.br\/dcom\/2017\/01\/10\/cafeteria-escola-cafesal-abre-processo-seletivo-para-vivencia-profissional-inscricoes-abertas-ate-131\/\" class=\"more-link\">Continue lendo <span class=\"screen-reader-text\">Cafeteria Escola &#8220;CafESAL&#8221; abre processo seletivo para Viv\u00eancia Profissional &#8211; inscri\u00e7\u00f5es prorrogadas at\u00e9 20\/1<\/span> <span class=\"meta-nav\">&rarr;<\/span><\/a><\/p>\n","protected":false},"author":20,"featured_media":0,"comment_status":"closed","ping_status":"closed","sticky":false,"template":"","format":"standard","meta":{"ngg_post_thumbnail":0,"footnotes":""},"categories":[10],"tags":[168,270,1856],"class_list":["post-127125","post","type-post","status-publish","format-standard","hentry","category-menores","tag-cafe","tag-cafeicultura","tag-cafesal"],"_links":{"self":[{"href":"https:\/\/www.ufla.br\/dcom\/wp-json\/wp\/v2\/posts\/127125","targetHints":{"allow":["GET"]}}],"collection":[{"href":"https:\/\/www.ufla.br\/dcom\/wp-json\/wp\/v2\/posts"}],"about":[{"href":"https:\/\/www.ufla.br\/dcom\/wp-json\/wp\/v2\/types\/post"}],"author":[{"embeddable":true,"href":"https:\/\/www.ufla.br\/dcom\/wp-json\/wp\/v2\/users\/20"}],"replies":[{"embeddable":true,"href":"https:\/\/www.ufla.br\/dcom\/wp-json\/wp\/v2\/comments?post=127125"}],"version-history":[{"count":5,"href":"https:\/\/www.ufla.br\/dcom\/wp-json\/wp\/v2\/posts\/127125\/revisions"}],"predecessor-version":[{"id":127148,"href":"https:\/\/www.ufla.br\/dcom\/wp-json\/wp\/v2\/posts\/127125\/revisions\/127148"}],"wp:attachment":[{"href":"https:\/\/www.ufla.br\/dcom\/wp-json\/wp\/v2\/media?parent=127125"}],"wp:term":[{"taxonomy":"category","embeddable":true,"href":"https:\/\/www.ufla.br\/dcom\/wp-json\/wp\/v2\/categories?post=127125"},{"taxonomy":"post_tag","embeddable":true,"href":"https:\/\/www.ufla.br\/dcom\/wp-json\/wp\/v2\/tags?post=127125"}],"curies":[{"name":"wp","href":"https:\/\/api.w.org\/{rel}","templated":true}]}}