{"id":127061,"date":"2016-12-29T12:25:28","date_gmt":"2016-12-29T15:25:28","guid":{"rendered":"http:\/\/www.ufla.br\/ascom\/?p=127061"},"modified":"2017-01-10T13:54:52","modified_gmt":"2017-01-10T16:54:52","slug":"coordenadoria-de-saude-agenda-consultas-ginecologicas-para-a-proxima-semana","status":"publish","type":"post","link":"https:\/\/www.ufla.br\/dcom\/2016\/12\/29\/coordenadoria-de-saude-agenda-consultas-ginecologicas-para-a-proxima-semana\/","title":{"rendered":"Coordenadoria de Sa\u00fade agenda consultas ginecol\u00f3gicas para a pr\u00f3xima semana"},"content":{"rendered":"<p><img loading=\"lazy\" decoding=\"async\" class=\"alignleft wp-image-90156 size-medium\" src=\"http:\/\/www.ufla.br\/ascom\/wp-content\/uploads\/2015\/07\/IMG_5391-249x166.jpg\" alt=\"Parceria com curso de Medicina da UFLA foi destaque no informativo do LarEVida.\" width=\"249\" height=\"166\" srcset=\"https:\/\/www.ufla.br\/dcom\/wp-content\/uploads\/2015\/07\/IMG_5391-249x166.jpg 249w, https:\/\/www.ufla.br\/dcom\/wp-content\/uploads\/2015\/07\/IMG_5391-612x408.jpg 612w\" sizes=\"auto, (max-width: 249px) 100vw, 249px\" \/><\/p>\n<p>A Coordenadoria de Sa\u00fade da Universidade Federal de Lavras (UFLA) informa que para o per\u00edodo de&nbsp;<strong>2\/1&nbsp;a 9\/1\/2017 <\/strong>ser\u00e3o disponibilizadas<strong> 46 (quarenta e seis)<\/strong>&nbsp;vagas para consultas ginecol\u00f3gicas, distribu\u00eddas da seguinte maneira:<\/p>\n<p><strong>23 vagas<\/strong>&nbsp;para estudantes em situa\u00e7\u00e3o de vulnerabilidade socioecon\u00f4mica; e<\/p>\n<p><strong>23 vagas<\/strong>&nbsp;para ampla concorr\u00eancia (estudantes de gradua\u00e7\u00e3o, estudantes de p\u00f3s-gradua\u00e7\u00e3o e servidores).<\/p>\n<p>Os&nbsp;<strong>agendamentos<\/strong>&nbsp; j\u00e1 podem ser realizados&nbsp;<strong>a partir desta quinta-feira (29\/12\/2016),<\/strong>&nbsp;por telefone (3829-1110) ou presencialmente<strong>. <\/strong>A&nbsp;<a href=\"http:\/\/www.praec.ufla.br\/site\/coordenadorias\/saude\/info\/\"><strong>Coordenadoria de Sa\u00fade<\/strong><\/a>&nbsp;\u00e9 ligada \u00e0 Pr\u00f3-Reitoria de Assuntos Estudantis e Comunit\u00e1rios (Praec) e funciona no C\u00e2mpus Hist\u00f3rico da&nbsp;UFLA.<\/p>\n<p><strong>Camila Caetano &#8211; jornalista\/ bolsista UFLA.&nbsp;<\/strong><\/p>\n","protected":false},"excerpt":{"rendered":"<p>A Coordenadoria de Sa\u00fade da Universidade Federal de Lavras (UFLA) informa que para o per\u00edodo de&nbsp;2\/1&nbsp;a 9\/1\/2017 ser\u00e3o disponibilizadas 46 (quarenta e seis)&nbsp;vagas para consultas ginecol\u00f3gicas, distribu\u00eddas da seguinte maneira: 23 vagas&nbsp;para estudantes em situa\u00e7\u00e3o de vulnerabilidade socioecon\u00f4mica; e 23 vagas&nbsp;para ampla concorr\u00eancia (estudantes de gradua\u00e7\u00e3o, estudantes de p\u00f3s-gradua\u00e7\u00e3o e servidores). Os&nbsp;agendamentos&nbsp; j\u00e1 podem ser &hellip; <a href=\"https:\/\/www.ufla.br\/dcom\/2016\/12\/29\/coordenadoria-de-saude-agenda-consultas-ginecologicas-para-a-proxima-semana\/\" class=\"more-link\">Continue lendo <span class=\"screen-reader-text\">Coordenadoria de Sa\u00fade agenda consultas ginecol\u00f3gicas para a pr\u00f3xima semana<\/span> <span class=\"meta-nav\">&rarr;<\/span><\/a><\/p>\n","protected":false},"author":20,"featured_media":0,"comment_status":"closed","ping_status":"closed","sticky":false,"template":"","format":"standard","meta":{"ngg_post_thumbnail":0,"footnotes":""},"categories":[1],"tags":[],"class_list":["post-127061","post","type-post","status-publish","format-standard","hentry","category-noticias"],"_links":{"self":[{"href":"https:\/\/www.ufla.br\/dcom\/wp-json\/wp\/v2\/posts\/127061","targetHints":{"allow":["GET"]}}],"collection":[{"href":"https:\/\/www.ufla.br\/dcom\/wp-json\/wp\/v2\/posts"}],"about":[{"href":"https:\/\/www.ufla.br\/dcom\/wp-json\/wp\/v2\/types\/post"}],"author":[{"embeddable":true,"href":"https:\/\/www.ufla.br\/dcom\/wp-json\/wp\/v2\/users\/20"}],"replies":[{"embeddable":true,"href":"https:\/\/www.ufla.br\/dcom\/wp-json\/wp\/v2\/comments?post=127061"}],"version-history":[{"count":2,"href":"https:\/\/www.ufla.br\/dcom\/wp-json\/wp\/v2\/posts\/127061\/revisions"}],"predecessor-version":[{"id":127128,"href":"https:\/\/www.ufla.br\/dcom\/wp-json\/wp\/v2\/posts\/127061\/revisions\/127128"}],"wp:attachment":[{"href":"https:\/\/www.ufla.br\/dcom\/wp-json\/wp\/v2\/media?parent=127061"}],"wp:term":[{"taxonomy":"category","embeddable":true,"href":"https:\/\/www.ufla.br\/dcom\/wp-json\/wp\/v2\/categories?post=127061"},{"taxonomy":"post_tag","embeddable":true,"href":"https:\/\/www.ufla.br\/dcom\/wp-json\/wp\/v2\/tags?post=127061"}],"curies":[{"name":"wp","href":"https:\/\/api.w.org\/{rel}","templated":true}]}}