{"id":126480,"date":"2016-12-05T14:46:47","date_gmt":"2016-12-05T17:46:47","guid":{"rendered":"http:\/\/www.ufla.br\/ascom\/?p=126480"},"modified":"2016-12-07T16:08:59","modified_gmt":"2016-12-07T19:08:59","slug":"programa-de-pos-graduacao-em-fisica-realiza-encontro-de-integracao-com-representantes-da-ufla-unifal-e-ufsj","status":"publish","type":"post","link":"https:\/\/www.ufla.br\/dcom\/2016\/12\/05\/programa-de-pos-graduacao-em-fisica-realiza-encontro-de-integracao-com-representantes-da-ufla-unifal-e-ufsj\/","title":{"rendered":"Programa de P\u00f3s-Gradua\u00e7\u00e3o em F\u00edsica realiza encontro de integra\u00e7\u00e3o com representantes da UFLA, Unifal e UFSJ"},"content":{"rendered":"<figure id=\"attachment_126482\" aria-describedby=\"caption-attachment-126482\" style=\"width: 249px\" class=\"wp-caption alignright\"><a href=\"http:\/\/www.ufla.br\/ascom\/wp-content\/uploads\/2016\/12\/encontro-fisica.jpg\"><img loading=\"lazy\" decoding=\"async\" class=\"wp-image-126482 size-medium\" src=\"http:\/\/www.ufla.br\/ascom\/wp-content\/uploads\/2016\/12\/encontro-fisica-249x166.jpg\" alt=\"Encontro de Itera\u00e7\u00e3o do Programa de P\u00f3s-Gradua\u00e7\u00e3o Stricto sensu em F\u00edsica (PPGFI), em associa\u00e7\u00e3o ampla UFLA, UFSJ e Unifal\" width=\"249\" height=\"166\" srcset=\"https:\/\/www.ufla.br\/dcom\/wp-content\/uploads\/2016\/12\/encontro-fisica-249x166.jpg 249w, https:\/\/www.ufla.br\/dcom\/wp-content\/uploads\/2016\/12\/encontro-fisica-768x512.jpg 768w, https:\/\/www.ufla.br\/dcom\/wp-content\/uploads\/2016\/12\/encontro-fisica-612x408.jpg 612w\" sizes=\"auto, (max-width: 249px) 100vw, 249px\" \/><\/a><figcaption id=\"caption-attachment-126482\" class=\"wp-caption-text\">Encontro de Itera\u00e7\u00e3o do Programa de P\u00f3s-Gradua\u00e7\u00e3o Stricto sensu em F\u00edsica (PPGFI), em associa\u00e7\u00e3o ampla UFLA, UFSJ e Unifal<\/figcaption><\/figure>\n<p>Em dezembro de 2011, a Universidade Federal de Lavras (UFLA) anunciava a abertura de processo seletivo para o Programa de P\u00f3s-Gradua\u00e7\u00e3o\u00a0<em>Stricto sensu<\/em>\u00a0em F\u00edsica (PPGFI), com in\u00edcio no primeiro semestre letivo de 2012, resultado da associa\u00e7\u00e3o ampla entre a UFLA, Universidade Federal de Alfenas (Unifal) e Universidade Federal de S\u00e3o Jo\u00e3o Del Rei (UFSJ).<\/p>\n<p>Passados cinco anos, nos dias 1\u00ba e 2 de dezembro, membros do Programa realizaram um encontro de integra\u00e7\u00e3o, com o intuito de avaliar a trajet\u00f3ria e planejar os pr\u00f3ximos passos para a consolida\u00e7\u00e3o e para se preparar para uma futura oferta do doutorado. O encontro foi realizado no Sal\u00e3o dos Conselhos da UFLA, incluindo na programa\u00e7\u00e3o mesas-redondas, palestras, sess\u00f5es de p\u00f4steres e comunica\u00e7\u00f5es orais.<\/p>\n<p>O Programa em Associa\u00e7\u00e3o tem nota 3 na Capes (abertura) e ter\u00e1 sua primeira avalia\u00e7\u00e3o em 2017 (quadri\u00eanio 2013-2016). Ao todo, s\u00e3o 23 professores permanentes e tr\u00eas colaboradores, sendo sete bolsistas \u2018produtividade\u2019 do CNPq. O programa teve in\u00edcio com 21 discentes, hoje s\u00e3o 37 nas tr\u00eas institui\u00e7\u00f5es e j\u00e1 foram 26 titulados. Doze discentes do programa s\u00e3o bolsistas da Capes e Fapemig.<\/p>\n<figure id=\"attachment_126484\" aria-describedby=\"caption-attachment-126484\" style=\"width: 249px\" class=\"wp-caption alignleft\"><a href=\"http:\/\/www.ufla.br\/ascom\/wp-content\/uploads\/2016\/12\/encontro-fisica-mesa.jpg\"><img loading=\"lazy\" decoding=\"async\" class=\"wp-image-126484 size-medium\" src=\"http:\/\/www.ufla.br\/ascom\/wp-content\/uploads\/2016\/12\/encontro-fisica-mesa-249x166.jpg\" alt=\"Avalia\u00e7\u00e3o das institui\u00e7\u00f5es participantes: direcionamento para o futuro\" width=\"249\" height=\"166\" srcset=\"https:\/\/www.ufla.br\/dcom\/wp-content\/uploads\/2016\/12\/encontro-fisica-mesa-249x166.jpg 249w, https:\/\/www.ufla.br\/dcom\/wp-content\/uploads\/2016\/12\/encontro-fisica-mesa-768x512.jpg 768w, https:\/\/www.ufla.br\/dcom\/wp-content\/uploads\/2016\/12\/encontro-fisica-mesa-612x408.jpg 612w\" sizes=\"auto, (max-width: 249px) 100vw, 249px\" \/><\/a><figcaption id=\"caption-attachment-126484\" class=\"wp-caption-text\">Avalia\u00e7\u00e3o das institui\u00e7\u00f5es participantes: direcionamento para o futuro<\/figcaption><\/figure>\n<p>De acordo com Fernando Gardim, coordenador-geral do Programa de P\u00f3s-Gradua\u00e7\u00e3o em F\u00edsica e representante institucional da Unifal no programa, a avalia\u00e7\u00e3o dos egressos est\u00e1 sendo muito positiva, muitos dos quais com inser\u00e7\u00e3o em cursos de Doutorado em institui\u00e7\u00f5es consagradas do Pa\u00eds. Outro ponto importante \u00e9 o n\u00famero de colabora\u00e7\u00f5es nacionais e internacionais j\u00e1 conquistados pelo programa, o que permite uma maior visibilidade e parcerias em projetos de pesquisa e publica\u00e7\u00f5es. \u00a0\u201cAdequar as particularidades de cada Universidade para um \u00fanico programa n\u00e3o \u00e9 uma tarefa f\u00e1cil\u201d, considerou.<\/p>\n<p>Na UFLA, o Programa tem a coordena\u00e7\u00e3o do professor Onofre Rojas Santos e do professor Fabiano Ribeiro (coordenador-adjunto).<\/p>\n<p>O coordenador de Astronomia e F\u00edsica na Coordena\u00e7\u00e3o de Aperfei\u00e7oamento de Pessoal de N\u00edvel Superior (Capes) e professor do Instituto de F\u00edsica da Universidade de S\u00e3o Paulo (USP), Sylvio Roberto Accioly Canuto, fez uma explana\u00e7\u00e3o aos participantes sobre o futuro do Programa e os desafios para a sua consolida\u00e7\u00e3o. O professor participou de uma mesa-redonda e ministrou a palestra \u201cEstrat\u00e9gias, prioridades e perspectivas para a p\u00f3s-gradua\u00e7\u00e3o em F\u00edsica no Brasil\u201d.<\/p>\n<figure id=\"attachment_126485\" aria-describedby=\"caption-attachment-126485\" style=\"width: 249px\" class=\"wp-caption alignright\"><a href=\"http:\/\/www.ufla.br\/ascom\/wp-content\/uploads\/2016\/12\/encontr-fisica-1.jpg\"><img loading=\"lazy\" decoding=\"async\" class=\"wp-image-126485 size-medium\" src=\"http:\/\/www.ufla.br\/ascom\/wp-content\/uploads\/2016\/12\/encontr-fisica-1-249x166.jpg\" alt=\"encontr-fisica\" width=\"249\" height=\"166\" srcset=\"https:\/\/www.ufla.br\/dcom\/wp-content\/uploads\/2016\/12\/encontr-fisica-1-249x166.jpg 249w, https:\/\/www.ufla.br\/dcom\/wp-content\/uploads\/2016\/12\/encontr-fisica-1-768x512.jpg 768w, https:\/\/www.ufla.br\/dcom\/wp-content\/uploads\/2016\/12\/encontr-fisica-1-612x408.jpg 612w\" sizes=\"auto, (max-width: 249px) 100vw, 249px\" \/><\/a><figcaption id=\"caption-attachment-126485\" class=\"wp-caption-text\">Participantes do encontro de Integra\u00e7\u00e3o &#8211; UFLA, UFSJ e Unifal<\/figcaption><\/figure>\n<p>Durante sua fala, o professor Sylvio Canuto destacou alguns equ\u00edvocos que devem ser evitados na avalia\u00e7\u00e3o de um programa de p\u00f3s-gradua\u00e7\u00e3o. O primeiro deles \u00e9 considerar que o elevado n\u00famero de publica\u00e7\u00e3o \u00e9 suficiente para sua consolida\u00e7\u00e3o. Em sua opini\u00e3o, a publica\u00e7\u00e3o com regularidade deve estar aliada a outros fatores, como a estabilidade de um corpo docente com experi\u00eancia em orienta\u00e7\u00e3o e apoio institucional. E refor\u00e7ou: \u201cos \u00edndices s\u00e3o consequ\u00eancias da excel\u00eancia, n\u00e3o o contr\u00e1rio\u201d.<\/p>\n<p>O segundo dia foi reservado para apresenta\u00e7\u00f5es orais, com o objetivo de difundir a produ\u00e7\u00e3o cient\u00edfica dos discentes e docentes do Programa. No encerramento, houve uma sess\u00e3o plen\u00e1ria em que foi feita uma avalia\u00e7\u00e3o e considera\u00e7\u00f5es finais sobre o evento.<\/p>\n<p><strong>Apoio institucional <\/strong><\/p>\n<p>Na abertura do encontro, o pr\u00f3-reitor adjunto de p\u00f3s-gradua\u00e7\u00e3o, professor, M\u00e1rcio Ladeira, fez algumas considera\u00e7\u00f5es sobre a proposta da UFLA de ampliar a p\u00f3s-gradua\u00e7\u00e3o, como elemento estrat\u00e9gico para manter a qualidade do ensino, pesquisa e extens\u00e3o \u2013 trip\u00e9 em que a UFLA est\u00e1 alicer\u00e7ada. Ele tra\u00e7ou um breve resgate da P\u00f3s-gradua\u00e7\u00e3o na Universidade, desde 1975, passando pelo crescimento significativo na \u00faltima d\u00e9cada, somando 25 programas acad\u00eamicos e sete profissionais (26 mestrados e 24 doutorados).<\/p>\n<p>Ladeira completou que o Mestrado em Associa\u00e7\u00e3o UFLA\/UFSJ\/Unifal ter\u00e1 todo o apoio institucional que for necess\u00e1rio para sua consolida\u00e7\u00e3o, rumo ao desafio de ampliar para a oferta de doutorado.<\/p>\n<figure id=\"attachment_126486\" aria-describedby=\"caption-attachment-126486\" style=\"width: 612px\" class=\"wp-caption alignnone\"><a href=\"http:\/\/www.ufla.br\/ascom\/wp-content\/uploads\/2016\/12\/encontro-fisica-todos.jpg\"><img loading=\"lazy\" decoding=\"async\" class=\"wp-image-126486 size-large\" src=\"http:\/\/www.ufla.br\/ascom\/wp-content\/uploads\/2016\/12\/encontro-fisica-todos-612x238.jpg\" alt=\"encontro-fisica-todos\" width=\"612\" height=\"238\" srcset=\"https:\/\/www.ufla.br\/dcom\/wp-content\/uploads\/2016\/12\/encontro-fisica-todos-612x238.jpg 612w, https:\/\/www.ufla.br\/dcom\/wp-content\/uploads\/2016\/12\/encontro-fisica-todos-249x97.jpg 249w, https:\/\/www.ufla.br\/dcom\/wp-content\/uploads\/2016\/12\/encontro-fisica-todos-768x299.jpg 768w, https:\/\/www.ufla.br\/dcom\/wp-content\/uploads\/2016\/12\/encontro-fisica-todos.jpg 870w\" sizes=\"auto, (max-width: 612px) 100vw, 612px\" \/><\/a><figcaption id=\"caption-attachment-126486\" class=\"wp-caption-text\">Encontro de integra\u00e7\u00e3o, com o intuito de avaliar a trajet\u00f3ria e planejar os pr\u00f3ximos passos para a consolida\u00e7\u00e3o<\/figcaption><\/figure>\n<p>&nbsp;<\/p>\n","protected":false},"excerpt":{"rendered":"<p>Em dezembro de 2011, a Universidade Federal de Lavras (UFLA) anunciava a abertura de processo seletivo para o Programa de P\u00f3s-Gradua\u00e7\u00e3o\u00a0Stricto sensu\u00a0em F\u00edsica (PPGFI), com in\u00edcio no primeiro semestre letivo de 2012, resultado da associa\u00e7\u00e3o ampla entre a UFLA, Universidade Federal de Alfenas (Unifal) e Universidade Federal de S\u00e3o Jo\u00e3o Del Rei (UFSJ). Passados cinco &hellip; <a href=\"https:\/\/www.ufla.br\/dcom\/2016\/12\/05\/programa-de-pos-graduacao-em-fisica-realiza-encontro-de-integracao-com-representantes-da-ufla-unifal-e-ufsj\/\" class=\"more-link\">Continue lendo <span class=\"screen-reader-text\">Programa de P\u00f3s-Gradua\u00e7\u00e3o em F\u00edsica realiza encontro de integra\u00e7\u00e3o com representantes da UFLA, Unifal e UFSJ<\/span> <span class=\"meta-nav\">&rarr;<\/span><\/a><\/p>\n","protected":false},"author":6,"featured_media":0,"comment_status":"closed","ping_status":"closed","sticky":false,"template":"","format":"standard","meta":{"ngg_post_thumbnail":0,"footnotes":""},"categories":[10],"tags":[],"class_list":["post-126480","post","type-post","status-publish","format-standard","hentry","category-menores"],"_links":{"self":[{"href":"https:\/\/www.ufla.br\/dcom\/wp-json\/wp\/v2\/posts\/126480","targetHints":{"allow":["GET"]}}],"collection":[{"href":"https:\/\/www.ufla.br\/dcom\/wp-json\/wp\/v2\/posts"}],"about":[{"href":"https:\/\/www.ufla.br\/dcom\/wp-json\/wp\/v2\/types\/post"}],"author":[{"embeddable":true,"href":"https:\/\/www.ufla.br\/dcom\/wp-json\/wp\/v2\/users\/6"}],"replies":[{"embeddable":true,"href":"https:\/\/www.ufla.br\/dcom\/wp-json\/wp\/v2\/comments?post=126480"}],"version-history":[{"count":2,"href":"https:\/\/www.ufla.br\/dcom\/wp-json\/wp\/v2\/posts\/126480\/revisions"}],"predecessor-version":[{"id":126488,"href":"https:\/\/www.ufla.br\/dcom\/wp-json\/wp\/v2\/posts\/126480\/revisions\/126488"}],"wp:attachment":[{"href":"https:\/\/www.ufla.br\/dcom\/wp-json\/wp\/v2\/media?parent=126480"}],"wp:term":[{"taxonomy":"category","embeddable":true,"href":"https:\/\/www.ufla.br\/dcom\/wp-json\/wp\/v2\/categories?post=126480"},{"taxonomy":"post_tag","embeddable":true,"href":"https:\/\/www.ufla.br\/dcom\/wp-json\/wp\/v2\/tags?post=126480"}],"curies":[{"name":"wp","href":"https:\/\/api.w.org\/{rel}","templated":true}]}}