{"id":126478,"date":"2016-12-05T15:55:07","date_gmt":"2016-12-05T18:55:07","guid":{"rendered":"http:\/\/www.ufla.br\/ascom\/?p=126478"},"modified":"2016-12-16T16:45:49","modified_gmt":"2016-12-16T19:45:49","slug":"infraestrutura-e-ponto-forte-da-ufla-no-indice-das-universidades-empreendedoras","status":"publish","type":"post","link":"https:\/\/www.ufla.br\/dcom\/2016\/12\/05\/infraestrutura-e-ponto-forte-da-ufla-no-indice-das-universidades-empreendedoras\/","title":{"rendered":"Infraestrutura \u00e9 ponto forte da UFLA no \u00cdndice das Universidades Empreendedoras"},"content":{"rendered":"<p><a href=\"http:\/\/www.ufla.br\/ascom\/wp-content\/uploads\/2016\/12\/ranking-empreendedor.jpg\"><img loading=\"lazy\" decoding=\"async\" class=\"wp-image-126510 size-medium alignleft\" src=\"http:\/\/www.ufla.br\/ascom\/wp-content\/uploads\/2016\/12\/ranking-empreendedor-249x174.jpg\" alt=\"ranking-empreendedor\" width=\"249\" height=\"174\" srcset=\"https:\/\/www.ufla.br\/dcom\/wp-content\/uploads\/2016\/12\/ranking-empreendedor-249x174.jpg 249w, https:\/\/www.ufla.br\/dcom\/wp-content\/uploads\/2016\/12\/ranking-empreendedor.jpg 343w\" sizes=\"auto, (max-width: 249px) 100vw, 249px\" \/><\/a>Entre as 42 universidades brasileiras avaliadas na primeira edi\u00e7\u00e3o do <a href=\"https:\/\/d335luupugsy2.cloudfront.net\/cms%2Ffiles%2F19855%2F1480366506Livro+PDF+arrumado4.pdf\"><strong>\u00cdndice das Universidades Empreendedoras<\/strong><\/a>, a Universidade Federal de Lavras (UFLA) alcan\u00e7ou a 4\u00aa coloca\u00e7\u00e3o no quesito \u201cInfraestrutura\u201d, sendo a primeira de Minas Gerais nesse eixo. No ranking geral, que envolve resultados para um conjunto de seis diferentes eixos &#8211; a UFLA ficou em 14\u00ba lugar \u2013 \u00e9 a 4\u00ba entre as institui\u00e7\u00f5es mineiras.<\/p>\n<p>O \u00cdndice \u00e9 uma iniciativa da Confedera\u00e7\u00e3o Brasileira de Empresas J\u00faniores (Brasil J\u00fanior), em parceria com quatro organiza\u00e7\u00f5es estudantis: Rede Ci\u00eancias sem Fronteiras (CsF), Associa\u00e7\u00e3o Brasileira de Estudantes (Aiesec), Brazilian Student Association (Brasa) e a Entrepreneurial Action Us (Enactus). O l<a href=\"http:\/\/www.brasil.gov.br\/educacao\/2016\/11\/brasil-junior-lanca-indice-de-universidades-empreendedoras\">an\u00e7amento do documento foi realizado em novembro, no Minist\u00e9rio da Educa\u00e7\u00e3o (MEC)<\/a>. O estudo busca promover a gera\u00e7\u00e3o de est\u00edmulos para o empreendedorismo nas institui\u00e7\u00f5es de ensino superior, destacando as iniciativas j\u00e1 reconhecidas e que colaboram para o sucesso na \u00e1rea.<\/p>\n<p><strong>Informa\u00e7\u00f5es\u00a0utilizadas na pesquisa<\/strong><\/p>\n<p>A pesquisa envolveu a apura\u00e7\u00e3o de dados coletados por um question\u00e1rio on-line, respondido por mais de quatro mil estudantes, al\u00e9m de informa\u00e7\u00f5es espec\u00edficas sobre as universidades, levantadas por embaixadores do projeto ligados \u00e0s institui\u00e7\u00f5es. A partir dessas informa\u00e7\u00f5es, foi formulado o conceito de universidade empreendedora, e elaborado o ranking que apresenta a classifica\u00e7\u00e3o das universidades quanto a a\u00e7\u00f5es voltadas ao\u00a0empreendedorismo. Al\u00e9m do ranqueamento geral, foram feitas sub-classifica\u00e7\u00f5es, segundo os eixos eleitos como aqueles que mais influenciam para que a universidade seja empreendedora &#8211; cultura empreendedora, extens\u00e3o, inova\u00e7\u00e3o, infraestrutura, internacionaliza\u00e7\u00e3o e capital financeiro.<\/p>\n<p>A UFLA aparece com destaque \u2013 em quarta posi\u00e7\u00e3o, entre as dez primeiras classificadas &#8211; no eixo infraestrutura. Esse eixo leva em conta a qualidade de salas de aula, biblioteca, laborat\u00f3rios de inform\u00e1tica e pesquisa, espa\u00e7os abertos e transporte, al\u00e9m da qualidade das redes de internet e de iniciativas relacionadas a parques tecnol\u00f3gicos. A institui\u00e7\u00e3o est\u00e1 precedida pela Pontif\u00edcia Universidade Cat\u00f3lica do Rio de Janeiro (PUC-RIO), pela Universidade Estadual de Campinas (Unicamp) e pela comunit\u00e1ria Universidade do Extremo Sul Catarinense (Unesc). Ap\u00f3s a UFLA, ainda nas melhores coloca\u00e7\u00f5es, est\u00e3o a Universidade Federal do Rio Grande (URGS), Universidade de S\u00e3o Paulo (USP), Universidade Federal de Minas Gerais (UFMG), Universidade Federal de Santa Maria (UFSM), Universidade Federal de S\u00e3o Carlos (Ufscar) e Universidade Federal de Santa Catarina (UFSC).<\/p>\n<p>Para selecionar as universidades nas quais seria aplicada a pesquisa, os organizadores do \u00cdndice basearam-se no Ranking Universit\u00e1rio da Folha (RUF), partindo ent\u00e3o das cem primeiras institui\u00e7\u00f5es ranqueadas em 2015. Foram exclu\u00eddas dessa amostra aquelas que n\u00e3o possuem empresas juniores ou organiza\u00e7\u00f5es ligadas \u00e0s entidades organizadoras do documento, assim como universidades que n\u00e3o atendiam a outros crit\u00e9rios da pesquisa.<\/p>\n<p>Para levantamento de informa\u00e7\u00f5es complementares ao question\u00e1rio on-line, o \u00cdndice teve a participa\u00e7\u00e3o de estudantes das universidades, que atuaram como embaixadores no projeto, apurando dados diversos, como o n\u00famero de disciplinas de empreendedorismo existente, n\u00famero de projetos de extens\u00e3o, o n\u00famero de empresas incubadas e o n\u00famero de estudantes em interc\u00e2mbio, entre outros. Na UFLA, foram embaixadoras as estudantes de Engenharia Ambiental e Sanit\u00e1ria Gracielly Tomaz e Luisa Santuzzi Alvez.<\/p>\n<p>O <a href=\"https:\/\/d335luupugsy2.cloudfront.net\/cms%2Ffiles%2F19855%2F1480366506Livro+PDF+arrumado4.pdf\"><strong>\u00cdndice<\/strong><\/a>\u00a0publicado\u00a0tra\u00e7a um panorama sobre o empreendedorismo nas universidades brasileiras na vis\u00e3o dos estudantes, e\u00a0traz a pondera\u00e7\u00e3o de que h\u00e1 um longo caminho de melhorias a percorrer: incremento de grades curriculares, de m\u00e9todos de ensino, de intera\u00e7\u00e3o com a sociedade, postura empreendedora do corpo discente e docente, aproxima\u00e7\u00e3o com a realidade do mercado, produ\u00e7\u00e3o de conhecimento e inova\u00e7\u00e3o e investimentos financeiros.<\/p>\n<blockquote><p>A universidade empreendedora \u00e9 a comunidade acad\u00eamica inserida em um ecossistema favor\u00e1vel, que desenvolve a sociedade por meio de pr\u00e1ticas inovadoras&#8221; &#8211; d<em>efini\u00e7\u00e3o de &#8216;universidade empreendedora&#8217;, segundo a publica\u00e7\u00e3o.<\/em><\/p><\/blockquote>\n<p><strong>Sobre os resultados<\/strong><\/p>\n<p>Para o coordenador de Desenvolvimento Tecnol\u00f3gico e Social da UFLA, professor Dany Fl\u00e1vio Tonelli, hoje respons\u00e1vel na Pr\u00f3-Reitoria de Extens\u00e3o e Cultura (Proec) pela coordena\u00e7\u00e3o das a\u00e7\u00f5es institucionais referentes a empresas juniores, o \u00cdndice vai ao encontro do que h\u00e1 de mais recente em pesquisa e debate acad\u00eamico sobre o papel da universidade no mundo contempor\u00e2neo. \u201cUm desses pap\u00e9is \u00e9 contribuir efetivamente para o desenvolvimento tecnol\u00f3gico, social e econ\u00f4mico, especialmente das regi\u00f5es ou \u00e1reas onde essas universidades se inserem. \u00c9 a\u00ed que entra a cultura empreendedora. A UFLA tem se destacado nesse campo, e a Proec, como elo fundamental entre a universidade e a sociedade, deve estimular o empreendedorismo como meio de concretiza\u00e7\u00e3o de transforma\u00e7\u00f5es sociais e econ\u00f4micas. O apoio que temos buscado oferecer \u00e0s empresas juniores \u00e9 um exemplo de a\u00e7\u00e3o direcionada a esses objetivos, j\u00e1 que elas exercem uma import\u00e2ncia fundamental na forma\u00e7\u00e3o e difus\u00e3o da cultura empreendedora&#8221;.<\/p>\n<p>Refor\u00e7ando o quanto a Universidade tem buscado favorecer o empreendedorismo em Lavras e Regi\u00e3o, o coordenador da Incubadora de Empresas de Base Tecnol\u00f3gica (Inbatec) e do Parque Tecnol\u00f3gico da UFLA, professor Luiz Gonzaga de Castro J\u00fanior, \u00a0destaca novas a\u00e7\u00f5es que contribuir\u00e3o ainda mais para esse cen\u00e1rio. \u201cEntre as a\u00e7\u00f5es, podemos destacar o novo edital para incuba\u00e7\u00e3o de empresas na Inbatec, que ser\u00e1 lan\u00e7ado ainda este m\u00eas; o t\u00e9rmino do Parque Tecnol\u00f3gico de Lavras (Lavrastec) em 2017, que viabilizar\u00e1 a estrutura\u00e7\u00e3o de um ambiente de atra\u00e7\u00e3o e desenvolvimento de tecnologias de ponta; o projeto de cria\u00e7\u00e3o do ecossistema empreendedor Ipes Valley \u2013 que prop\u00f5e a realiza\u00e7\u00e3o de eventos de grande porte como <em>Startup Weekend<\/em> e <em>TEDx<\/em>, al\u00e9m de estruturar o processo de pr\u00e9-incuba\u00e7\u00e3o e acelera\u00e7\u00e3o de empresas; e a constru\u00e7\u00e3o de uma rede com outras institui\u00e7\u00f5es de ensino e pesquisa do sul de Minas para viabilizar o Centro Nacional de Tecnologias de Cidade. Al\u00e9m dessas, v\u00e1rias outras iniciativas est\u00e3o em andamento para transformar a UFLA em uma institui\u00e7\u00e3o cada vez mais empreendedora\u201d.<\/p>\n<p><a href=\"https:\/\/d335luupugsy2.cloudfront.net\/cms%2Ffiles%2F19855%2F1480366506Livro+PDF+arrumado4.pdf\">Confira o \u00cdndice de Universidades Empreendedoras &#8211; documento completo.<\/a><\/p>\n","protected":false},"excerpt":{"rendered":"<p>Entre as 42 universidades brasileiras avaliadas na primeira edi\u00e7\u00e3o do \u00cdndice das Universidades Empreendedoras, a Universidade Federal de Lavras (UFLA) alcan\u00e7ou a 4\u00aa coloca\u00e7\u00e3o no quesito \u201cInfraestrutura\u201d, sendo a primeira (&#8230;)<\/p>\n","protected":false},"author":13,"featured_media":0,"comment_status":"closed","ping_status":"closed","sticky":false,"template":"","format":"standard","meta":{"ngg_post_thumbnail":0,"footnotes":""},"categories":[1],"tags":[],"class_list":["post-126478","post","type-post","status-publish","format-standard","hentry","category-noticias"],"_links":{"self":[{"href":"https:\/\/www.ufla.br\/dcom\/wp-json\/wp\/v2\/posts\/126478","targetHints":{"allow":["GET"]}}],"collection":[{"href":"https:\/\/www.ufla.br\/dcom\/wp-json\/wp\/v2\/posts"}],"about":[{"href":"https:\/\/www.ufla.br\/dcom\/wp-json\/wp\/v2\/types\/post"}],"author":[{"embeddable":true,"href":"https:\/\/www.ufla.br\/dcom\/wp-json\/wp\/v2\/users\/13"}],"replies":[{"embeddable":true,"href":"https:\/\/www.ufla.br\/dcom\/wp-json\/wp\/v2\/comments?post=126478"}],"version-history":[{"count":12,"href":"https:\/\/www.ufla.br\/dcom\/wp-json\/wp\/v2\/posts\/126478\/revisions"}],"predecessor-version":[{"id":126511,"href":"https:\/\/www.ufla.br\/dcom\/wp-json\/wp\/v2\/posts\/126478\/revisions\/126511"}],"wp:attachment":[{"href":"https:\/\/www.ufla.br\/dcom\/wp-json\/wp\/v2\/media?parent=126478"}],"wp:term":[{"taxonomy":"category","embeddable":true,"href":"https:\/\/www.ufla.br\/dcom\/wp-json\/wp\/v2\/categories?post=126478"},{"taxonomy":"post_tag","embeddable":true,"href":"https:\/\/www.ufla.br\/dcom\/wp-json\/wp\/v2\/tags?post=126478"}],"curies":[{"name":"wp","href":"https:\/\/api.w.org\/{rel}","templated":true}]}}