{"id":125849,"date":"2016-11-28T14:26:41","date_gmt":"2016-11-28T17:26:41","guid":{"rendered":"http:\/\/www.ufla.br\/ascom\/?p=125849"},"modified":"2016-12-01T08:56:59","modified_gmt":"2016-12-01T11:56:59","slug":"i-encontro-regional-de-pessoas-trans-sera-realizado-na-ufla-no-sabado-312","status":"publish","type":"post","link":"https:\/\/www.ufla.br\/dcom\/2016\/11\/28\/i-encontro-regional-de-pessoas-trans-sera-realizado-na-ufla-no-sabado-312\/","title":{"rendered":"I Encontro Regional de Pessoas Trans ser\u00e1 realizado na UFLA no s\u00e1bado (3\/12)"},"content":{"rendered":"<p><a href=\"http:\/\/www.ufla.br\/ascom\/wp-content\/uploads\/2016\/11\/pessoas-trans.jpg\"><img loading=\"lazy\" decoding=\"async\" class=\"aligncenter size-full wp-image-125850\" src=\"http:\/\/www.ufla.br\/ascom\/wp-content\/uploads\/2016\/11\/pessoas-trans.jpg\" alt=\"pessoas-trans\" width=\"559\" height=\"170\" srcset=\"https:\/\/www.ufla.br\/dcom\/wp-content\/uploads\/2016\/11\/pessoas-trans.jpg 559w, https:\/\/www.ufla.br\/dcom\/wp-content\/uploads\/2016\/11\/pessoas-trans-249x76.jpg 249w\" sizes=\"auto, (max-width: 559px) 100vw, 559px\" \/><\/a>Ocorrer\u00e1 no s\u00e1bado (3\/12), na Universidade Federal de Lavras (UFLA), o I Encontro Regional de Pessoas Trans. A programa\u00e7\u00e3o ter\u00e1 in\u00edcio \u00e0s 9h e t\u00e9rmino \u00e0s 19h30. O evento \u00e9 gratuito e aberto \u00e0 comunidade. As inscri\u00e7\u00f5es podem ser feitas pelo Sistema Integrado de Gest\u00e3o (<a href=\"https:\/\/sig.ufla.br\/modulos\/publico\/eventos\/exibir.php?cod_evento_instituicao=4108\">SIG Eventos<\/a>). Para quem optar por realizar a inscri\u00e7\u00e3o durante o evento, haver\u00e1 volunt\u00e1rios para auxiliar o p\u00fablico externo com o acesso ao Sistema.<\/p>\n<p>No per\u00edodo da manh\u00e3 as atividades ocorrer\u00e3o no Anfiteatro Professor Magno Ant\u00f4nio Patto Ramalho, Departamento de Biologia (DBI). Nesse momento ser\u00e3o abordadas a\u00a0forma\u00e7\u00e3o, a hist\u00f3ria e a organiza\u00e7\u00e3o da Associa\u00e7\u00e3o Nacional de Travestis e Transexuais (Antra) e do Instituto Brasileiro de Transmasculinidades (Ibrat). Os palestrantes ser\u00e3o Benjamim Braga (Ibrat) e Adriana Sales (Antra).<\/p>\n<p>J\u00e1 no per\u00edodo da tarde, entre 13h30 e 15h30, as atividades ser\u00e3o no Pavilh\u00e3o de Aulas II e incluir\u00e3o rodas de auto-organiza\u00e7\u00e3o da Antra e do Ibrat, al\u00e9m de espa\u00e7os de forma\u00e7\u00e3o para trabalhadores culturais e pessoas cisg\u00eanero (as que se identificam com a identidade de g\u00eanero socialmente atribu\u00edda) sobre os temas do Encontro\u00a0e sobre o atendimento \u00e0 popula\u00e7\u00e3o trans. \u00c0s 16h, a programa\u00e7\u00e3o continua no Anfiteatro do DBI, quando ser\u00e1 elaborado documento com as delibera\u00e7\u00f5es e demandas levantadas durante o evento.<\/p>\n<p>O encerramento ocorrer\u00e1 com um cinedebate a partir da exibi\u00e7\u00e3o\u00a0do filme \u201cMeu nome \u00e9 Jacque\u201d e do\u00a0curta \u201cTransfobia\u201d.\u00a0O evento \u00e9 organizado pela professora do Departamento de Educa\u00e7\u00e3o (DED) Catarina Dallapicula e tem o apoio da Adufla, do Conselho Regional de Psicologia de Minas Gerais, do SindUFLA e da Pr\u00f3-Reitoria de Assuntos Estudantis e Comunit\u00e1rios (Praec), por meio da Coordenadoria das Diversidades e Diferen\u00e7as.<\/p>\n<p>Para outras informa\u00e7\u00f5es, entre em contato com os organizadores pela\u00a0<a href=\"https:\/\/www.facebook.com\/events\/911800705620515\/permalink\/925248214275764\/\">p\u00e1gina do evento no Facebook<\/a>.<\/p>\n<p><strong>Outras agendas<\/strong><\/p>\n<p>O tema das diversidades de g\u00eanero\u00a0tem mobilizado outras iniciativas. No dia 23\/11, o livro \u201cA pol\u00edtica do corpo: g\u00eanero e sexualidade em disputa\u201d passou por nova etapa de lan\u00e7amento durante a abertura do VIII Congresso Internacional de Estudos sobre a Diversidade Sexual e de G\u00eanero da Associa\u00e7\u00e3o Brasileira de Estudos da Homocultura, em Juiz de Fora. O livro \u00e9 organizado por Alexsandro Rodrigues, Gustavo Monzeli e S\u00e9rgio Rodrigo da Silva Ferreira e possui um cap\u00edtulo escrito pela professora Catarina, em parceria com o estudante de Filosofia Miguel da Silva Fonseca e com o estudante de Pedagogia Allan Felipe Rocha Penoni. [<a href=\"http:\/\/www.ufla.br\/ascom\/2016\/10\/03\/professora-do-ded-tem-participacao-em-livro-que-sera-lancado-nesta-terca-410-na-ufes\/\">Saiba mais sobre o lan\u00e7amento inicial<\/a>]\n<p>Tamb\u00e9m durante a programa\u00e7\u00e3o do Congresso -no simp\u00f3sio tem\u00e1tico sobre &#8220;Ativismos e produ\u00e7\u00f5es acad\u00eamicas LGBT, feministas e queer em tempos de ascens\u00e3o conservadora no Brasil&#8221; &#8211; foram apresentados os\u00a0resultados do projeto de pesquisa \u201cO Nome social nas Ifes: suas implica\u00e7\u00f5es enquanto possibilidades de vida\u201d. \u00a0As problematiza\u00e7\u00f5es iniciais desse projeto \u00e9 que deram origem ao cap\u00edtulo do livro lan\u00e7ado recentemente.<\/p>\n","protected":false},"excerpt":{"rendered":"<p>Ocorrer\u00e1 no s\u00e1bado (3\/12), na Universidade Federal de Lavras (UFLA), o I Encontro Regional de Pessoas Trans. A programa\u00e7\u00e3o ter\u00e1 in\u00edcio \u00e0s 9h e t\u00e9rmino \u00e0s 19h30. O evento \u00e9 gratuito e aberto \u00e0 comunidade. As inscri\u00e7\u00f5es podem ser feitas pelo Sistema Integrado de Gest\u00e3o (SIG Eventos). Para quem optar por realizar a inscri\u00e7\u00e3o durante &hellip; <a href=\"https:\/\/www.ufla.br\/dcom\/2016\/11\/28\/i-encontro-regional-de-pessoas-trans-sera-realizado-na-ufla-no-sabado-312\/\" class=\"more-link\">Continue lendo <span class=\"screen-reader-text\">I Encontro Regional de Pessoas Trans ser\u00e1 realizado na UFLA no s\u00e1bado (3\/12)<\/span> <span class=\"meta-nav\">&rarr;<\/span><\/a><\/p>\n","protected":false},"author":13,"featured_media":0,"comment_status":"closed","ping_status":"closed","sticky":false,"template":"","format":"standard","meta":{"ngg_post_thumbnail":0,"footnotes":""},"categories":[1,10],"tags":[],"class_list":["post-125849","post","type-post","status-publish","format-standard","hentry","category-noticias","category-menores"],"_links":{"self":[{"href":"https:\/\/www.ufla.br\/dcom\/wp-json\/wp\/v2\/posts\/125849","targetHints":{"allow":["GET"]}}],"collection":[{"href":"https:\/\/www.ufla.br\/dcom\/wp-json\/wp\/v2\/posts"}],"about":[{"href":"https:\/\/www.ufla.br\/dcom\/wp-json\/wp\/v2\/types\/post"}],"author":[{"embeddable":true,"href":"https:\/\/www.ufla.br\/dcom\/wp-json\/wp\/v2\/users\/13"}],"replies":[{"embeddable":true,"href":"https:\/\/www.ufla.br\/dcom\/wp-json\/wp\/v2\/comments?post=125849"}],"version-history":[{"count":6,"href":"https:\/\/www.ufla.br\/dcom\/wp-json\/wp\/v2\/posts\/125849\/revisions"}],"predecessor-version":[{"id":125861,"href":"https:\/\/www.ufla.br\/dcom\/wp-json\/wp\/v2\/posts\/125849\/revisions\/125861"}],"wp:attachment":[{"href":"https:\/\/www.ufla.br\/dcom\/wp-json\/wp\/v2\/media?parent=125849"}],"wp:term":[{"taxonomy":"category","embeddable":true,"href":"https:\/\/www.ufla.br\/dcom\/wp-json\/wp\/v2\/categories?post=125849"},{"taxonomy":"post_tag","embeddable":true,"href":"https:\/\/www.ufla.br\/dcom\/wp-json\/wp\/v2\/tags?post=125849"}],"curies":[{"name":"wp","href":"https:\/\/api.w.org\/{rel}","templated":true}]}}