{"id":125679,"date":"2016-11-23T23:00:17","date_gmt":"2016-11-24T02:00:17","guid":{"rendered":"http:\/\/www.ufla.br\/ascom\/?p=125679"},"modified":"2016-12-02T09:40:37","modified_gmt":"2016-12-02T12:40:37","slug":"realizada-em-natal-rn-abertura-de-evento-nacional-sobre-biodiesel-ufla-faz-parte-da-organizacao","status":"publish","type":"post","link":"https:\/\/www.ufla.br\/dcom\/2016\/11\/23\/realizada-em-natal-rn-abertura-de-evento-nacional-sobre-biodiesel-ufla-faz-parte-da-organizacao\/","title":{"rendered":"Realizada em Natal (RN) abertura de evento nacional sobre Biodiesel \u2013 UFLA faz parte da organiza\u00e7\u00e3o"},"content":{"rendered":"<p><a href=\"http:\/\/www.ufla.br\/ascom\/wp-content\/uploads\/2016\/11\/congresso-biodiesel-1.jpg\"><img loading=\"lazy\" decoding=\"async\" class=\"alignleft size-medium wp-image-125682\" src=\"http:\/\/www.ufla.br\/ascom\/wp-content\/uploads\/2016\/11\/congresso-biodiesel-1-249x177.jpg\" alt=\"congresso-biodiesel-1\" width=\"249\" height=\"177\" srcset=\"https:\/\/www.ufla.br\/dcom\/wp-content\/uploads\/2016\/11\/congresso-biodiesel-1-249x177.jpg 249w, https:\/\/www.ufla.br\/dcom\/wp-content\/uploads\/2016\/11\/congresso-biodiesel-1.jpg 473w\" sizes=\"auto, (max-width: 249px) 100vw, 249px\" \/><\/a>O <strong>6\u00ba Congresso da Rede Brasileira de Tecnologia de Biodiesel<\/strong> e o<strong> 9\u00ba Congresso Brasileiro de Plantas Oleaginosas, \u00d3leos, Gorduras e Biodiesel<\/strong> foram abertos oficialmente na ter\u00e7a-feira (22\/11) em Natal (RN). As atividades seguem at\u00e9 sexta-feira (25\/11), envolvem cerca de 600 participantes e a apresenta\u00e7\u00e3o de 720 trabalhos cient\u00edficos.<\/p>\n<p>O evento \u00e9 promovido pelo Minist\u00e9rio da Ci\u00eancia, Tecnologia e Inova\u00e7\u00e3o (<a href=\"http:\/\/www.mcti.gov.br\/\">MCTI<\/a>), a Universidade Federal de Lavras (<a href=\"http:\/\/www.ufla.br\/portal\/\">UFLA<\/a>), a Universidade Federal do Rio Grande do Norte (<a href=\"http:\/\/www.ufrn.br\/\">UFRN<\/a>) e a Rede Brasileira de Tecnologia de Biodiesel (<a href=\"http:\/\/www.mme.gov.br\/programas\/biodiesel\/menu\/rede_brasileira_tecnologia\/sobre_a_rede\">RBTB<\/a>). Da UFLA, est\u00e1 \u00e0 frente da organiza\u00e7\u00e3o o N\u00facleo de Estudos em Plantas Oleaginosas, \u00d3leos, Gorduras e Biodiesel (<a href=\"http:\/\/www.dag.ufla.br\/index.php\/nucleos-de-estudos-4\/\">G-\u00d3leo<\/a>). O professor do Departamento de Engenharia (DEG\/UFLA) Pedro Castro Neto \u00e9 o presidente da Comiss\u00e3o Organizadora, e o professor Ant\u00f4nio Carlos Fraga (DAG\/UFLA) preside a Comiss\u00e3o Cient\u00edfica.<\/p>\n<p>Durante a solenidade de abertura do Congresso, a mesa de honra foi formada pelas seguintes autoridades: o procurador geral de Natal, Jos\u00e9 Dion\u00edzio Silva, que representou o prefeito do munic\u00edpio; o secret\u00e1rio nacional de Desenvolvimento Tecnol\u00f3gico e Inova\u00e7\u00e3o, do MCTI, \u00c1lvaro Prata; o coordenador da Comiss\u00e3o Executiva Interministerial do Biodiesel da Casa Civil da Presid\u00eancia da Rep\u00fablica, Rodrigo Rodrigues; a reitora da UFRN e presidente da Andifes, professora \u00c2ngela Maria Paiva Cruz; o chefe do DEG\/UFLA, professor Carlos Eduardo Silva Vopalto (que representou o reitor da UFLA, professor Jos\u00e9 Roberto Soares Scolforo); o coordenador geral da Rede Brasileira de Tecnologia do Biodiesel, Rafael Silva Menezes; e o presidente do Congresso Brasileiro de Plantas Oleaginosas, \u00d3leos, Gorduras e Biodiesel, o professor da UFLA Pedro Castro Neto.<\/p>\n<p>O Congresso \u00e9 considerado o principal evento t\u00e9cnico-cient\u00edfico da \u00e1rea no Brasil, sendo refer\u00eancia nacional para as \u00e1reas de <a href=\"http:\/\/www.ufla.br\/ascom\/wp-content\/uploads\/2016\/11\/congresso-biodiesel-2.jpg\"><img loading=\"lazy\" decoding=\"async\" class=\"alignright size-medium wp-image-125681\" src=\"http:\/\/www.ufla.br\/ascom\/wp-content\/uploads\/2016\/11\/congresso-biodiesel-2-249x168.jpg\" alt=\"congresso-biodiesel-2\" width=\"249\" height=\"168\" srcset=\"https:\/\/www.ufla.br\/dcom\/wp-content\/uploads\/2016\/11\/congresso-biodiesel-2-249x168.jpg 249w, https:\/\/www.ufla.br\/dcom\/wp-content\/uploads\/2016\/11\/congresso-biodiesel-2.jpg 540w\" sizes=\"auto, (max-width: 249px) 100vw, 249px\" \/><\/a>produ\u00e7\u00e3o de plantas oleaginosas, \u00f3leos, gorduras e biodiesel. A programa\u00e7\u00e3o busca apresentar as principais inova\u00e7\u00f5es e tecnologias desenvolvidas dentro dos diferentes setores da cadeia produtiva por meio de palestras, simp\u00f3sios, reuni\u00f5es t\u00e9cnicas, mesas-redondas, apresenta\u00e7\u00e3o de trabalhos cient\u00edficos e exposi\u00e7\u00e3o de equipamentos e servi\u00e7os. O tema central da edi\u00e7\u00e3o \u00e9 <strong>\u201cBiodiesel: 10 anos de Pesquisa, Desenvolvimento e Inova\u00e7\u00e3o no Brasil\u201d.<\/strong><\/p>\n<p>S\u00e3o apoiadores do evento o\u00a0Conselho Nacional de Desenvolvimento Cient\u00edfico e Tecnol\u00f3gico\u00a0(<a href=\"http:\/\/cnpq.br\/\">CNPq<\/a>),\u00a0a Financiadora de Estudos e Projetos\u00a0(<a href=\"http:\/\/www.finep.gov.br\/\">Finep<\/a>), a\u00a0Coordena\u00e7\u00e3o de Aperfei\u00e7oamento de Pessoal de N\u00edvel Superior\u00a0(<a href=\"http:\/\/www.capes.gov.br\/\">Capes<\/a>),\u00a0a Funda\u00e7\u00e3o de Apoio \u00e0 Pesquisa de <a href=\"http:\/\/www.ufla.br\/ascom\/wp-content\/uploads\/2016\/11\/congresso-biodiesel-3.jpg\"><img loading=\"lazy\" decoding=\"async\" class=\"alignright size-medium wp-image-125680\" src=\"http:\/\/www.ufla.br\/ascom\/wp-content\/uploads\/2016\/11\/congresso-biodiesel-3-249x166.jpg\" alt=\"congresso-biodiesel-3\" width=\"249\" height=\"166\" srcset=\"https:\/\/www.ufla.br\/dcom\/wp-content\/uploads\/2016\/11\/congresso-biodiesel-3-249x166.jpg 249w, https:\/\/www.ufla.br\/dcom\/wp-content\/uploads\/2016\/11\/congresso-biodiesel-3.jpg 501w\" sizes=\"auto, (max-width: 249px) 100vw, 249px\" \/><\/a>Minas Gerais\u00a0(<a href=\"http:\/\/www.fapemig.br\/pt-br\/\">Fapemig<\/a>),\u00a0a Associa\u00e7\u00e3o dos Produtores de Biodiesel do Brasil\u00a0(<a href=\"http:\/\/aprobio.com.br\/associacao\/quem-somos\/\">Aprobio<\/a>),\u00a0a Uni\u00e3o Brasileira do Biodiesel e Bioquerosene\u00a0(<a href=\"http:\/\/www.ubrabio.com.br\/1891\/textos\/quemsomos_29614\/\">Ubrabio<\/a>), a Associa\u00e7\u00e3o Brasileira das Ind\u00fastrias de \u00d3leos Vegetais (<a href=\"http:\/\/www.abiove.org.br\/\">Abiove<\/a>), a Funda\u00e7\u00e3o de Apoio \u00e0 Pesquisa do Rio Grande do Norte (<a href=\"http:\/\/www.fapern.rn.gov.br\/\">FapeRN<\/a>), o Instituto Nacional de Tecologia (<a href=\"http:\/\/www.int.gov.br\/\">INT<\/a>), a Empresa de Pesquisa Agropecu\u00e1ria (<a href=\"https:\/\/www.embrapa.br\/\">Embrapa<\/a>) e a \u00a0<a href=\"https:\/\/www.facebook.com\/OLEA-183725165301400\">Olea<\/a>\u00a0\u2013 empresa da Incubadora de Base Tecnol\u00f3gica da UFLA.<\/p>\n<p>Consulte outras inform\u00e7\u00f5es sobre o evento em:\u00a0<a href=\"http:\/\/oleo.ufla.br\/congresso2016\/\">http:\/\/oleo.ufla.br\/congresso2016\/<\/a>.<\/p>\n<h5>Fotos cedidas pela organiza\u00e7\u00e3o.<\/h5>\n","protected":false},"excerpt":{"rendered":"<p>O 6\u00ba Congresso da Rede Brasileira de Tecnologia de Biodiesel e o 9\u00ba Congresso Brasileiro de Plantas Oleaginosas, \u00d3leos, Gorduras e Biodiesel foram abertos oficialmente na ter\u00e7a-feira (22\/11) (&#8230;)<\/p>\n","protected":false},"author":13,"featured_media":0,"comment_status":"closed","ping_status":"closed","sticky":false,"template":"","format":"standard","meta":{"ngg_post_thumbnail":0,"footnotes":""},"categories":[1],"tags":[],"class_list":["post-125679","post","type-post","status-publish","format-standard","hentry","category-noticias"],"_links":{"self":[{"href":"https:\/\/www.ufla.br\/dcom\/wp-json\/wp\/v2\/posts\/125679","targetHints":{"allow":["GET"]}}],"collection":[{"href":"https:\/\/www.ufla.br\/dcom\/wp-json\/wp\/v2\/posts"}],"about":[{"href":"https:\/\/www.ufla.br\/dcom\/wp-json\/wp\/v2\/types\/post"}],"author":[{"embeddable":true,"href":"https:\/\/www.ufla.br\/dcom\/wp-json\/wp\/v2\/users\/13"}],"replies":[{"embeddable":true,"href":"https:\/\/www.ufla.br\/dcom\/wp-json\/wp\/v2\/comments?post=125679"}],"version-history":[{"count":5,"href":"https:\/\/www.ufla.br\/dcom\/wp-json\/wp\/v2\/posts\/125679\/revisions"}],"predecessor-version":[{"id":125688,"href":"https:\/\/www.ufla.br\/dcom\/wp-json\/wp\/v2\/posts\/125679\/revisions\/125688"}],"wp:attachment":[{"href":"https:\/\/www.ufla.br\/dcom\/wp-json\/wp\/v2\/media?parent=125679"}],"wp:term":[{"taxonomy":"category","embeddable":true,"href":"https:\/\/www.ufla.br\/dcom\/wp-json\/wp\/v2\/categories?post=125679"},{"taxonomy":"post_tag","embeddable":true,"href":"https:\/\/www.ufla.br\/dcom\/wp-json\/wp\/v2\/tags?post=125679"}],"curies":[{"name":"wp","href":"https:\/\/api.w.org\/{rel}","templated":true}]}}