{"id":125609,"date":"2016-11-23T23:38:34","date_gmt":"2016-11-24T02:38:34","guid":{"rendered":"http:\/\/www.ufla.br\/ascom\/?p=125609"},"modified":"2016-12-02T17:06:37","modified_gmt":"2016-12-02T20:06:37","slug":"mais-uma-semana-de-negociacoes-em-brasilia-tem-como-pauta-principal-o-orcamento-da-ufla-em-2017","status":"publish","type":"post","link":"https:\/\/www.ufla.br\/dcom\/2016\/11\/23\/mais-uma-semana-de-negociacoes-em-brasilia-tem-como-pauta-principal-o-orcamento-da-ufla-em-2017\/","title":{"rendered":"Mais uma semana de negocia\u00e7\u00f5es em Bras\u00edlia tem como pauta principal o or\u00e7amento da UFLA em 2017"},"content":{"rendered":"<figure id=\"attachment_125610\" aria-describedby=\"caption-attachment-125610\" style=\"width: 249px\" class=\"wp-caption alignleft\"><a href=\"http:\/\/www.ufla.br\/ascom\/wp-content\/uploads\/2016\/11\/2016-11-24-PHOTO-00000003.jpg\"><img loading=\"lazy\" decoding=\"async\" class=\"size-medium wp-image-125610\" src=\"http:\/\/www.ufla.br\/ascom\/wp-content\/uploads\/2016\/11\/2016-11-24-PHOTO-00000003-249x166.jpg\" alt=\"Reuni\u00e3o no Minist\u00e9rio da Educa\u00e7\u00e3o - com o ministro, secret\u00e1rios e deputados federais\" width=\"249\" height=\"166\" srcset=\"https:\/\/www.ufla.br\/dcom\/wp-content\/uploads\/2016\/11\/2016-11-24-PHOTO-00000003-249x166.jpg 249w, https:\/\/www.ufla.br\/dcom\/wp-content\/uploads\/2016\/11\/2016-11-24-PHOTO-00000003-768x512.jpg 768w, https:\/\/www.ufla.br\/dcom\/wp-content\/uploads\/2016\/11\/2016-11-24-PHOTO-00000003-612x408.jpg 612w, https:\/\/www.ufla.br\/dcom\/wp-content\/uploads\/2016\/11\/2016-11-24-PHOTO-00000003.jpg 960w\" sizes=\"auto, (max-width: 249px) 100vw, 249px\" \/><\/a><figcaption id=\"caption-attachment-125610\" class=\"wp-caption-text\">Reuni\u00e3o no Minist\u00e9rio da Educa\u00e7\u00e3o &#8211; durante o per\u00edodo de negocia\u00e7\u00f5es &#8211; com o ministro, secret\u00e1rios e deputados federais<\/figcaption><\/figure>\n<p>Nesta semana, o reitor da Universidade Federal de Lavras (UFLA), professor Jos\u00e9 Roberto Scolforo, participou de mais uma rodada de reuni\u00f5es em Bras\u00edlia\u00a0para reverter os contingenciamentos do or\u00e7amento de 2016 e garantir adicionais para o or\u00e7amento de 2017. As reuni\u00f5es com foco no or\u00e7amento tiveram in\u00edcio h\u00e1 cinco semanas, com viagens semanais a Bras\u00edlia, e seguem at\u00e9 a pr\u00f3xima semana, decisiva para a finaliza\u00e7\u00e3o das negocia\u00e7\u00f5es relacionadas ao or\u00e7amento das universidades federais em 2017 &#8211; PLOA\/2017.<\/p>\n<p>As reuni\u00f5es s\u00e3o acompanhadas do assessor para Assuntos de Parcerias, professor Ant\u00f4nio Nazareno Guimar\u00e3es Mendes e do assessor Especial de Governo, Wagner Vilas Boas de Souza.<\/p>\n<p>Al\u00e9m de garantir adicionais importantes para o or\u00e7amento de 2017, tamb\u00e9m foram feitas\u00a0articula\u00e7\u00f5es e negocia\u00e7\u00f5es que resultaram no descontingenciamento total do\u00a0Or\u00e7amento de 2016, com \u00eanfase nos recursos na rubrica de custeio (que chegou a 20%) e de capital (que chegou a 50%, o que implicaria na paraliza\u00e7\u00e3o e no comprometimento de cerca de 30\u00a0obras que se encontram\u00a0em andamento no c\u00e2mpus universit\u00e1rio).<\/p>\n<p>Para tanto, foram muitas reuni\u00f5es, em todas as esferas de decis\u00e3o do Minist\u00e9rio da Educa\u00e7\u00e3o (MEC), particularmente com o\u00a0ministro Mendon\u00e7a Filho, o secret\u00e1rio de Ensino Superior (Sesu\/MEC) Paulo\u00a0Barone e a subsecret\u00e1ria de Planejamento e Or\u00e7amento Iara Pinheiro.<\/p>\n<p>Nessas reuni\u00f5es, houve a presen\u00e7a constante de deputados da bancada de parlamentares de Minas Gerais, especialmente do deputado federal\u00a0Carlos Melles &#8211; DEM\/MG, que \u00e9 da base aliada do atual Governo e que\u00a0mant\u00e9m uma\u00a0rela\u00e7\u00e3o de apoio e amizade com a Dire\u00e7\u00e3o Executiva da UFLA h\u00e1 pelo menos\u00a020 anos.<\/p>\n<p>Em rela\u00e7\u00e3o ao or\u00e7amento de 2017, o reitor defendeu uma emenda da bancada mineira no PLOA-2017, que ser\u00e1 alocada na UFLA. A a\u00e7\u00e3o logrou \u00eaxito e a bancada encaminhou \u00e0 Relatoria Setorial de Educa\u00e7\u00e3o e Cultura da\u00a0Comiss\u00e3o Mista de Or\u00e7amento um pleito de R$ 100 milh\u00f5es, por meio de uma emenda de bancada n\u00e3o impositiva (atendendo a uma solicita\u00e7\u00e3o do Governo de MG, a bancada destinou seu limite de duas emendas impositivas \u00e0s \u00e1reas de Seguran\u00e7a P\u00fablica e de Sa\u00fade).<\/p>\n<p>Na sequ\u00eancia, para viabilizar a emenda destinada ao or\u00e7amento da UFLA,\u00a0as negocia\u00e7\u00f5es tiveram prosseguimento com o\u00a0relator Setorial de Educa\u00e7\u00e3o e Cultura, deputado federal S\u00e9rgio Souza &#8211; PMDB\/PR, sempre contando com o apoio de deputados federais que s\u00e3o parceiros da UFLA, como Carlos Melles &#8211; DEM\/MG,\u00a0Domingos S\u00e1vio &#8211; PSDB\/MG,\u00a0Reginaldo Lopes &#8211; PT\/MG. Os deputados Reginaldo Lopes e Domingos S\u00e1vio destinaram ainda, do montante de suas emendas individuais, duas emendas \u00e0 UFLA, respectivamente\u00a0no valor de R$ 500 mil e R$ 250 mil\u00a0para o ano de 2017.<\/p>\n<figure id=\"attachment_125689\" aria-describedby=\"caption-attachment-125689\" style=\"width: 249px\" class=\"wp-caption alignright\"><a href=\"http:\/\/www.ufla.br\/ascom\/wp-content\/uploads\/2016\/11\/reitor-emenda.jpg\"><img loading=\"lazy\" decoding=\"async\" class=\"size-medium wp-image-125689\" src=\"http:\/\/www.ufla.br\/ascom\/wp-content\/uploads\/2016\/11\/reitor-emenda-249x187.jpg\" alt=\"Reitor consegue emenda para a UFLA.\" width=\"249\" height=\"187\" srcset=\"https:\/\/www.ufla.br\/dcom\/wp-content\/uploads\/2016\/11\/reitor-emenda-249x187.jpg 249w, https:\/\/www.ufla.br\/dcom\/wp-content\/uploads\/2016\/11\/reitor-emenda-768x577.jpg 768w, https:\/\/www.ufla.br\/dcom\/wp-content\/uploads\/2016\/11\/reitor-emenda-612x460.jpg 612w, https:\/\/www.ufla.br\/dcom\/wp-content\/uploads\/2016\/11\/reitor-emenda.jpg 1006w\" sizes=\"auto, (max-width: 249px) 100vw, 249px\" \/><\/a><figcaption id=\"caption-attachment-125689\" class=\"wp-caption-text\">Da esq. p\/ dir.: prof. Nazareno, deputado Reginaldo Lopes e prof. Scolforo.<\/figcaption><\/figure>\n<p>V\u00e1rias audi\u00eancias foram realizadas na Relatoria Setorial de Educa\u00e7\u00e3o e Cultura, com consultores do or\u00e7amento, com o relator e t\u00e9cnicos da Comiss\u00e3o Mista de Or\u00e7amento e continuar\u00e3o at\u00e9 a primeira semana de dezembro, quando o reitor e seus assessores dever\u00e3o finalizar os entendimentos com o relator-geral do Or\u00e7amento, senador Eduardo Braga &#8211; PMDB\/AM e sua equipe.<\/p>\n<p><b>Visita ao CNPq<\/b><\/p>\n<p>Em paralelo \u00e0s negocia\u00e7\u00f5es relativas ao or\u00e7amento (recupera\u00e7\u00e3o de dota\u00e7\u00f5es de 2016 e negocia\u00e7\u00e3o do PLOA-2017), foram realizadas audi\u00eancias no CNPq, em visita ao novo presidente, professor M\u00e1rio Neto Borges, que \u00e9 professor\u00a0<i>Honoris Causa<\/i>\u00a0da UFLA, professor aposentado pela UFSJ, ex-diretor Cient\u00edfico e presidente da Fapemig, de 2004 a 2014.<\/p>\n<p>No CNPq, foram discutidos projetos do interesse da UFLA, como a libera\u00e7\u00e3o de recursos do Instituto Nacional de Ci\u00eancia e Tecnologia do Caf\u00e9 (INCT-Caf\u00e9), que ocorrer\u00e1 em breve, com recursos assegurados pelo CNPq, Capes e Fapemig. Tamb\u00e9m foram pautadas as possibilidades de avan\u00e7o nas negocia\u00e7\u00f5es de outros dois INCT\u00b4s apresentados pela UFLA e cujos projetos foram recomendados na Chamada INCT \u2013\u00a0MCTI\/CNPq\/CAPES\/FAPs n\u00ba 16\/2014.<\/p>\n<figure id=\"attachment_125611\" aria-describedby=\"caption-attachment-125611\" style=\"width: 249px\" class=\"wp-caption alignleft\"><a href=\"http:\/\/www.ufla.br\/ascom\/wp-content\/uploads\/2016\/11\/2016-11-24-PHOTO-00000002.jpg\"><img loading=\"lazy\" decoding=\"async\" class=\"size-medium wp-image-125611\" src=\"http:\/\/www.ufla.br\/ascom\/wp-content\/uploads\/2016\/11\/2016-11-24-PHOTO-00000002-249x140.jpg\" alt=\"O ministro do Esporte, Leonardo Picciani, o deputado Carlos Melles e Scolforo: para novos projetos voltados ao esporte e consolida\u00e7\u00e3o e equipamentos para a Pista de Atletismo \" width=\"249\" height=\"140\" srcset=\"https:\/\/www.ufla.br\/dcom\/wp-content\/uploads\/2016\/11\/2016-11-24-PHOTO-00000002-249x140.jpg 249w, https:\/\/www.ufla.br\/dcom\/wp-content\/uploads\/2016\/11\/2016-11-24-PHOTO-00000002-768x432.jpg 768w, https:\/\/www.ufla.br\/dcom\/wp-content\/uploads\/2016\/11\/2016-11-24-PHOTO-00000002-612x344.jpg 612w, https:\/\/www.ufla.br\/dcom\/wp-content\/uploads\/2016\/11\/2016-11-24-PHOTO-00000002.jpg 1040w\" sizes=\"auto, (max-width: 249px) 100vw, 249px\" \/><\/a><figcaption id=\"caption-attachment-125611\" class=\"wp-caption-text\">O ministro do Esporte, Leonardo Picciani, o deputado Carlos Melles e Scolforo: para novos projetos voltados ao esporte e consolida\u00e7\u00e3o e equipamentos para a Pista de Atletismo<\/figcaption><\/figure>\n<p>Solicitou-se ainda o apoio do professor M\u00e1rio Neto para o encaminhamento de proposta ao Minist\u00e9rio de Ci\u00eancia, Tecnologia, Inova\u00e7\u00e3o e Comunica\u00e7\u00f5es (MCTIC) e \u00e0 Financiadora de Estudos e projetos (Finep), relacionada \u00e0 conclus\u00e3o do Parque Cient\u00edfico e Tecnol\u00f3gico de Lavras \u2013 Lavrastec.<\/p>\n<p><b>Minist\u00e9rio dos Esportes <\/b><\/p>\n<p>O reitor Scolforo, acompanhado pelo deputado Carlos Melles, foi recebido em audi\u00eancia pelo ministro do Esporte, Leonardo Picciani, nesta ter\u00e7a-feira (23\/11). Na oportunidade, foram discutidos projetos da UFLA j\u00e1 aprovados pelo Minist\u00e9rio do Esporte e que aguardam disponibilidade or\u00e7ament\u00e1ria para libera\u00e7\u00e3o dos recursos &#8211; a piscina ol\u00edmpica aquecida, o Gin\u00e1sio de Gin\u00e1stica Aer\u00f3bica e os equipamentos da Pista de Atletismo, j\u00e1 conclu\u00edda e em pleno funcionamento.<\/p>\n","protected":false},"excerpt":{"rendered":"<p>Nesta semana, o reitor da Universidade Federal de Lavras (UFLA), professor Jos\u00e9 Roberto Scolforo, participou de mais uma rodada de reuni\u00f5es em Bras\u00edlia para reverter os contingenciamentos do or\u00e7amento (&#8230;)<\/p>\n","protected":false},"author":6,"featured_media":0,"comment_status":"closed","ping_status":"closed","sticky":false,"template":"","format":"standard","meta":{"ngg_post_thumbnail":0,"footnotes":""},"categories":[1],"tags":[],"class_list":["post-125609","post","type-post","status-publish","format-standard","hentry","category-noticias"],"_links":{"self":[{"href":"https:\/\/www.ufla.br\/dcom\/wp-json\/wp\/v2\/posts\/125609","targetHints":{"allow":["GET"]}}],"collection":[{"href":"https:\/\/www.ufla.br\/dcom\/wp-json\/wp\/v2\/posts"}],"about":[{"href":"https:\/\/www.ufla.br\/dcom\/wp-json\/wp\/v2\/types\/post"}],"author":[{"embeddable":true,"href":"https:\/\/www.ufla.br\/dcom\/wp-json\/wp\/v2\/users\/6"}],"replies":[{"embeddable":true,"href":"https:\/\/www.ufla.br\/dcom\/wp-json\/wp\/v2\/comments?post=125609"}],"version-history":[{"count":10,"href":"https:\/\/www.ufla.br\/dcom\/wp-json\/wp\/v2\/posts\/125609\/revisions"}],"predecessor-version":[{"id":125698,"href":"https:\/\/www.ufla.br\/dcom\/wp-json\/wp\/v2\/posts\/125609\/revisions\/125698"}],"wp:attachment":[{"href":"https:\/\/www.ufla.br\/dcom\/wp-json\/wp\/v2\/media?parent=125609"}],"wp:term":[{"taxonomy":"category","embeddable":true,"href":"https:\/\/www.ufla.br\/dcom\/wp-json\/wp\/v2\/categories?post=125609"},{"taxonomy":"post_tag","embeddable":true,"href":"https:\/\/www.ufla.br\/dcom\/wp-json\/wp\/v2\/tags?post=125609"}],"curies":[{"name":"wp","href":"https:\/\/api.w.org\/{rel}","templated":true}]}}