{"id":125371,"date":"2016-11-18T13:01:03","date_gmt":"2016-11-18T16:01:03","guid":{"rendered":"http:\/\/www.ufla.br\/ascom\/?p=125371"},"modified":"2016-11-23T08:09:01","modified_gmt":"2016-11-23T11:09:01","slug":"metodologias-ativas-de-aprendizagem-foram-pauta-no-forgrad-saiba-mais-sobre-o-metodo-pbl","status":"publish","type":"post","link":"https:\/\/www.ufla.br\/dcom\/2016\/11\/18\/metodologias-ativas-de-aprendizagem-foram-pauta-no-forgrad-saiba-mais-sobre-o-metodo-pbl\/","title":{"rendered":"Metodologias ativas de aprendizagem foram pauta no Forgrad \u2013 saiba mais sobre o m\u00e9todo PBL"},"content":{"rendered":"<figure id=\"attachment_125374\" aria-describedby=\"caption-attachment-125374\" style=\"width: 249px\" class=\"wp-caption alignright\"><a href=\"http:\/\/www.ufla.br\/ascom\/wp-content\/uploads\/2016\/11\/pbl-1.jpg\"><img loading=\"lazy\" decoding=\"async\" class=\"wp-image-125374 size-medium\" src=\"http:\/\/www.ufla.br\/ascom\/wp-content\/uploads\/2016\/11\/pbl-1-249x165.jpg\" alt=\"pbl-1\" width=\"249\" height=\"165\" srcset=\"https:\/\/www.ufla.br\/dcom\/wp-content\/uploads\/2016\/11\/pbl-1-249x165.jpg 249w, https:\/\/www.ufla.br\/dcom\/wp-content\/uploads\/2016\/11\/pbl-1-768x509.jpg 768w, https:\/\/www.ufla.br\/dcom\/wp-content\/uploads\/2016\/11\/pbl-1-612x405.jpg 612w, https:\/\/www.ufla.br\/dcom\/wp-content\/uploads\/2016\/11\/pbl-1.jpg 1137w\" sizes=\"auto, (max-width: 249px) 100vw, 249px\" \/><\/a><figcaption id=\"caption-attachment-125374\" class=\"wp-caption-text\">Estudantes do curso de medicina desenvolvendo atividade pelo m\u00e9todo PBL.<\/figcaption><\/figure>\n<p>Um dos temas discutidos durante a programa\u00e7\u00e3o do II F\u00f3rum de Gradua\u00e7\u00e3o da Universidade Federal de Lavras (Forgrad\/UFLA) foi a utiliza\u00e7\u00e3o de metodologias ativas de aprendizagem como recurso pedag\u00f3gico. A preocupa\u00e7\u00e3o com a promo\u00e7\u00e3o de metodologias inovadoras para o ensino superior foi\u00a0tamb\u00e9m a motiva\u00e7\u00e3o de um curso que oferecido recentemente pela Diretoria de Avalia\u00e7\u00e3o e Desenvolvimento de Ensino (Dade) em parceria com a Diretoria de Educa\u00e7\u00e3o a Dist\u00e2ncia (Dired) para forma\u00e7\u00e3o docente.<\/p>\n<p>A professora do Departamento de Sa\u00fade (DSA) Miriam Monteiro de Castro Graciano explica que entre as metodologias ativas est\u00e1 aquela denominada Aprendizado Baseada em Problemas (ABP) ou <em>Problem Based Learning<\/em> (PBL). Essa modalidade \u00e9 uma das que vem sendo utilizada intensamente, e com sucesso, no curso de Medicina da UFLA. A professora ministrou o curso ofertado pela parceria Dade\/Dired e falou sobre o m\u00e9todo durante o Forgrad. O objetivo,\u00a0nesses eventos, \u00e9 promover o compartilhamento da experi\u00eancia, para que outros professores possam avaliar sua aplicabilidade nos cursos e disciplinas em que o PBL ainda n\u00e3o \u00e9 utilizado.<\/p>\n<p><a href=\"http:\/\/www.ufla.br\/ascom\/wp-content\/uploads\/2016\/11\/pbl-2.jpg\"><img loading=\"lazy\" decoding=\"async\" class=\"alignleft size-medium wp-image-125375\" src=\"http:\/\/www.ufla.br\/ascom\/wp-content\/uploads\/2016\/11\/pbl-2-249x166.jpg\" alt=\"pbl-2\" width=\"249\" height=\"166\" srcset=\"https:\/\/www.ufla.br\/dcom\/wp-content\/uploads\/2016\/11\/pbl-2-249x166.jpg 249w, https:\/\/www.ufla.br\/dcom\/wp-content\/uploads\/2016\/11\/pbl-2-768x512.jpg 768w, https:\/\/www.ufla.br\/dcom\/wp-content\/uploads\/2016\/11\/pbl-2-612x408.jpg 612w, https:\/\/www.ufla.br\/dcom\/wp-content\/uploads\/2016\/11\/pbl-2.jpg 1137w\" sizes=\"auto, (max-width: 249px) 100vw, 249px\" \/><\/a>Metodologias ativas de aprendizagem se diferenciam das tradicionais por colocarem o estudante no centro do processo \u2013 \u00e9 ele quem produz o conhecimento. De acordo com Miriam, o pr\u00f3prio direcionamento dos curr\u00edculos dos cursos acaba levando ao uso natural dessas ferramentas. \u201cOs cursos de Medicina criados a partir de 2001, por exemplo, contemplam esse aspecto em seus programas\u201d, diz a professora. Os m\u00e9todos ativos s\u00e3o diversos e incluem uso de jogos, sala de aula invertida, grupos de discuss\u00e3o, semin\u00e1rios, o m\u00e9todo PBL, al\u00e9m de outros. O PBL n\u00e3o \u00e9 novo; as primeiras experi\u00eancias datam do final da d\u00e9cada de 1960, e ocorreram na McMasterUniversity. No curso de Medicina da UFLA, o PBL \u00e9 empregado na disciplina \u201cAtividades Integradoras\u201d, presente do primeiro ao oitavo per\u00edodo de forma\u00e7\u00e3o.<\/p>\n<p>Pelo m\u00e9todo, o professor atua como um tutor que apresenta um caso (situa\u00e7\u00e3o-problema) a ser estudado pelos grupos de estudantes, que ent\u00e3o seguem sete passos cl\u00e1ssicos at\u00e9 a solu\u00e7\u00e3o do caso: 1) eles tomam conhecimento do caso e identificam os termos desconhecidos presentes na situa\u00e7\u00e3o-problema, 2) em seguida identificam quais s\u00e3o os problemas a serem explicados e 3) em uma an\u00e1lise conjunta, os alunos procuram levantar poss\u00edveis explica\u00e7\u00f5es para os problemas (<em>braimstorming<\/em>). 4) \u00c9 feito ent\u00e3o um resumo da discuss\u00e3o que tiveram, caminhando para o pr\u00f3ximo passo 5) no qual eles mesmos definem as lacunas de conhecimento e, portanto, os objetivos de aprendizagem. 6) Em seguida vem o momento de dispers\u00e3o (fora de sala da aula), no qual os alunos estudar\u00e3o sobre o tema, focados em seus pr\u00f3prios objetivos de aprendizagem. 7) Finalmente, a turma se re\u00fane novamente para o fechamento do caso, sempre com a orienta\u00e7\u00e3o do tutor.<\/p>\n<figure id=\"attachment_125373\" aria-describedby=\"caption-attachment-125373\" style=\"width: 249px\" class=\"wp-caption alignleft\"><a href=\"http:\/\/www.ufla.br\/ascom\/wp-content\/uploads\/2016\/11\/formacao-docente.jpg\"><img loading=\"lazy\" decoding=\"async\" class=\"wp-image-125373 size-medium\" src=\"http:\/\/www.ufla.br\/ascom\/wp-content\/uploads\/2016\/11\/formacao-docente-249x166.jpg\" alt=\"formacao-docente\" width=\"249\" height=\"166\" srcset=\"https:\/\/www.ufla.br\/dcom\/wp-content\/uploads\/2016\/11\/formacao-docente-249x166.jpg 249w, https:\/\/www.ufla.br\/dcom\/wp-content\/uploads\/2016\/11\/formacao-docente-768x513.jpg 768w, https:\/\/www.ufla.br\/dcom\/wp-content\/uploads\/2016\/11\/formacao-docente-612x409.jpg 612w, https:\/\/www.ufla.br\/dcom\/wp-content\/uploads\/2016\/11\/formacao-docente.jpg 1116w\" sizes=\"auto, (max-width: 249px) 100vw, 249px\" \/><\/a><figcaption id=\"caption-attachment-125373\" class=\"wp-caption-text\">Encontro presencial do curso de forma\u00e7\u00e3o docente &#8220;Metodologias Inovadoras no Ensino Superior&#8221;.<\/figcaption><\/figure>\n<p>Miriam, que h\u00e1 quase dez anos trabalha com a metodologia, garante que os benef\u00edcios do PBL s\u00e3o in\u00fameros. \u201cColabora para desenvolver o racioc\u00ednio cl\u00ednico, o trabalho em equipe, a autonomia, a habilidade de \u2018aprender a aprender\u2019 e a desinibi\u00e7\u00e3o\u201d. Pela experi\u00eancia que possui na \u00e1rea, avalia que o curso de Medicina da UFLA, no que se refere \u00e0 utiliza\u00e7\u00e3o do m\u00e9todo, est\u00e1 no caminho certo. Compartilhando essas informa\u00e7\u00f5es, a expectativa \u00e9 de que outros cursos que ainda n\u00e3o t\u00eam tradi\u00e7\u00e3o na utiliza\u00e7\u00e3o do PBL possam ter essa ferramenta \u00e0 disposi\u00e7\u00e3o, caso julguem que ela possa contribuir com os processos de forma\u00e7\u00e3o nas diferentes \u00e1reas.<\/p>\n<p>Para o estudante do quarto per\u00edodo de Medicina, Marcos Vin\u00edcius Monteiro Martins, as metodologias ativas, t\u00e3o empregadas no curso, s\u00e3o importantes porque ajudam na consolida\u00e7\u00e3o do conhecimento que os alunos j\u00e1 possuem, e porque incentivam a busca ativa por novos conhecimentos. \u201cEm uma \u00e1rea como a nossa, em que as inova\u00e7\u00f5es ocorrem a todo o momento, \u00e9 preciso que tenhamos essa autonomia na busca por atualiza\u00e7\u00f5es \u2013 isso nos d\u00e1 certo empoderamento. Enquanto estamos no curso, o apoio dos professores &#8211; que nos ajudam a organizar toda essa produ\u00e7\u00e3o de conhecimento \u2013 tamb\u00e9m \u00e9 muito importante. O fato de as solu\u00e7\u00f5es serem encontradas em grupo \u00e9 outro fator muito positivo\u201d, avalia.<\/p>\n<p>Leia tamb\u00e9m: <a href=\"http:\/\/www.ufla.br\/ascom\/2016\/11\/17\/ii-forum-de-graduacao-foi-realizado-na-ufla\/\">II Forgrad foi realizado na UFLA<\/a><\/p>\n<h5>Com colabora\u00e7\u00e3o de Thays Alves Matos Monteiro, bolsista Proat\/Comunica\u00e7\u00e3o.<\/h5>\n","protected":false},"excerpt":{"rendered":"<p>Um dos temas discutidos durante a programa\u00e7\u00e3o do II F\u00f3rum de Gradua\u00e7\u00e3o da Universidade Federal de Lavras (Forgrad\/UFLA) foi a utiliza\u00e7\u00e3o de metodologias ativas de aprendizagem como recurso pedag\u00f3gico. A preocupa\u00e7\u00e3o com a promo\u00e7\u00e3o de metodologias inovadoras para o ensino superior foi\u00a0tamb\u00e9m a motiva\u00e7\u00e3o de um curso que oferecido recentemente pela Diretoria de Avalia\u00e7\u00e3o e &hellip; <a href=\"https:\/\/www.ufla.br\/dcom\/2016\/11\/18\/metodologias-ativas-de-aprendizagem-foram-pauta-no-forgrad-saiba-mais-sobre-o-metodo-pbl\/\" class=\"more-link\">Continue lendo <span class=\"screen-reader-text\">Metodologias ativas de aprendizagem foram pauta no Forgrad \u2013 saiba mais sobre o m\u00e9todo PBL<\/span> <span class=\"meta-nav\">&rarr;<\/span><\/a><\/p>\n","protected":false},"author":13,"featured_media":0,"comment_status":"closed","ping_status":"closed","sticky":false,"template":"","format":"standard","meta":{"ngg_post_thumbnail":0,"footnotes":""},"categories":[1,10],"tags":[],"class_list":["post-125371","post","type-post","status-publish","format-standard","hentry","category-noticias","category-menores"],"_links":{"self":[{"href":"https:\/\/www.ufla.br\/dcom\/wp-json\/wp\/v2\/posts\/125371","targetHints":{"allow":["GET"]}}],"collection":[{"href":"https:\/\/www.ufla.br\/dcom\/wp-json\/wp\/v2\/posts"}],"about":[{"href":"https:\/\/www.ufla.br\/dcom\/wp-json\/wp\/v2\/types\/post"}],"author":[{"embeddable":true,"href":"https:\/\/www.ufla.br\/dcom\/wp-json\/wp\/v2\/users\/13"}],"replies":[{"embeddable":true,"href":"https:\/\/www.ufla.br\/dcom\/wp-json\/wp\/v2\/comments?post=125371"}],"version-history":[{"count":3,"href":"https:\/\/www.ufla.br\/dcom\/wp-json\/wp\/v2\/posts\/125371\/revisions"}],"predecessor-version":[{"id":125383,"href":"https:\/\/www.ufla.br\/dcom\/wp-json\/wp\/v2\/posts\/125371\/revisions\/125383"}],"wp:attachment":[{"href":"https:\/\/www.ufla.br\/dcom\/wp-json\/wp\/v2\/media?parent=125371"}],"wp:term":[{"taxonomy":"category","embeddable":true,"href":"https:\/\/www.ufla.br\/dcom\/wp-json\/wp\/v2\/categories?post=125371"},{"taxonomy":"post_tag","embeddable":true,"href":"https:\/\/www.ufla.br\/dcom\/wp-json\/wp\/v2\/tags?post=125371"}],"curies":[{"name":"wp","href":"https:\/\/api.w.org\/{rel}","templated":true}]}}