{"id":125084,"date":"2016-11-03T11:52:29","date_gmt":"2016-11-03T14:52:29","guid":{"rendered":"http:\/\/www.ufla.br\/ascom\/?p=125084"},"modified":"2016-11-08T10:45:23","modified_gmt":"2016-11-08T13:45:23","slug":"tese-de-doutorado-de-professor-da-ufla-e-considerada-uma-das-melhores-da-usp","status":"publish","type":"post","link":"https:\/\/www.ufla.br\/dcom\/2016\/11\/03\/tese-de-doutorado-de-professor-da-ufla-e-considerada-uma-das-melhores-da-usp\/","title":{"rendered":"Tese de professor da UFLA \u00e9 considerada uma das melhores da USP"},"content":{"rendered":"<figure id=\"attachment_125085\" aria-describedby=\"caption-attachment-125085\" style=\"width: 242px\" class=\"wp-caption alignleft\"><img loading=\"lazy\" decoding=\"async\" class=\" wp-image-125085\" src=\"http:\/\/www.ufla.br\/ascom\/wp-content\/uploads\/2016\/11\/Sozinho-247x249.jpg\" alt=\"Professor Marcelo Vieira Filho do Departamento de Engenharia da UFLA\" width=\"242\" height=\"244\" srcset=\"https:\/\/www.ufla.br\/dcom\/wp-content\/uploads\/2016\/11\/Sozinho-247x249.jpg 247w, https:\/\/www.ufla.br\/dcom\/wp-content\/uploads\/2016\/11\/Sozinho-150x150.jpg 150w, https:\/\/www.ufla.br\/dcom\/wp-content\/uploads\/2016\/11\/Sozinho-612x616.jpg 612w, https:\/\/www.ufla.br\/dcom\/wp-content\/uploads\/2016\/11\/Sozinho.jpg 720w\" sizes=\"auto, (max-width: 242px) 100vw, 242px\" \/><figcaption id=\"caption-attachment-125085\" class=\"wp-caption-text\">Professor Marcelo Vieira Filho do Departamento de Engenharia da UFLA<\/figcaption><\/figure>\n<p>O professor Marcelo Vieira Filho, do Departamento de Engenharia da Universidade Federal de Lavras (DEG\/UFLA), foi contemplado com o pr\u00eamio de melhor tese de doutorado no Programa de Meteorologia do Departamento de Ci\u00eancias Atmosf\u00e9ricas da Universidade de S\u00e3o Paulo (USP), al\u00e9m disso, recebeu men\u00e7\u00e3o honrosa no pr\u00eamio de melhores teses USP, defendidas entre os anos 2014 e 2015, na grande \u00e1rea de Ci\u00eancias Exatas e da Terra.<\/p>\n<p>Marcelo tomou posse na UFLA em junho de 2016. O seu doutorado, pelo Programa de Meteorologia na \u00e1rea de qu\u00edmica atmosf\u00e9rica no Instituto de Astronomia, Geof\u00edsica e Ci\u00eancias Atmosf\u00e9ricas (IAG) da USP foi realizado entre agosto de 2011 e dezembro de 2015.<\/p>\n<p>A tese do professor teve o prop\u00f3sito de aprofundar o conhecimento e dimensionar as incertezas a respeito do ciclo biogeoqu\u00edmico do nitrog\u00eanio, com foco espec\u00edfico nas emiss\u00f5es do g\u00e1s am\u00f4nia e suas implica\u00e7\u00f5es em ecossistemas. \u201cA partir dos resultados de minha disserta\u00e7\u00e3o de mestrado no ano de 2011, pode-se observar um aumento significativo da participa\u00e7\u00e3o das esp\u00e9cies NHx na deposi\u00e7\u00e3o atmosf\u00e9rica de S\u00e3o Paulo. No intuito de contextualizar a participa\u00e7\u00e3o destas esp\u00e9cies, iniciou-se o projeto de pesquisa que culminou em minha tese de doutorado intitulada: <strong>Compostos atmosf\u00e9ricos nitrogenados na atmosfera de S\u00e3o Paulo: aspectos ambientais e termodin\u00e2micos<\/strong>, com a orienta\u00e7\u00e3o da professora Adalgiza Fornaro\u201d, relata.<\/p>\n<p>Para o professor, as premia\u00e7\u00f5es valorizam o seu esfor\u00e7o ao longo dos anos como p\u00f3s-graduando, al\u00e9m de fortalec\u00ea-lo como docente. \u201cTenho muito a agradecer a equipe fant\u00e1stica que me apoiou.\u00a0Eu sempre almejei construir e partilhar conhecimento e tornar-me um professor universit\u00e1rio. Olhando para o futuro, vejo que receber essas premia\u00e7\u00f5es como docente da UFLA me motivam ainda mais a continuar trilhando pela carreira cient\u00edfica no meu pa\u00eds\u201d, comenta.<\/p>\n<p><strong>Texto: Camila Caetano: jornalista\/ bolsista UFLA.\u00a0<\/strong><\/p>\n","protected":false},"excerpt":{"rendered":"<p>O professor Marcelo Vieira Filho, do Departamento de Engenharia da Universidade Federal de Lavras (DEG\/UFLA), foi contemplado com o pr\u00eamio de melhor tese de doutorado no Programa de Meteorologia do Departamento de Ci\u00eancias Atmosf\u00e9ricas da Universidade de S\u00e3o Paulo (USP), al\u00e9m disso, recebeu men\u00e7\u00e3o honrosa no pr\u00eamio de melhores teses USP, defendidas entre os anos &hellip; <a href=\"https:\/\/www.ufla.br\/dcom\/2016\/11\/03\/tese-de-doutorado-de-professor-da-ufla-e-considerada-uma-das-melhores-da-usp\/\" class=\"more-link\">Continue lendo <span class=\"screen-reader-text\">Tese de professor da UFLA \u00e9 considerada uma das melhores da USP<\/span> <span class=\"meta-nav\">&rarr;<\/span><\/a><\/p>\n","protected":false},"author":20,"featured_media":0,"comment_status":"closed","ping_status":"closed","sticky":false,"template":"","format":"standard","meta":{"ngg_post_thumbnail":0,"footnotes":""},"categories":[1,10],"tags":[],"class_list":["post-125084","post","type-post","status-publish","format-standard","hentry","category-noticias","category-menores"],"_links":{"self":[{"href":"https:\/\/www.ufla.br\/dcom\/wp-json\/wp\/v2\/posts\/125084","targetHints":{"allow":["GET"]}}],"collection":[{"href":"https:\/\/www.ufla.br\/dcom\/wp-json\/wp\/v2\/posts"}],"about":[{"href":"https:\/\/www.ufla.br\/dcom\/wp-json\/wp\/v2\/types\/post"}],"author":[{"embeddable":true,"href":"https:\/\/www.ufla.br\/dcom\/wp-json\/wp\/v2\/users\/20"}],"replies":[{"embeddable":true,"href":"https:\/\/www.ufla.br\/dcom\/wp-json\/wp\/v2\/comments?post=125084"}],"version-history":[{"count":7,"href":"https:\/\/www.ufla.br\/dcom\/wp-json\/wp\/v2\/posts\/125084\/revisions"}],"predecessor-version":[{"id":125092,"href":"https:\/\/www.ufla.br\/dcom\/wp-json\/wp\/v2\/posts\/125084\/revisions\/125092"}],"wp:attachment":[{"href":"https:\/\/www.ufla.br\/dcom\/wp-json\/wp\/v2\/media?parent=125084"}],"wp:term":[{"taxonomy":"category","embeddable":true,"href":"https:\/\/www.ufla.br\/dcom\/wp-json\/wp\/v2\/categories?post=125084"},{"taxonomy":"post_tag","embeddable":true,"href":"https:\/\/www.ufla.br\/dcom\/wp-json\/wp\/v2\/tags?post=125084"}],"curies":[{"name":"wp","href":"https:\/\/api.w.org\/{rel}","templated":true}]}}