{"id":124879,"date":"2016-10-24T14:46:38","date_gmt":"2016-10-24T17:46:38","guid":{"rendered":"http:\/\/www.ufla.br\/ascom\/?p=124879"},"modified":"2016-10-31T17:04:57","modified_gmt":"2016-10-31T20:04:57","slug":"trabalhos-da-ufla-sao-premiados-em-conferencia-internacional-sul-americana-das-humanidades","status":"publish","type":"post","link":"https:\/\/www.ufla.br\/dcom\/2016\/10\/24\/trabalhos-da-ufla-sao-premiados-em-conferencia-internacional-sul-americana-das-humanidades\/","title":{"rendered":"Trabalhos da UFLA s\u00e3o premiados em Confer\u00eancia Internacional Sul Americana das Humanidades"},"content":{"rendered":"<figure id=\"attachment_124881\" aria-describedby=\"caption-attachment-124881\" style=\"width: 239px\" class=\"wp-caption alignleft\"><img loading=\"lazy\" decoding=\"async\" class=\"wp-image-124881 \" src=\"http:\/\/www.ufla.br\/ascom\/wp-content\/uploads\/2016\/10\/premio_capa-249x187.jpg\" alt=\"premio_capa\" width=\"239\" height=\"179\" srcset=\"https:\/\/www.ufla.br\/dcom\/wp-content\/uploads\/2016\/10\/premio_capa-249x187.jpg 249w, https:\/\/www.ufla.br\/dcom\/wp-content\/uploads\/2016\/10\/premio_capa-768x576.jpg 768w, https:\/\/www.ufla.br\/dcom\/wp-content\/uploads\/2016\/10\/premio_capa-612x459.jpg 612w, https:\/\/www.ufla.br\/dcom\/wp-content\/uploads\/2016\/10\/premio_capa.jpg 960w\" sizes=\"auto, (max-width: 239px) 100vw, 239px\" \/><figcaption id=\"caption-attachment-124881\" class=\"wp-caption-text\">Trabalhos da UFLA estiveram entre os melhores apresentados em Confer\u00eancia<\/figcaption><\/figure>\n<p>Dois trabalhos\u00a0do Departamento de Administra\u00e7\u00e3o e Economia da Universidade Federal de Lavras (DAE\/UFLA) foram premiados na Confer\u00eancia Internacional Sul Americana: Territorialidades e Humanidades, preparat\u00f3ria da Confer\u00eancia Mundial de Humanidades que ser\u00e1 realizada em 2017 (em Li\u00e8ge, B\u00e9lgica).<\/p>\n<p>O evento organizado pela Universidade Federal de Minas Gerais (UFMG) foi realizado em parceria com a Organiza\u00e7\u00e3o das Na\u00e7\u00f5es Unidas para a Educa\u00e7\u00e3o, a Ci\u00eancia e a Cultura (Unesco) e com a Funda\u00e7\u00e3o de Amparo \u00e0 Pesquisa de Minas Gerais (Fapemig), com o objetivo de discutir a globaliza\u00e7\u00e3o nas dimens\u00f5es internacional, nacional e regional.\u00a0Entre as autoridades presentes, destaca-se o l\u00edder de equipe da Unesco John Crowley e, o secret\u00e1rio-geral do Conselho Internacional de Filosofia e Ci\u00eancias Humanas (CIPSH) Luiz Oosterbeek.<\/p>\n<figure id=\"attachment_124883\" aria-describedby=\"caption-attachment-124883\" style=\"width: 240px\" class=\"wp-caption alignright\"><img loading=\"lazy\" decoding=\"async\" class=\" wp-image-124883\" src=\"http:\/\/www.ufla.br\/ascom\/wp-content\/uploads\/2016\/10\/premiados-249x168.jpg\" alt=\"Paulo Henrique e Isabela Gon\u00e7alves\" width=\"240\" height=\"162\" srcset=\"https:\/\/www.ufla.br\/dcom\/wp-content\/uploads\/2016\/10\/premiados-249x168.jpg 249w, https:\/\/www.ufla.br\/dcom\/wp-content\/uploads\/2016\/10\/premiados.jpg 609w\" sizes=\"auto, (max-width: 240px) 100vw, 240px\" \/><figcaption id=\"caption-attachment-124883\" class=\"wp-caption-text\">Paulo Henrique e Isabela Gon\u00e7alves<\/figcaption><\/figure>\n<p>Mais de cem p\u00f4steres foram apresentados durante o evento. Os autores de 21 trabalhos\u00a0receberam o <strong>Pr\u00eamio Destaque Humanidades<\/strong>. A UFLA foi premiada com as apresenta\u00e7\u00f5es: \u201c<strong>Plantando Futuro: Um mapeamento das organiza\u00e7\u00f5es sociais da Serra do Espinha\u00e7o<\/strong>\u201d da estudante de Administra\u00e7\u00e3o P\u00fablica Isabela Gon\u00e7alves e, \u201c<strong>Gest\u00e3o Integrada de Territ\u00f3rio: Alternativas de educa\u00e7\u00e3o e forma\u00e7\u00e3o na microrregi\u00e3o de Gouveia\/MG<\/strong>\u201d do aluno de mestrado em Administra\u00e7\u00e3o P\u00fablica Paulo Henrique Silva.<\/p>\n<figure id=\"attachment_124884\" aria-describedby=\"caption-attachment-124884\" style=\"width: 230px\" class=\"wp-caption alignleft\"><img loading=\"lazy\" decoding=\"async\" class=\"wp-image-124884 \" src=\"http:\/\/www.ufla.br\/ascom\/wp-content\/uploads\/2016\/10\/poster-249x151.jpg\" alt=\"poster\" width=\"230\" height=\"140\" srcset=\"https:\/\/www.ufla.br\/dcom\/wp-content\/uploads\/2016\/10\/poster-249x151.jpg 249w, https:\/\/www.ufla.br\/dcom\/wp-content\/uploads\/2016\/10\/poster-768x464.jpg 768w, https:\/\/www.ufla.br\/dcom\/wp-content\/uploads\/2016\/10\/poster-612x370.jpg 612w\" sizes=\"auto, (max-width: 230px) 100vw, 230px\" \/><figcaption id=\"caption-attachment-124884\" class=\"wp-caption-text\">P\u00f4steres apresentados na Confer\u00eancia. Foto: Foca Lisboa \/ UFMG<\/figcaption><\/figure>\n<p>O Projeto Plantando futuro \u00e9 um projeto desenvolvido pelo estado de Minas Gerais e vem sendo implementado por meio da Companhia de Desenvolvimento Econ\u00f4mico de Minas Gerais\u00a0 (Codemig) em parceria com o Instituto Espinha\u00e7o, com o objetivo de promover o reflorestamento e a revitaliza\u00e7\u00e3o de nascentes na Serra do Espinha\u00e7o no Vale do Jequitinhonha\/MG.<\/p>\n<p>Para potencializar este programa, existe um termo de coopera\u00e7\u00e3o com a UFLA com a finalidade de desenvolver estudos na regi\u00e3o, sob a coordena\u00e7\u00e3o do professor Jos\u00e9 de Arimat\u00e9ia (DAE). E um dos estudos desenvolvidos \u00e9 um projeto que visa integrar a dimens\u00e3o Econ\u00f4mica, Social, Ambiental e Cultural da regi\u00e3o, tendo como base um novo modelo de desenvolvimento sustent\u00e1vel.<\/p>\n<p>\u201cO reconhecimento dos trabalhos apresentados \u00e9 um reflexo da emers\u00e3o dos estudos de Gest\u00e3o Integrada do Territ\u00f3rio (GIT) no Brasil e no mundo. O destaque do trabalho no evento tem duas grandes import\u00e2ncias: a primeira, porque a confer\u00eancia reconhece o papel da GIT face aos desafios das humanidades e, a segunda, pelo fato de o projeto ser o \u00fanico projeto de GIT desenvolvido no estado de Minas Gerais\u201d relata Paulo, um dos premiados. Os desdobramentos do projeto ser\u00e3o submetidos \u00e0 Confer\u00eancia Mundial, em Li\u00e9ge.<\/p>\n<h5><strong>Camila Caetano: jornalista\/ bolsista UFLA.\u00a0<\/strong><\/h5>\n","protected":false},"excerpt":{"rendered":"<p>Dois trabalhos\u00a0do Departamento de Administra\u00e7\u00e3o e Economia da Universidade Federal de Lavras (DAE\/UFLA) foram premiados na Confer\u00eancia Internacional Sul Americana: Territorialidades e Humanidades, preparat\u00f3ria da Confer\u00eancia Mundial de Humanidades que ser\u00e1 realizada em 2017 (em Li\u00e8ge, B\u00e9lgica). O evento organizado pela Universidade Federal de Minas Gerais (UFMG) foi realizado em parceria com a Organiza\u00e7\u00e3o das &hellip; <a href=\"https:\/\/www.ufla.br\/dcom\/2016\/10\/24\/trabalhos-da-ufla-sao-premiados-em-conferencia-internacional-sul-americana-das-humanidades\/\" class=\"more-link\">Continue lendo <span class=\"screen-reader-text\">Trabalhos da UFLA s\u00e3o premiados em Confer\u00eancia Internacional Sul Americana das Humanidades<\/span> <span class=\"meta-nav\">&rarr;<\/span><\/a><\/p>\n","protected":false},"author":20,"featured_media":0,"comment_status":"closed","ping_status":"closed","sticky":false,"template":"","format":"standard","meta":{"ngg_post_thumbnail":0,"footnotes":""},"categories":[1,10],"tags":[],"class_list":["post-124879","post","type-post","status-publish","format-standard","hentry","category-noticias","category-menores"],"_links":{"self":[{"href":"https:\/\/www.ufla.br\/dcom\/wp-json\/wp\/v2\/posts\/124879","targetHints":{"allow":["GET"]}}],"collection":[{"href":"https:\/\/www.ufla.br\/dcom\/wp-json\/wp\/v2\/posts"}],"about":[{"href":"https:\/\/www.ufla.br\/dcom\/wp-json\/wp\/v2\/types\/post"}],"author":[{"embeddable":true,"href":"https:\/\/www.ufla.br\/dcom\/wp-json\/wp\/v2\/users\/20"}],"replies":[{"embeddable":true,"href":"https:\/\/www.ufla.br\/dcom\/wp-json\/wp\/v2\/comments?post=124879"}],"version-history":[{"count":13,"href":"https:\/\/www.ufla.br\/dcom\/wp-json\/wp\/v2\/posts\/124879\/revisions"}],"predecessor-version":[{"id":124916,"href":"https:\/\/www.ufla.br\/dcom\/wp-json\/wp\/v2\/posts\/124879\/revisions\/124916"}],"wp:attachment":[{"href":"https:\/\/www.ufla.br\/dcom\/wp-json\/wp\/v2\/media?parent=124879"}],"wp:term":[{"taxonomy":"category","embeddable":true,"href":"https:\/\/www.ufla.br\/dcom\/wp-json\/wp\/v2\/categories?post=124879"},{"taxonomy":"post_tag","embeddable":true,"href":"https:\/\/www.ufla.br\/dcom\/wp-json\/wp\/v2\/tags?post=124879"}],"curies":[{"name":"wp","href":"https:\/\/api.w.org\/{rel}","templated":true}]}}