{"id":124846,"date":"2016-11-01T08:02:31","date_gmt":"2016-11-01T11:02:31","guid":{"rendered":"http:\/\/www.ufla.br\/ascom\/?p=124846"},"modified":"2016-11-04T08:36:55","modified_gmt":"2016-11-04T11:36:55","slug":"neodia-realizara-eventos-relativos-ao-dia-mundial-do-diabetes","status":"publish","type":"post","link":"https:\/\/www.ufla.br\/dcom\/2016\/11\/01\/neodia-realizara-eventos-relativos-ao-dia-mundial-do-diabetes\/","title":{"rendered":"Neodia promove eventos relativos ao \u201cDia Mundial do Diabetes\u201d"},"content":{"rendered":"<figure id=\"attachment_124612\" aria-describedby=\"caption-attachment-124612\" style=\"width: 249px\" class=\"wp-caption alignleft\"><a href=\"http:\/\/www.ufla.br\/ascom\/wp-content\/uploads\/2016\/10\/prevencao-diabetes2.jpg\"><img loading=\"lazy\" decoding=\"async\" class=\"wp-image-124612 size-medium\" src=\"http:\/\/www.ufla.br\/ascom\/wp-content\/uploads\/2016\/10\/prevencao-diabetes2-249x186.jpg\" alt=\"prevencao-obesidade2\" width=\"249\" height=\"186\" srcset=\"https:\/\/www.ufla.br\/dcom\/wp-content\/uploads\/2016\/10\/prevencao-diabetes2-249x186.jpg 249w, https:\/\/www.ufla.br\/dcom\/wp-content\/uploads\/2016\/10\/prevencao-diabetes2-768x574.jpg 768w, https:\/\/www.ufla.br\/dcom\/wp-content\/uploads\/2016\/10\/prevencao-diabetes2-612x457.jpg 612w, https:\/\/www.ufla.br\/dcom\/wp-content\/uploads\/2016\/10\/prevencao-diabetes2.jpg 976w\" sizes=\"auto, (max-width: 249px) 100vw, 249px\" \/><\/a><figcaption id=\"caption-attachment-124612\" class=\"wp-caption-text\">A\u00e7\u00e3o realizada pelo Neodia em 6\/10, para preven\u00e7\u00e3o \u00e0 obesidade.<\/figcaption><\/figure>\n<p>O N\u00facleo de Estudos em Obesidade e Diabetes (Neodia), da Universidade Federal de Lavras (UFLA), promover\u00e1 dois dias de eventos no m\u00eas de novembro, em mobiliza\u00e7\u00e3o pelo Dia Mundial do Diabetes (14 de novembro). Os eventos ocorrer\u00e3o em 6\/11 e 7\/11, com objetivo de divulgar informa\u00e7\u00f5es sobre a preven\u00e7\u00e3o e tratamento da doen\u00e7a.<\/p>\n<p>No dia 6\/11, domingo, a a\u00e7\u00e3o ser\u00e1 realizada na Pra\u00e7a Dr. Augusto Silva, das 9h \u00e0s 13h, quando haver\u00e1 tamb\u00e9m evento promovido pelo Sesc,\u00a0relacionado \u00e0 preven\u00e7\u00e3o do c\u00e2ncer de pr\u00f3stata, referente \u00e0 campanha Novembro Azul. J\u00e1 no dia 7\/11, segunda-feira, o local ser\u00e1 o Centro de Conviv\u00eancia da UFLA, entre 10h e 14h.<\/p>\n<p>Durante as a\u00e7\u00f5es ser\u00e3o realizadas medi\u00e7\u00f5es de glicemia capilar e aferi\u00e7\u00f5es de press\u00e3o arterial. Tamb\u00e9m ser\u00e3o distribu\u00eddos folders com informa\u00e7\u00f5es importantes sobre a doen\u00e7a. Haver\u00e1, ainda,\u00a0a participa\u00e7\u00e3o do grupo Unidade de Pronto Alegramento (UPA), que promover\u00e1 atividades de entretenimento. Ao final, ser\u00e3o sorteados produtos entre os participantes.<\/p>\n<p>As atividades t\u00eam o objetivo de\u00a0alertar a comunidade para a import\u00e2ncia da alimenta\u00e7\u00e3o saud\u00e1vel e da pr\u00e1tica de atividade f\u00edsica para preven\u00e7\u00e3o\u00a0da doen\u00e7a. O Neodia est\u00e1 vinculado aos Departamentos de Ci\u00eancias da Sa\u00fade (DSA), Nutri\u00e7\u00e3o (DNU), Educa\u00e7\u00e3o F\u00edsica (DEF) e Qu\u00edmica (DQI) da Universidade.<\/p>\n<h5>Texto: Luciana Tereza, estagi\u00e1ria Dcom\/UFLA.<\/h5>\n","protected":false},"excerpt":{"rendered":"<p>O N\u00facleo de Estudos em Obesidade e Diabetes (Neodia), da Universidade Federal de Lavras (UFLA), promover\u00e1 dois dias de eventos no m\u00eas de novembro, em mobiliza\u00e7\u00e3o pelo Dia Mundial do Diabetes (14 de novembro). Os eventos ocorrer\u00e3o em 6\/11 e 7\/11, com objetivo de divulgar informa\u00e7\u00f5es sobre a preven\u00e7\u00e3o e tratamento da doen\u00e7a. No dia &hellip; <a href=\"https:\/\/www.ufla.br\/dcom\/2016\/11\/01\/neodia-realizara-eventos-relativos-ao-dia-mundial-do-diabetes\/\" class=\"more-link\">Continue lendo <span class=\"screen-reader-text\">Neodia promove eventos relativos ao \u201cDia Mundial do Diabetes\u201d<\/span> <span class=\"meta-nav\">&rarr;<\/span><\/a><\/p>\n","protected":false},"author":20,"featured_media":0,"comment_status":"closed","ping_status":"closed","sticky":false,"template":"","format":"standard","meta":{"ngg_post_thumbnail":0,"footnotes":""},"categories":[1,10],"tags":[],"class_list":["post-124846","post","type-post","status-publish","format-standard","hentry","category-noticias","category-menores"],"_links":{"self":[{"href":"https:\/\/www.ufla.br\/dcom\/wp-json\/wp\/v2\/posts\/124846","targetHints":{"allow":["GET"]}}],"collection":[{"href":"https:\/\/www.ufla.br\/dcom\/wp-json\/wp\/v2\/posts"}],"about":[{"href":"https:\/\/www.ufla.br\/dcom\/wp-json\/wp\/v2\/types\/post"}],"author":[{"embeddable":true,"href":"https:\/\/www.ufla.br\/dcom\/wp-json\/wp\/v2\/users\/20"}],"replies":[{"embeddable":true,"href":"https:\/\/www.ufla.br\/dcom\/wp-json\/wp\/v2\/comments?post=124846"}],"version-history":[{"count":8,"href":"https:\/\/www.ufla.br\/dcom\/wp-json\/wp\/v2\/posts\/124846\/revisions"}],"predecessor-version":[{"id":125062,"href":"https:\/\/www.ufla.br\/dcom\/wp-json\/wp\/v2\/posts\/124846\/revisions\/125062"}],"wp:attachment":[{"href":"https:\/\/www.ufla.br\/dcom\/wp-json\/wp\/v2\/media?parent=124846"}],"wp:term":[{"taxonomy":"category","embeddable":true,"href":"https:\/\/www.ufla.br\/dcom\/wp-json\/wp\/v2\/categories?post=124846"},{"taxonomy":"post_tag","embeddable":true,"href":"https:\/\/www.ufla.br\/dcom\/wp-json\/wp\/v2\/tags?post=124846"}],"curies":[{"name":"wp","href":"https:\/\/api.w.org\/{rel}","templated":true}]}}