{"id":124806,"date":"2016-10-20T09:53:26","date_gmt":"2016-10-20T12:53:26","guid":{"rendered":"http:\/\/www.ufla.br\/ascom\/?p=124806"},"modified":"2016-10-24T10:49:31","modified_gmt":"2016-10-24T13:49:31","slug":"prazo-de-inscricoes-para-aplicadores-do-pas-2016-ira-de-21-a-25-de-outubro","status":"publish","type":"post","link":"https:\/\/www.ufla.br\/dcom\/2016\/10\/20\/prazo-de-inscricoes-para-aplicadores-do-pas-2016-ira-de-21-a-25-de-outubro\/","title":{"rendered":"Prazo de inscri\u00e7\u00f5es para aplicadores do PAS 2016 ir\u00e1 de 21 a 25 de outubro"},"content":{"rendered":"<p><a href=\"http:\/\/www.ufla.br\/ascom\/wp-content\/uploads\/2016\/06\/pas.png\"><img loading=\"lazy\" decoding=\"async\" class=\"alignleft size-medium wp-image-113432\" src=\"http:\/\/www.ufla.br\/ascom\/wp-content\/uploads\/2016\/06\/pas-249x176.png\" alt=\"pas\" width=\"249\" height=\"176\" srcset=\"https:\/\/www.ufla.br\/dcom\/wp-content\/uploads\/2016\/06\/pas-249x176.png 249w, https:\/\/www.ufla.br\/dcom\/wp-content\/uploads\/2016\/06\/pas-612x431.png 612w\" sizes=\"auto, (max-width: 249px) 100vw, 249px\" \/><\/a>A Diretoria de Processos Seletivos da UFLA (Dips) informa que as inscri\u00e7\u00f5es para a equipe de aplica\u00e7\u00e3o do Processo de Avalia\u00e7\u00e3o Seriada (PAS) estar\u00e3o abertas de 21 a 25\/10\/2016, at\u00e9 as 23h59. O link para inscri\u00e7\u00f5es ser\u00e1 disponibilizado neste per\u00edodo no site da Dips (<a href=\"http:\/\/www.dips.ufla.br\">www.dips.ufla.br<\/a>). As provas do PAS ser\u00e3o aplicadas nos dias 19 e 20\/11\/2016 (s\u00e1bado e domingo).<\/p>\n<p>Podem se candidatar docentes, t\u00e9cnicos administrativos efetivos, servidores terceirizados, alunos de gradua\u00e7\u00e3o e p\u00f3s-graduandos, se atendidos os seguintes pr\u00e9-requisitos:<\/p>\n<p><strong>Docentes e t\u00e9cnico administrativos<\/strong><\/p>\n<ul>\n<li>Integrarem o quadro permanente da UFLA;<\/li>\n<li>N\u00e3o estarem de f\u00e9rias oficiais ou licen\u00e7a no per\u00edodo da aplica\u00e7\u00e3o.<\/li>\n<\/ul>\n<p><strong>Servidores terceirizados<\/strong><\/p>\n<ul>\n<li>Serem contratados das empresas Adcon ou Faepe\/Fundecc.<\/li>\n<\/ul>\n<p><strong>Alunos de gradua\u00e7\u00e3o<\/strong><\/p>\n<ul>\n<li>Somente de cursos presenciais;<\/li>\n<li>Estarem matriculados, no ato da inscri\u00e7\u00e3o, no m\u00ednimo no 3\u00ba per\u00edodo.<\/li>\n<\/ul>\n<p><strong>Alunos de p\u00f3s-gradua\u00e7\u00e3o<\/strong><\/p>\n<ul>\n<li>Somente dos programas <em>stricto sensu<\/em>.<\/li>\n<\/ul>\n<p>&nbsp;<\/p>\n","protected":false},"excerpt":{"rendered":"<p>A Diretoria de Processos Seletivos da UFLA (Dips) informa que as inscri\u00e7\u00f5es para a equipe de aplica\u00e7\u00e3o do Processo de Avalia\u00e7\u00e3o Seriada (PAS) estar\u00e3o abertas de 21 a 25\/10\/2016, at\u00e9 as 23h59. O link para inscri\u00e7\u00f5es ser\u00e1 disponibilizado neste per\u00edodo no site da Dips (www.dips.ufla.br). As provas do PAS ser\u00e3o aplicadas nos dias 19 e &hellip; <a href=\"https:\/\/www.ufla.br\/dcom\/2016\/10\/20\/prazo-de-inscricoes-para-aplicadores-do-pas-2016-ira-de-21-a-25-de-outubro\/\" class=\"more-link\">Continue lendo <span class=\"screen-reader-text\">Prazo de inscri\u00e7\u00f5es para aplicadores do PAS 2016 ir\u00e1 de 21 a 25 de outubro<\/span> <span class=\"meta-nav\">&rarr;<\/span><\/a><\/p>\n","protected":false},"author":8,"featured_media":0,"comment_status":"closed","ping_status":"closed","sticky":false,"template":"","format":"standard","meta":{"ngg_post_thumbnail":0,"footnotes":""},"categories":[1,10],"tags":[180,1844,913],"class_list":["post-124806","post","type-post","status-publish","format-standard","hentry","category-noticias","category-menores","tag-pas","tag-pas-2016","tag-processo-de-avaliacao-seriada"],"_links":{"self":[{"href":"https:\/\/www.ufla.br\/dcom\/wp-json\/wp\/v2\/posts\/124806","targetHints":{"allow":["GET"]}}],"collection":[{"href":"https:\/\/www.ufla.br\/dcom\/wp-json\/wp\/v2\/posts"}],"about":[{"href":"https:\/\/www.ufla.br\/dcom\/wp-json\/wp\/v2\/types\/post"}],"author":[{"embeddable":true,"href":"https:\/\/www.ufla.br\/dcom\/wp-json\/wp\/v2\/users\/8"}],"replies":[{"embeddable":true,"href":"https:\/\/www.ufla.br\/dcom\/wp-json\/wp\/v2\/comments?post=124806"}],"version-history":[{"count":1,"href":"https:\/\/www.ufla.br\/dcom\/wp-json\/wp\/v2\/posts\/124806\/revisions"}],"predecessor-version":[{"id":124807,"href":"https:\/\/www.ufla.br\/dcom\/wp-json\/wp\/v2\/posts\/124806\/revisions\/124807"}],"wp:attachment":[{"href":"https:\/\/www.ufla.br\/dcom\/wp-json\/wp\/v2\/media?parent=124806"}],"wp:term":[{"taxonomy":"category","embeddable":true,"href":"https:\/\/www.ufla.br\/dcom\/wp-json\/wp\/v2\/categories?post=124806"},{"taxonomy":"post_tag","embeddable":true,"href":"https:\/\/www.ufla.br\/dcom\/wp-json\/wp\/v2\/tags?post=124806"}],"curies":[{"name":"wp","href":"https:\/\/api.w.org\/{rel}","templated":true}]}}