{"id":124609,"date":"2016-10-11T17:04:24","date_gmt":"2016-10-11T20:04:24","guid":{"rendered":"http:\/\/www.ufla.br\/ascom\/?p=124609"},"modified":"2016-10-19T16:36:47","modified_gmt":"2016-10-19T19:36:47","slug":"dia-mundial-de-prevencao-a-obesidade-foi-celebrado-em-610-na-ufla","status":"publish","type":"post","link":"https:\/\/www.ufla.br\/dcom\/2016\/10\/11\/dia-mundial-de-prevencao-a-obesidade-foi-celebrado-em-610-na-ufla\/","title":{"rendered":"\u201cDia Mundial de Preven\u00e7\u00e3o \u00e0 Obesidade\u201d foi celebrado em 6\/10 na UFLA"},"content":{"rendered":"<p><a href=\"http:\/\/www.ufla.br\/ascom\/wp-content\/uploads\/2016\/10\/prevencao-diabetes3.jpg\"><img loading=\"lazy\" decoding=\"async\" class=\"alignleft size-medium wp-image-124611\" src=\"http:\/\/www.ufla.br\/ascom\/wp-content\/uploads\/2016\/10\/prevencao-diabetes3-249x188.jpg\" alt=\"prevencao-obesidade3\" width=\"249\" height=\"188\" srcset=\"https:\/\/www.ufla.br\/dcom\/wp-content\/uploads\/2016\/10\/prevencao-diabetes3-249x188.jpg 249w, https:\/\/www.ufla.br\/dcom\/wp-content\/uploads\/2016\/10\/prevencao-diabetes3-768x581.jpg 768w, https:\/\/www.ufla.br\/dcom\/wp-content\/uploads\/2016\/10\/prevencao-diabetes3-612x463.jpg 612w, https:\/\/www.ufla.br\/dcom\/wp-content\/uploads\/2016\/10\/prevencao-diabetes3.jpg 975w\" sizes=\"auto, (max-width: 249px) 100vw, 249px\" \/><\/a>Foi realizada, na Universidade Federal de Lavras (UFLA), na \u00faltima quinta-feira (6\/10), uma mobiliza\u00e7\u00e3o alusiva ao \u201cDia Mundial de Preven\u00e7\u00e3o \u00e0 Obesidade\u201d, celebrado em 11\/10. Alunos do N\u00facleo de Estudos em Obesidade e Diabetes (Neodia) promoveram a a\u00e7\u00e3o no Centro de Conviv\u00eancia da Universidade.<\/p>\n<p>Durante o evento, mais\u00a0de 500 pessoas passaram pelo estande, onde receberam orienta\u00e7\u00f5es sobre a obesidade, dicas para preven\u00e7\u00e3o e alimenta\u00e7\u00e3o e informa\u00e7\u00f5es de incentivo \u00e0 pr\u00e1tica de exerc\u00edcios f\u00edsicos. Os participantes tamb\u00e9m tiveram acesso ao c\u00e1lculo do \u00cdndice de Massa Corp\u00f3rea (IMC). Ao final, os visitantes do estande ganharam frutas e concorreram a pr\u00eamios.<\/p>\n<p>A iniciativa tem por objetivo principal alertar a popula\u00e7\u00e3o para os riscos que a obesidade traz. Segundo dados a Sociedade Brasileira de Endocrinologia e Metabologia, o excesso de peso afeta 40% dos brasileiros. A obesidade tem causas diversas (hormonais, psicol\u00f3gicas e ambientais) e uma das principais formas de preven\u00e7\u00e3o \u00e9 a pr\u00e1tica de exerc\u00edcios f\u00edsicos.<\/p>\n<p><strong>Sobre o Neodia<a href=\"http:\/\/www.ufla.br\/ascom\/wp-content\/uploads\/2016\/10\/prevencao-diabetes1.jpg\"><img loading=\"lazy\" decoding=\"async\" class=\"alignright size-medium wp-image-124613\" src=\"http:\/\/www.ufla.br\/ascom\/wp-content\/uploads\/2016\/10\/prevencao-diabetes1-249x188.jpg\" alt=\"prevencao-obesidade1\" width=\"249\" height=\"188\" srcset=\"https:\/\/www.ufla.br\/dcom\/wp-content\/uploads\/2016\/10\/prevencao-diabetes1-249x188.jpg 249w, https:\/\/www.ufla.br\/dcom\/wp-content\/uploads\/2016\/10\/prevencao-diabetes1-768x579.jpg 768w, https:\/\/www.ufla.br\/dcom\/wp-content\/uploads\/2016\/10\/prevencao-diabetes1-612x461.jpg 612w, https:\/\/www.ufla.br\/dcom\/wp-content\/uploads\/2016\/10\/prevencao-diabetes1.jpg 996w\" sizes=\"auto, (max-width: 249px) 100vw, 249px\" \/><\/a><\/strong><\/p>\n<p>O Neodia \u00e9 um n\u00facleo multidisciplinar composto por integrantes dos cursos de Medicina, Nutri\u00e7\u00e3o, Educa\u00e7\u00e3o F\u00edsica, Biologia e Qu\u00edmica. O grupo dedica-se ao estudos na \u00e1rea e a a\u00e7\u00f5es preventivas e de promo\u00e7\u00e3o da sa\u00fade, envolvendo o Diabetes Mellitus e a Obesidade. No momento, o Neodia conta com nove projetos a serem desenvolvidos por seus membros, direcionados \u00e0 comunidade acad\u00eamica e \u00e0 comunidade lavrense, al\u00e9m de projetos de extens\u00e3o universit\u00e1ria.<\/p>\n<p>O N\u00facleo pretende fazer edi\u00e7\u00f5es peri\u00f3dicas de eventos de combate \u00e0 obesidade, direcionados \u00e0 comunidade acad\u00eamica e a visitantes, abordando temas diversos, relacionados \u00e0 sa\u00fade.<\/p>\n<h5>Texto: Luciana Tereza (estagi\u00e1ria DCOM) e Ana Eliza Alvim (jornalista).<\/h5>\n","protected":false},"excerpt":{"rendered":"<p>Foi realizada, na Universidade Federal de Lavras (UFLA), na \u00faltima quinta-feira (6\/10), uma mobiliza\u00e7\u00e3o alusiva ao \u201cDia Mundial de Preven\u00e7\u00e3o \u00e0 Obesidade\u201d, celebrado em 11\/10. Alunos do N\u00facleo de Estudos em Obesidade e Diabetes (Neodia) promoveram a a\u00e7\u00e3o no Centro de Conviv\u00eancia da Universidade. Durante o evento, mais\u00a0de 500 pessoas passaram pelo estande, onde receberam &hellip; <a href=\"https:\/\/www.ufla.br\/dcom\/2016\/10\/11\/dia-mundial-de-prevencao-a-obesidade-foi-celebrado-em-610-na-ufla\/\" class=\"more-link\">Continue lendo <span class=\"screen-reader-text\">\u201cDia Mundial de Preven\u00e7\u00e3o \u00e0 Obesidade\u201d foi celebrado em 6\/10 na UFLA<\/span> <span class=\"meta-nav\">&rarr;<\/span><\/a><\/p>\n","protected":false},"author":20,"featured_media":0,"comment_status":"closed","ping_status":"closed","sticky":false,"template":"","format":"standard","meta":{"ngg_post_thumbnail":0,"footnotes":""},"categories":[1,10],"tags":[],"class_list":["post-124609","post","type-post","status-publish","format-standard","hentry","category-noticias","category-menores"],"_links":{"self":[{"href":"https:\/\/www.ufla.br\/dcom\/wp-json\/wp\/v2\/posts\/124609","targetHints":{"allow":["GET"]}}],"collection":[{"href":"https:\/\/www.ufla.br\/dcom\/wp-json\/wp\/v2\/posts"}],"about":[{"href":"https:\/\/www.ufla.br\/dcom\/wp-json\/wp\/v2\/types\/post"}],"author":[{"embeddable":true,"href":"https:\/\/www.ufla.br\/dcom\/wp-json\/wp\/v2\/users\/20"}],"replies":[{"embeddable":true,"href":"https:\/\/www.ufla.br\/dcom\/wp-json\/wp\/v2\/comments?post=124609"}],"version-history":[{"count":5,"href":"https:\/\/www.ufla.br\/dcom\/wp-json\/wp\/v2\/posts\/124609\/revisions"}],"predecessor-version":[{"id":124617,"href":"https:\/\/www.ufla.br\/dcom\/wp-json\/wp\/v2\/posts\/124609\/revisions\/124617"}],"wp:attachment":[{"href":"https:\/\/www.ufla.br\/dcom\/wp-json\/wp\/v2\/media?parent=124609"}],"wp:term":[{"taxonomy":"category","embeddable":true,"href":"https:\/\/www.ufla.br\/dcom\/wp-json\/wp\/v2\/categories?post=124609"},{"taxonomy":"post_tag","embeddable":true,"href":"https:\/\/www.ufla.br\/dcom\/wp-json\/wp\/v2\/tags?post=124609"}],"curies":[{"name":"wp","href":"https:\/\/api.w.org\/{rel}","templated":true}]}}