{"id":124587,"date":"2016-10-11T09:08:41","date_gmt":"2016-10-11T12:08:41","guid":{"rendered":"http:\/\/www.ufla.br\/ascom\/?p=124587"},"modified":"2016-10-18T11:43:06","modified_gmt":"2016-10-18T14:43:06","slug":"calouros-de-medicina-iniciam-estagio-na-associacao-comunitaria-dos-bairros-jardim-gloria-e-campestres","status":"publish","type":"post","link":"https:\/\/www.ufla.br\/dcom\/2016\/10\/11\/calouros-de-medicina-iniciam-estagio-na-associacao-comunitaria-dos-bairros-jardim-gloria-e-campestres\/","title":{"rendered":"Calouros de Medicina iniciam est\u00e1gio na Associa\u00e7\u00e3o Comunit\u00e1ria dos Bairros Jardim Gl\u00f3ria e Campestres"},"content":{"rendered":"<figure id=\"attachment_124588\" aria-describedby=\"caption-attachment-124588\" style=\"width: 249px\" class=\"wp-caption alignleft\"><img loading=\"lazy\" decoding=\"async\" class=\"wp-image-124588\" src=\"http:\/\/www.ufla.br\/ascom\/wp-content\/uploads\/2016\/10\/medicina-249x187.jpg\" alt=\"medicina\" width=\"249\" height=\"187\" srcset=\"https:\/\/www.ufla.br\/dcom\/wp-content\/uploads\/2016\/10\/medicina-249x187.jpg 249w, https:\/\/www.ufla.br\/dcom\/wp-content\/uploads\/2016\/10\/medicina-768x576.jpg 768w, https:\/\/www.ufla.br\/dcom\/wp-content\/uploads\/2016\/10\/medicina-612x459.jpg 612w, https:\/\/www.ufla.br\/dcom\/wp-content\/uploads\/2016\/10\/medicina.jpg 960w\" sizes=\"auto, (max-width: 249px) 100vw, 249px\" \/><figcaption id=\"caption-attachment-124588\" class=\"wp-caption-text\">Novos estudantes de Medicina realizam o Est\u00e1gio em Pr\u00e1ticas de Sa\u00fade na Fam\u00edlia e Comunidade I<\/figcaption><\/figure>\n<p>Os novos estudantes do curso de Medicina da Universidade Federal de Lavras (UFLA) j\u00e1 iniciaram o est\u00e1gio na Associa\u00e7\u00e3o Comunit\u00e1ria dos Bairros Jardim Gl\u00f3ria e Campestres I,II,III. J\u00e1 s\u00e3o dois anos de parceria, desde o in\u00edcio do curso na UFLA.<\/p>\n<p>O &#8220;Est\u00e1gio em Pr\u00e1ticas de Sa\u00fade na Fam\u00edlia e Comunidade I&#8221; abrange um conhecimento s\u00f3cio-econ\u00f4mico e cultural da regi\u00e3o de abrang\u00eancia da associa\u00e7\u00e3o, sendo assim, os estudantes, j\u00e1 no primeiro per\u00edodo, v\u00e3o a campo para observar cen\u00e1rios diversificados, sendo estimulados a perceberem e analisarem de forma mais coerente as dimens\u00f5es sociais, econ\u00f4micas, pol\u00edticas e ecol\u00f3gicas que afetam diretamente a sa\u00fade e doen\u00e7a humana.<\/p>\n<figure id=\"attachment_124589\" aria-describedby=\"caption-attachment-124589\" style=\"width: 243px\" class=\"wp-caption alignright\"><img loading=\"lazy\" decoding=\"async\" class=\" wp-image-124589\" src=\"http:\/\/www.ufla.br\/ascom\/wp-content\/uploads\/2016\/10\/MEDICINA_Associa\u00e7\u00e3o_2-249x199.jpg\" alt=\"Estudantes de Medicina em visita a campo na Associa\u00e7\u00e3o\" width=\"243\" height=\"194\" srcset=\"https:\/\/www.ufla.br\/dcom\/wp-content\/uploads\/2016\/10\/MEDICINA_Associa\u00e7\u00e3o_2-249x199.jpg 249w, https:\/\/www.ufla.br\/dcom\/wp-content\/uploads\/2016\/10\/MEDICINA_Associa\u00e7\u00e3o_2-768x614.jpg 768w, https:\/\/www.ufla.br\/dcom\/wp-content\/uploads\/2016\/10\/MEDICINA_Associa\u00e7\u00e3o_2-612x490.jpg 612w, https:\/\/www.ufla.br\/dcom\/wp-content\/uploads\/2016\/10\/MEDICINA_Associa\u00e7\u00e3o_2.jpg 960w\" sizes=\"auto, (max-width: 243px) 100vw, 243px\" \/><figcaption id=\"caption-attachment-124589\" class=\"wp-caption-text\">Estudantes de Medicina em visita a campo na Associa\u00e7\u00e3o<\/figcaption><\/figure>\n<p>\u201cNeste contexto, os estudantes ganham muito ao refor\u00e7arem habilidades e valores ligados a rela\u00e7\u00f5es interpessoais, trabalho coletivo, cidadania e \u00e9tica. Em geral, trabalha-se fundamentalmente a humaniza\u00e7\u00e3o das pr\u00e1ticas em sa\u00fade\u201d, comenta o professor da UFLA Sidney de Almeida Ferreira, tutor do grupo de alunos que est\u00e1 atuando na Associa\u00e7\u00e3o de Moradores.<\/p>\n<p>Cerca de 120 estudantes do curso de Medicina na UFLA j\u00e1 participaram desta atividade. O professor Sidney explica que no momento da cria\u00e7\u00e3o do curso foram firmadas parcerias entre a Universidade e diferentes institui\u00e7\u00f5es de Lavras, como \u00e9 o caso da Associa\u00e7\u00e3o de Moradores do Jardim Gl\u00f3ria, Campestres I, II e III. O est\u00e1gio I \u00e9 ofertado no primeiro per\u00edodo ao longo do qual os alunos dedicam uma manh\u00e3 (8h \u00e0s 12h) por semana nestas atividades.<\/p>\n<h5><strong>Camila Caetano &#8211; jornalista\/ bolsista UFLA.\u00a0<\/strong><\/h5>\n","protected":false},"excerpt":{"rendered":"<p>Os novos estudantes do curso de Medicina da Universidade Federal de Lavras (UFLA) j\u00e1 iniciaram o est\u00e1gio na Associa\u00e7\u00e3o Comunit\u00e1ria dos Bairros Jardim Gl\u00f3ria e Campestres I,II,III. J\u00e1 s\u00e3o dois anos de parceria, desde o in\u00edcio do curso na UFLA. O &#8220;Est\u00e1gio em Pr\u00e1ticas de Sa\u00fade na Fam\u00edlia e Comunidade I&#8221; abrange um conhecimento s\u00f3cio-econ\u00f4mico &hellip; <a href=\"https:\/\/www.ufla.br\/dcom\/2016\/10\/11\/calouros-de-medicina-iniciam-estagio-na-associacao-comunitaria-dos-bairros-jardim-gloria-e-campestres\/\" class=\"more-link\">Continue lendo <span class=\"screen-reader-text\">Calouros de Medicina iniciam est\u00e1gio na Associa\u00e7\u00e3o Comunit\u00e1ria dos Bairros Jardim Gl\u00f3ria e Campestres<\/span> <span class=\"meta-nav\">&rarr;<\/span><\/a><\/p>\n","protected":false},"author":20,"featured_media":0,"comment_status":"closed","ping_status":"closed","sticky":false,"template":"","format":"standard","meta":{"ngg_post_thumbnail":0,"footnotes":""},"categories":[1,10],"tags":[],"class_list":["post-124587","post","type-post","status-publish","format-standard","hentry","category-noticias","category-menores"],"_links":{"self":[{"href":"https:\/\/www.ufla.br\/dcom\/wp-json\/wp\/v2\/posts\/124587","targetHints":{"allow":["GET"]}}],"collection":[{"href":"https:\/\/www.ufla.br\/dcom\/wp-json\/wp\/v2\/posts"}],"about":[{"href":"https:\/\/www.ufla.br\/dcom\/wp-json\/wp\/v2\/types\/post"}],"author":[{"embeddable":true,"href":"https:\/\/www.ufla.br\/dcom\/wp-json\/wp\/v2\/users\/20"}],"replies":[{"embeddable":true,"href":"https:\/\/www.ufla.br\/dcom\/wp-json\/wp\/v2\/comments?post=124587"}],"version-history":[{"count":5,"href":"https:\/\/www.ufla.br\/dcom\/wp-json\/wp\/v2\/posts\/124587\/revisions"}],"predecessor-version":[{"id":124594,"href":"https:\/\/www.ufla.br\/dcom\/wp-json\/wp\/v2\/posts\/124587\/revisions\/124594"}],"wp:attachment":[{"href":"https:\/\/www.ufla.br\/dcom\/wp-json\/wp\/v2\/media?parent=124587"}],"wp:term":[{"taxonomy":"category","embeddable":true,"href":"https:\/\/www.ufla.br\/dcom\/wp-json\/wp\/v2\/categories?post=124587"},{"taxonomy":"post_tag","embeddable":true,"href":"https:\/\/www.ufla.br\/dcom\/wp-json\/wp\/v2\/tags?post=124587"}],"curies":[{"name":"wp","href":"https:\/\/api.w.org\/{rel}","templated":true}]}}