{"id":124581,"date":"2016-10-10T18:12:09","date_gmt":"2016-10-10T21:12:09","guid":{"rendered":"http:\/\/www.ufla.br\/ascom\/?p=124581"},"modified":"2016-10-24T14:34:26","modified_gmt":"2016-10-24T17:34:26","slug":"publicado-resultado-preliminar-do-concurso-publico-para-tecnicos-administrativos","status":"publish","type":"post","link":"https:\/\/www.ufla.br\/dcom\/2016\/10\/10\/publicado-resultado-preliminar-do-concurso-publico-para-tecnicos-administrativos\/","title":{"rendered":"Publicado resultado preliminar do concurso p\u00fablico para t\u00e9cnicos administrativos"},"content":{"rendered":"<p><a href=\"http:\/\/www.ufla.br\/ascom\/wp-content\/uploads\/2016\/09\/concurso2.jpg\"><img loading=\"lazy\" decoding=\"async\" class=\"alignright size-medium wp-image-121149\" src=\"http:\/\/www.ufla.br\/ascom\/wp-content\/uploads\/2016\/09\/concurso2-249x170.jpg\" alt=\"concurso2\" width=\"249\" height=\"170\" srcset=\"https:\/\/www.ufla.br\/dcom\/wp-content\/uploads\/2016\/09\/concurso2-249x170.jpg 249w, https:\/\/www.ufla.br\/dcom\/wp-content\/uploads\/2016\/09\/concurso2-612x417.jpg 612w, https:\/\/www.ufla.br\/dcom\/wp-content\/uploads\/2016\/09\/concurso2.jpg 765w\" sizes=\"auto, (max-width: 249px) 100vw, 249px\" \/><\/a>A Universidade Federal de Lavras (UFLA) divulgou nesta segunda-feira (10\/10) o resultado preliminar do concurso p\u00fablico\u00a0destinado ao provimento de cargos t\u00e9cnico-administrativos em Educa\u00e7\u00e3o\u00a0(<a href=\"http:\/\/www.prgdp.ufla.br\/site\/wp-content\/uploads\/2016\/07\/EDITAL-76-2016-Retifica%C3%A7%C3%A3o-edital-71-para-site.pdf\"><strong>Edital PRGDP \u2013 n\u00ba 71\/2016<\/strong><\/a>, retificado pelo <a href=\"http:\/\/www.prgdp.ufla.br\/site\/wp-content\/uploads\/2016\/07\/EDITAL-76-2016-Retifica%C3%A7%C3%A3o-edital-71-para-site.pdf\">Edital PRGDP n\u00ba 76\/2016<\/a>; e <a href=\"http:\/\/www.prgdp.ufla.br\/site\/wp-content\/uploads\/2016\/06\/Edital_72_prgdp_2016.pdf\"><strong>Edital PRGDP \u2013 n\u00ba 72\/2016<\/strong><\/a>, retificado pelos editais <a href=\"http:\/\/www.prgdp.ufla.br\/site\/wp-content\/uploads\/2016\/07\/EDITAL-77-2016-Retifica%C3%A7%C3%A3o-edital-72-para-site.pdf\">PRGDP N\u00ba 77\/2016<\/a> e <a href=\"http:\/\/www.prgdp.ufla.br\/site\/wp-content\/uploads\/2016\/06\/Edital_96_2016_Retificacao_edital_72.pdf\">96\/2016<\/a>)<\/p>\n<p><strong><a href=\"http:\/\/www.prgdp.ufla.br\/site\/category\/concurso-para-tecnico-administrativo-2016\/\">O resultado est\u00e1 dispon\u00edvel no site da Pr\u00f3-Reitoria de Gest\u00e3o e Desenvolvimento de Pessoas (PRGDP).\u00a0<\/a><\/strong><\/p>\n<p>Para os candidatos ao cargo de Auxiliar em\u00a0Administra\u00e7\u00e3o, o resultado preliminar refere-se \u00e0 primeira fase do concurso. Os aprovados nesta etapa ter\u00e3o suas reda\u00e7\u00f5es corrigidas. N\u00e3o haver\u00e1 outras fases de avalia\u00e7\u00e3o para quem tentou vagas para os cargos de Engenheiro Civil e M\u00e9dico\/Psiquiatria.<\/p>\n<p>Candidatos \u00e0s vagas de Assistente de Laborat\u00f3rio, T\u00e9cnico de Laborat\u00f3rio\/Bioqu\u00edmico, T\u00e9cnico de Laborat\u00f3rio\/Qu\u00edmica e T\u00e9cnico em Edifica\u00e7\u00f5es devem, conforme previsto no edital, realizar prova pr\u00e1tica. A convoca\u00e7\u00e3o para essa etapa foi feita por meio do <a href=\"http:\/\/www.ufla.br\/ascom\/wp-content\/uploads\/2016\/10\/Edital-PRGDP-115-2016-Pr\u00e1ticas-Ed-72-2016.pdf\">Edital PRGDP N\u00ba 115<\/a>, de 7\/10\/2016. Assistentes de Laborat\u00f3rio e T\u00e9cnicos de Laborat\u00f3rio\/Bioqu\u00edmicos far\u00e3o a prova pr\u00e1tica em 23\/10, e os demais profissionais em 30\/10.<\/p>\n<p><strong>Recomenda\u00e7\u00f5es gerais para a prova pr\u00e1tica<\/strong><\/p>\n<p>Para ter acesso ao local de realiza\u00e7\u00e3o da prova pr\u00e1tica, o candidato dever\u00e1 portar os seguintes documentos:<\/p>\n<p>&#8211; Comprovante definitivo de inscri\u00e7\u00e3o (2\u00aa fase), que ser\u00e1 disponibilizado, exclusivamente pelo s\u00edtio eletr\u00f4nico www.prgdp.ufla.br\/concurso\/ta, a partir do dia 19\/10. O candidato \u00e9 respons\u00e1vel pela impress\u00e3o do documento e apresenta\u00e7\u00e3o no dia da prova.<\/p>\n<p>&#8211; Documento de identidade utilizado no ato da inscri\u00e7\u00e3o.<\/p>\n<p>\u00c9 tamb\u00e9m necess\u00e1rio apresentar-se de acordo com as exig\u00eancias estabelecidas pela Banca Examinadora de cada cargo. A recomenda\u00e7\u00e3o \u00e9 que se chegue aos locais de prova com anteced\u00eancia m\u00ednima de 30 minutos em rela\u00e7\u00e3o ao hor\u00e1rio do fechamento da portaria, de acordo com o estabelecido para cada cargo.<\/p>\n<p>Confira as recomenda\u00e7\u00f5es completas e detalhadas no <a href=\"http:\/\/www.ufla.br\/ascom\/wp-content\/uploads\/2016\/10\/Edital-PRGDP-115-2016-Pr\u00e1ticas-Ed-72-2016.pdf\">Edital PRGDP N\u00ba 115<\/a>, de 7\/10\/2016.<\/p>\n","protected":false},"excerpt":{"rendered":"<p>A Universidade Federal de Lavras (UFLA) divulgou nesta segunda-feira (10\/10) o resultado preliminar do concurso p\u00fablico destinado ao provimento de cargos (&#8230;)<\/p>\n","protected":false},"author":13,"featured_media":0,"comment_status":"closed","ping_status":"closed","sticky":false,"template":"","format":"standard","meta":{"ngg_post_thumbnail":0,"footnotes":""},"categories":[1],"tags":[],"class_list":["post-124581","post","type-post","status-publish","format-standard","hentry","category-noticias"],"_links":{"self":[{"href":"https:\/\/www.ufla.br\/dcom\/wp-json\/wp\/v2\/posts\/124581","targetHints":{"allow":["GET"]}}],"collection":[{"href":"https:\/\/www.ufla.br\/dcom\/wp-json\/wp\/v2\/posts"}],"about":[{"href":"https:\/\/www.ufla.br\/dcom\/wp-json\/wp\/v2\/types\/post"}],"author":[{"embeddable":true,"href":"https:\/\/www.ufla.br\/dcom\/wp-json\/wp\/v2\/users\/13"}],"replies":[{"embeddable":true,"href":"https:\/\/www.ufla.br\/dcom\/wp-json\/wp\/v2\/comments?post=124581"}],"version-history":[{"count":4,"href":"https:\/\/www.ufla.br\/dcom\/wp-json\/wp\/v2\/posts\/124581\/revisions"}],"predecessor-version":[{"id":124586,"href":"https:\/\/www.ufla.br\/dcom\/wp-json\/wp\/v2\/posts\/124581\/revisions\/124586"}],"wp:attachment":[{"href":"https:\/\/www.ufla.br\/dcom\/wp-json\/wp\/v2\/media?parent=124581"}],"wp:term":[{"taxonomy":"category","embeddable":true,"href":"https:\/\/www.ufla.br\/dcom\/wp-json\/wp\/v2\/categories?post=124581"},{"taxonomy":"post_tag","embeddable":true,"href":"https:\/\/www.ufla.br\/dcom\/wp-json\/wp\/v2\/tags?post=124581"}],"curies":[{"name":"wp","href":"https:\/\/api.w.org\/{rel}","templated":true}]}}