{"id":124000,"date":"2016-09-28T10:37:24","date_gmt":"2016-09-28T13:37:24","guid":{"rendered":"http:\/\/www.ufla.br\/ascom\/?p=124000"},"modified":"2016-09-30T15:35:21","modified_gmt":"2016-09-30T18:35:21","slug":"inscricoes-abertas-para-os-cursos-de-formacao-docente-da-ufla","status":"publish","type":"post","link":"https:\/\/www.ufla.br\/dcom\/2016\/09\/28\/inscricoes-abertas-para-os-cursos-de-formacao-docente-da-ufla\/","title":{"rendered":"Inscri\u00e7\u00f5es abertas para os cursos de forma\u00e7\u00e3o docente da UFLA"},"content":{"rendered":"<p>A Diretoria de Avalia\u00e7\u00e3o e Desenvolvimento de Ensino (DADE) em parceria com a Diretoria de Educa\u00e7\u00e3o a Dist\u00e2ncia (DIRED) informa que est\u00e3o abertas as inscri\u00e7\u00f5es para tr\u00eas cursos de forma\u00e7\u00e3o docente:<br \/>\n<strong>Curso de Forma\u00e7\u00e3o Docente: Metodologias Inovadoras no Ensino Superior<\/strong><br \/>\nM\u00f3dulo tem\u00e1tico: Aprendizagem baseada em problemas PBL<br \/>\no Data: 3 de outubro a 5 de novembro de 2016<br \/>\no P\u00fablico-alvo: docentes dos DSA, DNU , DEF e DMV<br \/>\no Carga hor\u00e1ria: 40h \/8 m\u00f3dulos<br \/>\no Coordenadora- Professora Miriam Monteiro de Castro Graciano<br \/>\no M\u00f3dulos do curso:<\/p>\n<p>M\u00f3dulo 1 &#8211; dia 3\/10, \u00e0s 18h &#8211; sala 3 PV8<br \/>\nM\u00f3dulo 2 &#8211; do dia 3\/10 ao dia 10\/10 &#8211; EAD<br \/>\nM\u00f3dulo 3 &#8211; do dia 10\/10 ao dia 17\/10 &#8211; EAD<br \/>\nM\u00f3dulo 4 &#8211; do dia 17\/10 ao dia 20\/10 &#8211; EAD<br \/>\nM\u00f3dulo 5 &#8211; do dia 20\/10 ao 24\/10 \u00a0&#8211; EAD<br \/>\nM\u00f3dulo 6 &#8211; dia 24\/10, \u00e0s 16h, na sala 3 do PV8<br \/>\nM\u00f3dulo 7 &#8211; dia 28 de outubro, \u00e0s 8h &#8211; sala 3 PV8<br \/>\nM\u00f3dulo 8 &#8211; dia 5 de novembro \u00e0s 8h &#8211; sala 3 PV8<\/p>\n<p>o <a href=\"https:\/\/goo.gl\/forms\/vxPCrao05tj80emA2\">Inscri\u00e7\u00f5es pelo site da DIRED<\/a><\/p>\n<p><strong>Curso Campus Virtual para Docentes<\/strong><br \/>\nData: 5 a 26 de outubro 2016 (obs.:\u00a0encontros presenciais nos dias 19 e 26 das 14h \u00e0s 16h\u00a0no Laborat\u00f3rio de inform\u00e1tica-DCC)<br \/>\no P\u00fablico \u2013 alvo: docentes e t\u00e9cnicos administrativos<br \/>\no Carga hor\u00e1ria: 30h<br \/>\no Coordenador: Warlley Ferreira Sahab<br \/>\no Inscri\u00e7\u00f5es pelo SIG<\/p>\n<p><strong>Curso Campus Virtual para Docentes<\/strong><br \/>\nData: 9 a 23 de novembro de 2016 (obs.: encontros presenciais nos dias 9, 16, e 23 das 14h \u00e0s 16h no Laborat\u00f3rio de inform\u00e1tica- DCC)<br \/>\no P\u00fablico \u2013 alvo: docentes e t\u00e9cnicos administrativos<br \/>\no Carga hor\u00e1ria: 30h<br \/>\no Coordenador: Warlley Ferreira Sahab<br \/>\no Inscri\u00e7\u00f5es pelo SIG<\/p>\n<p><strong>Outros cursos programados para esse semestre:<\/strong><\/p>\n<p>Teorias e Pr\u00e1ticas de Educa\u00e7\u00e3o H\u00edbrida &#8211; Objetivo: Capacitar os participantes a utilizarem as novas tecnologias digitais de informa\u00e7\u00e3o e comunica\u00e7\u00e3o (TDIC) empregadas na educa\u00e7\u00e3o a dist\u00e2ncia, tais como ambientes virtuais de aprendizagem (AVA) entre outros recursos, que podem ser usados como ferramentais incrementais na educa\u00e7\u00e3o presencial.<\/p>\n<p><strong>Informa\u00e7\u00f5es pelos telefones 3829-1828 e 3829-2120,\u00a0ou pelos e-mails: analista.ped@cead.ufla.br e\u00a0 <a href=\"mailto:dade@dade.ufla.br\" target=\"_blank\">dade@dade.ufla.br<\/a><\/strong><\/p>\n<p><strong>Camila Caetano- jornalista\/ bolsista UFLA.\u00a0<\/strong><\/p>\n","protected":false},"excerpt":{"rendered":"<p>A Diretoria de Avalia\u00e7\u00e3o e Desenvolvimento de Ensino (DADE) em parceria com a Diretoria de Educa\u00e7\u00e3o a Dist\u00e2ncia (DIRED) informa que est\u00e3o abertas as inscri\u00e7\u00f5es para tr\u00eas cursos de forma\u00e7\u00e3o docente: Curso de Forma\u00e7\u00e3o Docente: Metodologias Inovadoras no Ensino Superior M\u00f3dulo tem\u00e1tico: Aprendizagem baseada em problemas PBL o Data: 3 de outubro a 5 de &hellip; <a href=\"https:\/\/www.ufla.br\/dcom\/2016\/09\/28\/inscricoes-abertas-para-os-cursos-de-formacao-docente-da-ufla\/\" class=\"more-link\">Continue lendo <span class=\"screen-reader-text\">Inscri\u00e7\u00f5es abertas para os cursos de forma\u00e7\u00e3o docente da UFLA<\/span> <span class=\"meta-nav\">&rarr;<\/span><\/a><\/p>\n","protected":false},"author":20,"featured_media":0,"comment_status":"closed","ping_status":"closed","sticky":false,"template":"","format":"standard","meta":{"ngg_post_thumbnail":0,"footnotes":""},"categories":[1,10],"tags":[],"class_list":["post-124000","post","type-post","status-publish","format-standard","hentry","category-noticias","category-menores"],"_links":{"self":[{"href":"https:\/\/www.ufla.br\/dcom\/wp-json\/wp\/v2\/posts\/124000","targetHints":{"allow":["GET"]}}],"collection":[{"href":"https:\/\/www.ufla.br\/dcom\/wp-json\/wp\/v2\/posts"}],"about":[{"href":"https:\/\/www.ufla.br\/dcom\/wp-json\/wp\/v2\/types\/post"}],"author":[{"embeddable":true,"href":"https:\/\/www.ufla.br\/dcom\/wp-json\/wp\/v2\/users\/20"}],"replies":[{"embeddable":true,"href":"https:\/\/www.ufla.br\/dcom\/wp-json\/wp\/v2\/comments?post=124000"}],"version-history":[{"count":6,"href":"https:\/\/www.ufla.br\/dcom\/wp-json\/wp\/v2\/posts\/124000\/revisions"}],"predecessor-version":[{"id":124130,"href":"https:\/\/www.ufla.br\/dcom\/wp-json\/wp\/v2\/posts\/124000\/revisions\/124130"}],"wp:attachment":[{"href":"https:\/\/www.ufla.br\/dcom\/wp-json\/wp\/v2\/media?parent=124000"}],"wp:term":[{"taxonomy":"category","embeddable":true,"href":"https:\/\/www.ufla.br\/dcom\/wp-json\/wp\/v2\/categories?post=124000"},{"taxonomy":"post_tag","embeddable":true,"href":"https:\/\/www.ufla.br\/dcom\/wp-json\/wp\/v2\/tags?post=124000"}],"curies":[{"name":"wp","href":"https:\/\/api.w.org\/{rel}","templated":true}]}}