{"id":12350,"date":"2012-07-20T10:38:36","date_gmt":"2012-07-20T12:38:36","guid":{"rendered":"http:\/\/www.ufla.br\/ascom\/?p=12350"},"modified":"2015-01-23T16:00:23","modified_gmt":"2015-01-23T18:00:23","slug":"inctcafe-aprova-recursos-adicionais-para-consolidacao-dos-projetos-de-pesquisa","status":"publish","type":"post","link":"https:\/\/www.ufla.br\/dcom\/2012\/07\/20\/inctcafe-aprova-recursos-adicionais-para-consolidacao-dos-projetos-de-pesquisa\/","title":{"rendered":"INCT\/Caf\u00e9 aprova recursos adicionais para consolida\u00e7\u00e3o dos projetos de pesquisa"},"content":{"rendered":"<h6>Cibele Aguiar<\/h6>\n<p><a href=\"http:\/\/www.ufla.br\/ascom\/wp-content\/uploads\/2012\/07\/20.07-inct-cafe.jpg\"><img loading=\"lazy\" decoding=\"async\" class=\"alignleft size-medium wp-image-12351\" title=\"20.07 inct cafe\" src=\"http:\/\/www.ufla.br\/ascom\/wp-content\/uploads\/2012\/07\/20.07-inct-cafe-300x221.jpg\" alt=\"\" width=\"300\" height=\"221\" srcset=\"https:\/\/www.ufla.br\/dcom\/wp-content\/uploads\/2012\/07\/20.07-inct-cafe-300x221.jpg 300w, https:\/\/www.ufla.br\/dcom\/wp-content\/uploads\/2012\/07\/20.07-inct-cafe.jpg 468w\" sizes=\"auto, (max-width: 300px) 100vw, 300px\" \/><\/a>O Instituto Nacional de Ci\u00eancia e Tecnologia do Caf\u00e9 (INCT\/Caf\u00e9), com sede na Universidade Federal de Lavras (UFLA), teve seu projeto de consolida\u00e7\u00e3o aprovado para mais dois anos de atua\u00e7\u00e3o, com recursos do Conselho Nacional de Desenvolvimento Cient\u00edfico e Tecnol\u00f3gico (CNPq) e Funda\u00e7\u00e3o de Amparo \u00e0 Pesquisa do Estado de Minas Gerais (Fapemig) que superam tr\u00eas milh\u00f5es de reais, quando somados recursos de custeio e bolsas (doutorado-sandu\u00edche e p\u00f3s-doutorado no exterior).<\/p>\n<p>A consolida\u00e7\u00e3o do Instituto ser\u00e1 norteada por cinco grandes metas: aprimorar e integrar o melhoramento cl\u00e1ssico e molecular do cafeeiro; aplicar conhecimentos de biotecnologia na cafeicultura; Inovar no manejo de pragas e doen\u00e7as do cafeeiro; desenvolver sistemas inovadores de produ\u00e7\u00e3o de caf\u00e9 e agregar valor na qualidade da bebida e comercializa\u00e7\u00e3o do caf\u00e9.<\/p>\n<p>O parecer t\u00e9cnico que recomenda a concess\u00e3o de recursos adicionais ao INCT\/Caf\u00e9 ressalta a import\u00e2ncia da cadeia produtiva do caf\u00e9 para a economia brasileira, a busca por uma maior articula\u00e7\u00e3o entre institui\u00e7\u00f5es de ensino e pesquisa, o foco no desenvolvimento de produtos inovadores e a forma\u00e7\u00e3o de recursos humanos qualificados, da produ\u00e7\u00e3o \u00e0 ind\u00fastria.<\/p>\n<p>Na avalia\u00e7\u00e3o do coordenador do INCT\/Caf\u00e9, professor M\u00e1rio L\u00facio de Resende, o INCT\/Caf\u00e9 tem buscado se orientar sob tr\u00eas pilares: inova\u00e7\u00e3o, articula\u00e7\u00e3o e internacionaliza\u00e7\u00e3o, que s\u00e3o os elementos fundamentais para uma nova atua\u00e7\u00e3o da pesquisa. Segundo o coordenador, nesta nova fase tamb\u00e9m ser\u00e1 dada especial aten\u00e7\u00e3o \u00e0 difus\u00e3o das tecnologias e a transfer\u00eancia do conhecimento gerado.<\/p>\n<p><strong>Oportunidade de bolsas<\/strong><\/p>\n<p>Especificamente para os pesquisadores de caf\u00e9, o CNPq disponibilizou cotas para doutorado sandu\u00edche e p\u00f3s-doutorado em programas ligados INCT\/Caf\u00e9, com a finalidade de aproximar os pesquisadores brasileiros de sistemas educacionais competitivos em rela\u00e7\u00e3o \u00e0 tecnologia e inova\u00e7\u00e3o. Ainda existem vagas dispon\u00edveis para o interc\u00e2mbio que, al\u00e9m da bolsa de estudos, prev\u00ea aux\u00edlio financeiro para passagens a\u00e9reas, aux\u00edlio instala\u00e7\u00e3o e seguro sa\u00fade. \u00a0O prazo para a bolsa de doutorado\u00a0sandu\u00edche\u00a0e p\u00f3s-doutorado no exterior \u00e9 de 6 a 12 meses.<\/p>\n<p>Os interessados devem procurar informa\u00e7\u00f5es em suas institui\u00e7\u00f5es de refer\u00eancia ou diretamente no INCT\/Caf\u00e9. As bolsas disponibilizadas est\u00e3o abertas a pesquisadores ou professores em atividade nas institui\u00e7\u00f5es signat\u00e1rias do Programa: UFLA, Universidade Federal de Vi\u00e7osa (UFV), Empresa de Pesquisa Agropecu\u00e1ria de Minas Gerais (Epamig), Instituto Agron\u00f4mico do Paran\u00e1 (Iapar), Embrapa Recursos Gen\u00e9ticos e Biotecnologia, Embrapa Caf\u00e9, Instituto Capixaba de Pesquisa, Assist\u00eancia T\u00e9cnica e Extens\u00e3o Rural (Incaper) e Instituto Agron\u00f4mico de Campinas (IAC).<\/p>\n<p>&nbsp;<\/p>\n","protected":false},"excerpt":{"rendered":"<p>O Instituto Nacional de Ci\u00eancia e Tecnologia do Caf\u00e9 (INCT\/Caf\u00e9), com sede na Universidade Federal de Lavras (UFLA), teve seu projeto de consolida\u00e7\u00e3o aprovado para mais dois anos de atua\u00e7\u00e3o, com recursos do Conselho Nacional de Desenvolvimento Cient\u00edfico e Tecnol\u00f3gico (CNPq) e Funda\u00e7\u00e3o de Amparo \u00e0 Pesquisa do Estado de Minas Gerais (Fapemig) que superam tr\u00eas milh\u00f5es de reais (&#8230;)<\/p>\n","protected":false},"author":6,"featured_media":0,"comment_status":"closed","ping_status":"closed","sticky":false,"template":"","format":"standard","meta":{"ngg_post_thumbnail":0,"footnotes":""},"categories":[1],"tags":[168],"class_list":["post-12350","post","type-post","status-publish","format-standard","hentry","category-noticias","tag-cafe"],"_links":{"self":[{"href":"https:\/\/www.ufla.br\/dcom\/wp-json\/wp\/v2\/posts\/12350","targetHints":{"allow":["GET"]}}],"collection":[{"href":"https:\/\/www.ufla.br\/dcom\/wp-json\/wp\/v2\/posts"}],"about":[{"href":"https:\/\/www.ufla.br\/dcom\/wp-json\/wp\/v2\/types\/post"}],"author":[{"embeddable":true,"href":"https:\/\/www.ufla.br\/dcom\/wp-json\/wp\/v2\/users\/6"}],"replies":[{"embeddable":true,"href":"https:\/\/www.ufla.br\/dcom\/wp-json\/wp\/v2\/comments?post=12350"}],"version-history":[{"count":8,"href":"https:\/\/www.ufla.br\/dcom\/wp-json\/wp\/v2\/posts\/12350\/revisions"}],"predecessor-version":[{"id":12353,"href":"https:\/\/www.ufla.br\/dcom\/wp-json\/wp\/v2\/posts\/12350\/revisions\/12353"}],"wp:attachment":[{"href":"https:\/\/www.ufla.br\/dcom\/wp-json\/wp\/v2\/media?parent=12350"}],"wp:term":[{"taxonomy":"category","embeddable":true,"href":"https:\/\/www.ufla.br\/dcom\/wp-json\/wp\/v2\/categories?post=12350"},{"taxonomy":"post_tag","embeddable":true,"href":"https:\/\/www.ufla.br\/dcom\/wp-json\/wp\/v2\/tags?post=12350"}],"curies":[{"name":"wp","href":"https:\/\/api.w.org\/{rel}","templated":true}]}}