{"id":12195,"date":"2012-07-12T09:56:54","date_gmt":"2012-07-12T11:56:54","guid":{"rendered":"http:\/\/www.ufla.br\/ascom\/?p=12195"},"modified":"2015-01-29T14:02:30","modified_gmt":"2015-01-29T16:02:30","slug":"indice-de-precos-feijao-tem-forte-queda","status":"publish","type":"post","link":"https:\/\/www.ufla.br\/dcom\/2012\/07\/12\/indice-de-precos-feijao-tem-forte-queda\/","title":{"rendered":"\u00cdndice de pre\u00e7os: feij\u00e3o tem forte queda"},"content":{"rendered":"<h6><a href=\"http:\/\/www.ufla.br\/ascom\/wp-content\/uploads\/2012\/07\/\u00edndices-agr\u00edcolas.jpg\"><img loading=\"lazy\" decoding=\"async\" class=\"alignleft size-full wp-image-12196\" title=\"\u00edndices-agr\u00edcolas\" alt=\"\" src=\"http:\/\/www.ufla.br\/ascom\/wp-content\/uploads\/2012\/07\/\u00edndices-agr\u00edcolas.jpg\" width=\"300\" height=\"191\" \/><\/a><\/h6>\n<p>O Departamento de Administra\u00e7\u00e3o e Economia (DAE\/UFLA) detectou, com base em dados coletados no m\u00eas de junho, baixa nos pre\u00e7os do feij\u00e3o e do caf\u00e9. Os dados comp\u00f5em o \u00cdndice de Pre\u00e7os Recebidos (IPR), referente \u00e0 venda dos produtos agr\u00edcolas, e o \u00cdndice de Pre\u00e7os Pagos (IPP), alusivo aos insumos gastos pelos produtores rurais no Sul de Minas Gerais. O IPR apresentou queda de -8,11%, in\u00e9dita neste ano; j\u00e1 o IPP apresentou uma ligeira queda, de -0,04%.<\/p>\n<p>A rela\u00e7\u00e3o entre oi IPR e IPP resultou em grande perda da renda do produtor rural neste per\u00edodo. No acumulado dos \u00faltimos doze meses (julho de 2011 a junho de 2012), a renda agr\u00edcola apresenta-se ainda em forma positiva, com um aumento de 4,11% e alta nos custos de produ\u00e7\u00e3o em 1,32%, medido pelo IPP.<\/p>\n<p>A saca do feij\u00e3o apresentou uma queda no m\u00eas de -37,95%, saindo do patamar de R$ 274,00 para R$ 170,00. De acordo com o coordenador da pesquisa, professor Renato Fontes, o produto havia alcan\u00e7ado um excelente pre\u00e7o nos \u00faltimos meses, devido \u00e0 baixa oferta. Por\u00e9m, a entrada da nova safra de feij\u00e3o aumentou a sua oferta e pressionou o pre\u00e7o da saca para baixo.<\/p>\n<p>O grupo caf\u00e9 continua apresentando queda: neste m\u00eas a cifra foi de -7,38% em rela\u00e7\u00e3o a maio. Em 2012, o produto j\u00e1 apresenta uma queda acumulada de -30,02%. O grupo de hortifrutigranjeiros demonstrou baixa mensal de -3,66%, destacando-se as quedas da cenoura em -33,21% e da beterraba em -24,81%. Neste m\u00eas o \u00fanico grupo que apresentou resultado positivo foi o grupo leite, com aumento de renda em 3,88%.<\/p>\n<p>&nbsp;<\/p>\n","protected":false},"excerpt":{"rendered":"<p>O Departamento de Administra\u00e7\u00e3o e Economia (DAE\/UFLA) detectou, com base em dados coletados no m\u00eas de junho, baixa nos pre\u00e7os do feij\u00e3o e do caf\u00e9. Os dados comp\u00f5em o \u00cdndice de Pre\u00e7os Recebidos (IPR), referente \u00e0 venda dos produtos agr\u00edcolas, e o \u00cdndice de Pre\u00e7os Pagos (IPP), alusivo aos insumos gastos (&#8230;)<\/p>\n","protected":false},"author":8,"featured_media":0,"comment_status":"closed","ping_status":"closed","sticky":false,"template":"","format":"standard","meta":{"ngg_post_thumbnail":0,"footnotes":""},"categories":[1],"tags":[710,590],"class_list":["post-12195","post","type-post","status-publish","format-standard","hentry","category-noticias","tag-ipp","tag-ipr"],"_links":{"self":[{"href":"https:\/\/www.ufla.br\/dcom\/wp-json\/wp\/v2\/posts\/12195","targetHints":{"allow":["GET"]}}],"collection":[{"href":"https:\/\/www.ufla.br\/dcom\/wp-json\/wp\/v2\/posts"}],"about":[{"href":"https:\/\/www.ufla.br\/dcom\/wp-json\/wp\/v2\/types\/post"}],"author":[{"embeddable":true,"href":"https:\/\/www.ufla.br\/dcom\/wp-json\/wp\/v2\/users\/8"}],"replies":[{"embeddable":true,"href":"https:\/\/www.ufla.br\/dcom\/wp-json\/wp\/v2\/comments?post=12195"}],"version-history":[{"count":4,"href":"https:\/\/www.ufla.br\/dcom\/wp-json\/wp\/v2\/posts\/12195\/revisions"}],"predecessor-version":[{"id":77539,"href":"https:\/\/www.ufla.br\/dcom\/wp-json\/wp\/v2\/posts\/12195\/revisions\/77539"}],"wp:attachment":[{"href":"https:\/\/www.ufla.br\/dcom\/wp-json\/wp\/v2\/media?parent=12195"}],"wp:term":[{"taxonomy":"category","embeddable":true,"href":"https:\/\/www.ufla.br\/dcom\/wp-json\/wp\/v2\/categories?post=12195"},{"taxonomy":"post_tag","embeddable":true,"href":"https:\/\/www.ufla.br\/dcom\/wp-json\/wp\/v2\/tags?post=12195"}],"curies":[{"name":"wp","href":"https:\/\/api.w.org\/{rel}","templated":true}]}}