{"id":12183,"date":"2012-07-11T16:00:46","date_gmt":"2012-07-11T18:00:46","guid":{"rendered":"http:\/\/www.ufla.br\/ascom\/?p=12183"},"modified":"2015-01-29T14:02:38","modified_gmt":"2015-01-29T16:02:38","slug":"curso-de-lingua-espanhola-e-cultura-de-paises-do-mercosul-e-realizado-na-ufla","status":"publish","type":"post","link":"https:\/\/www.ufla.br\/dcom\/2012\/07\/11\/curso-de-lingua-espanhola-e-cultura-de-paises-do-mercosul-e-realizado-na-ufla\/","title":{"rendered":"Curso de L\u00edngua Espanhola e Cultura de Pa\u00edses do Mercosul \u00e9 realizado na UFLA"},"content":{"rendered":"<h6>Cibele Aguiar<\/h6>\n<p><a href=\"http:\/\/www.ufla.br\/ascom\/wp-content\/uploads\/2012\/07\/11.07-mercosul-bandeiras.jpg\"><img loading=\"lazy\" decoding=\"async\" class=\"alignleft size-medium wp-image-12184\" title=\"11.07 mercosul bandeiras\" src=\"http:\/\/www.ufla.br\/ascom\/wp-content\/uploads\/2012\/07\/11.07-mercosul-bandeiras-300x192.jpg\" alt=\"\" width=\"300\" height=\"192\" srcset=\"https:\/\/www.ufla.br\/dcom\/wp-content\/uploads\/2012\/07\/11.07-mercosul-bandeiras-300x192.jpg 300w, https:\/\/www.ufla.br\/dcom\/wp-content\/uploads\/2012\/07\/11.07-mercosul-bandeiras.jpg 793w\" sizes=\"auto, (max-width: 300px) 100vw, 300px\" \/><\/a>Teve in\u00edcio no dia 2 de julho e segue at\u00e9 o pr\u00f3ximo s\u00e1bado (14), o curso de L\u00edngua Espanhola e Cultura de Pa\u00edses do Mercosul, no c\u00e2mpus da UFLA, com a participa\u00e7\u00e3o de 22 estudantes de gradua\u00e7\u00e3o e cinco professores selecionados no Edital do Programa de Mobilidade Mercosul (PMM\/2012). Tamb\u00e9m participam do curso, oito estudantes da UFLA bolsistas do Programa, que far\u00e3o no pr\u00f3ximo semestre o interc\u00e2mbio acad\u00eamico-cultural em universidades do Paraguai, Uruguai e Argentina.<\/p>\n<p>Na UFLA, o curso conta com a participa\u00e7\u00e3o de cinco professores de universidades parceiras (professores Edilson Teixeira e Virginia Lucas (<em>Universidad de la Rep\u00fablica Uruguay<\/em>), professores Oscar Galeano e Adri\u00e1n Rodriguez (Universidad Nacional de Itap\u00faa \u2013 Paraguai) e professora Fanny Bierbrauer (Universidad Nacional de Cordoba \u2013 Argentina).<\/p>\n<p>Em sua primeira estadia no Brasil, o professor Oscar Galeano, da Universidade Nacional de Itap\u00faa \u2013 Paraguai, ficou entusiasmado com as possibilidades de novos conv\u00eanios de interc\u00e2mbio com a UFLA. O professor tamb\u00e9m elogiou a recep\u00e7\u00e3o da coordena\u00e7\u00e3o brasileira e o envolvimento dos estudantes durante todo o curso.\u00a0\u00a0<\/p>\n<figure id=\"attachment_12185\" aria-describedby=\"caption-attachment-12185\" style=\"width: 240px\" class=\"wp-caption alignright\"><a href=\"http:\/\/www.ufla.br\/ascom\/wp-content\/uploads\/2012\/07\/11.07-mercosul-reitoria.jpg\"><img loading=\"lazy\" decoding=\"async\" class=\" wp-image-12185 \" title=\"11.07 mercosul reitoria\" src=\"http:\/\/www.ufla.br\/ascom\/wp-content\/uploads\/2012\/07\/11.07-mercosul-reitoria-300x225.jpg\" alt=\"\" width=\"240\" height=\"180\" srcset=\"https:\/\/www.ufla.br\/dcom\/wp-content\/uploads\/2012\/07\/11.07-mercosul-reitoria-300x225.jpg 300w, https:\/\/www.ufla.br\/dcom\/wp-content\/uploads\/2012\/07\/11.07-mercosul-reitoria-1024x768.jpg 1024w\" sizes=\"auto, (max-width: 240px) 100vw, 240px\" \/><\/a><figcaption id=\"caption-attachment-12185\" class=\"wp-caption-text\">Representantes da UFLA recem professor paraguaio e conversam sobre futuras parcerias<\/figcaption><\/figure>\n<p>Para o estudante de Administra\u00e7\u00e3o (DAE\/UFLA) P\u00e9ricles Renato Viana, que far\u00e1 o interc\u00e2mbio na Universidad Nacional de Cuyo &#8211; Mendoza\/Argentina, o curso na UFLA promoveu um aprendizado tanto da l\u00edngua espanhola quanto da cultura dos pa\u00edses participantes, conhecimento que certamente far\u00e1 diferen\u00e7a em sua experi\u00eancia internacional.<\/p>\n<p>O curso foi organizado pelas coordenadoras do Programa, professora Maria Cristina Ang\u00e9lico Mendon\u00e7a \u2013 DAE (coordenadora acad\u00eamica) e professora Helena Maria Ferreira \u2013 DCH (coordenadora institucional), com o apoio da coordenadora do N\u00facleo de Cultura Internacional, professora T\u00e2nia Romero (DCH).<\/p>\n<p><strong>O programa<\/strong><\/p>\n<p>O Programa Mobilidade Mercosul \u00e9 voltado \u00e0 coopera\u00e7\u00e3o no setor educacional, visando ao interc\u00e2mbio acad\u00eamico-cultural, com o apoio financeiro da Uni\u00e3o Europ\u00e9ia e a coordena\u00e7\u00e3o dos Minist\u00e9rios da Educa\u00e7\u00e3o dos quatro pa\u00edses fundadores (Brasil, Uruguai, Paraguai e Argentina).\u00a0 Em sua fase piloto, participam 19 universidades brasileiras, 27 argentinas, 10 paraguaias e quatro universidades uruguaias.<\/p>\n<p>A UFLA participa em quatro redes de coopera\u00e7\u00e3o em diferentes \u00e1reas, com previs\u00e3o de interc\u00e2mbio de estudantes a partir do m\u00eas de agosto de 2012. Da UFLA, oito estudantes cursar\u00e3o um semestre letivo em universidades dos pa\u00edses membros. Metade dessas bolsas \u00e9 oferecida pelo Minist\u00e9rio da Educa\u00e7\u00e3o e a outra metade \u00e9 um incentivo da Reitoria da UFLA para o sucesso do Projeto. Nesta fase piloto, a UFLA tamb\u00e9m receber\u00e1 quatro estudantes de universidades parceiras.<\/p>\n<p>O curso de Administra\u00e7\u00e3o da UFLA comp\u00f5e a Rede de Ci\u00eancias Econ\u00f4micas do Mercosul (ReCEM),\u00a0 o curso de Engenharia de Controle e Automa\u00e7\u00e3o participa da rede \u201c<em>Red Tecnol\u00f3gica del Sur (Red TECNOSUR<\/em>) \u2013 <em>Universitarios para la integraci\u00f3n regional<\/em>\u201d, o curso de licenciatura em Matem\u00e1tica est\u00e1 na \u201dRede de Mobilidade Acad\u00eamica em Ci\u00eancias Exatas e Naturais\u201d e o de Letras faz parte da Rede \u201c<em>Formaci\u00f3n, Investigaci\u00f3n y Extensi\u00f3n Ling\u00fc\u00edstica para la Integraci\u00f3n(FIELin)<\/em>\u201d.<\/p>\n<p>Segundo a coordena\u00e7\u00e3o do Programa na UFLA, ap\u00f3s a fase piloto, a expectativa \u00e9 fortalecer os interc\u00e2mbios, com maior n\u00famero de estudantes, professores e pesquisadores dos quatro pa\u00edses, abrangendo outros cursos e incentivando ainda mais o processo de internacionaliza\u00e7\u00e3o, a integra\u00e7\u00e3o regional, bem como tornando mais pr\u00f3ximos os di\u00e1logos e coopera\u00e7\u00f5es intra e interdisciplinares.<\/p>\n<p>&nbsp;<\/p>\n","protected":false},"excerpt":{"rendered":"<p>Teve in\u00edcio no dia 2 de julho e segue at\u00e9 o pr\u00f3ximo s\u00e1bado (14), o curso de L\u00edngua Espanhola e Cultura de Pa\u00edses do Mercosul, no c\u00e2mpus da UFLA, com a participa\u00e7\u00e3o de 22 estudantes de gradua\u00e7\u00e3o e cinco professores selecionados no Edital do Programa de Mobilidade Mercosul (PMM\/2012).(&#8230;)<\/p>\n","protected":false},"author":6,"featured_media":0,"comment_status":"closed","ping_status":"closed","sticky":false,"template":"","format":"standard","meta":{"ngg_post_thumbnail":0,"footnotes":""},"categories":[1],"tags":[636],"class_list":["post-12183","post","type-post","status-publish","format-standard","hentry","category-noticias","tag-mercosul"],"_links":{"self":[{"href":"https:\/\/www.ufla.br\/dcom\/wp-json\/wp\/v2\/posts\/12183","targetHints":{"allow":["GET"]}}],"collection":[{"href":"https:\/\/www.ufla.br\/dcom\/wp-json\/wp\/v2\/posts"}],"about":[{"href":"https:\/\/www.ufla.br\/dcom\/wp-json\/wp\/v2\/types\/post"}],"author":[{"embeddable":true,"href":"https:\/\/www.ufla.br\/dcom\/wp-json\/wp\/v2\/users\/6"}],"replies":[{"embeddable":true,"href":"https:\/\/www.ufla.br\/dcom\/wp-json\/wp\/v2\/comments?post=12183"}],"version-history":[{"count":5,"href":"https:\/\/www.ufla.br\/dcom\/wp-json\/wp\/v2\/posts\/12183\/revisions"}],"predecessor-version":[{"id":12189,"href":"https:\/\/www.ufla.br\/dcom\/wp-json\/wp\/v2\/posts\/12183\/revisions\/12189"}],"wp:attachment":[{"href":"https:\/\/www.ufla.br\/dcom\/wp-json\/wp\/v2\/media?parent=12183"}],"wp:term":[{"taxonomy":"category","embeddable":true,"href":"https:\/\/www.ufla.br\/dcom\/wp-json\/wp\/v2\/categories?post=12183"},{"taxonomy":"post_tag","embeddable":true,"href":"https:\/\/www.ufla.br\/dcom\/wp-json\/wp\/v2\/tags?post=12183"}],"curies":[{"name":"wp","href":"https:\/\/api.w.org\/{rel}","templated":true}]}}