{"id":121567,"date":"2016-09-21T09:17:08","date_gmt":"2016-09-21T12:17:08","guid":{"rendered":"http:\/\/www.ufla.br\/ascom\/?p=121567"},"modified":"2016-09-22T17:06:06","modified_gmt":"2016-09-22T20:06:06","slug":"parcerias-internacionais-fortalecem-o-programa-de-pos-graduacao-em-zootecnia","status":"publish","type":"post","link":"https:\/\/www.ufla.br\/dcom\/2016\/09\/21\/parcerias-internacionais-fortalecem-o-programa-de-pos-graduacao-em-zootecnia\/","title":{"rendered":"Parcerias internacionais fortalecem o Programa de P\u00f3s-Gradua\u00e7\u00e3o em Zootecnia"},"content":{"rendered":"<figure id=\"attachment_121574\" aria-describedby=\"caption-attachment-121574\" style=\"width: 249px\" class=\"wp-caption alignleft\"><a href=\"http:\/\/www.ufla.br\/ascom\/wp-content\/uploads\/2016\/09\/DZO-colombia.jpg\"><img loading=\"lazy\" decoding=\"async\" class=\"wp-image-121574 size-medium\" src=\"http:\/\/www.ufla.br\/ascom\/wp-content\/uploads\/2016\/09\/DZO-colombia-249x167.jpg\" alt=\"Professora Priscila Vieira Rosa, em palestra na Universidade de C\u00f3rdoba \u2013 Col\u00f4mbia \" width=\"249\" height=\"167\" srcset=\"https:\/\/www.ufla.br\/dcom\/wp-content\/uploads\/2016\/09\/DZO-colombia-249x167.jpg 249w, https:\/\/www.ufla.br\/dcom\/wp-content\/uploads\/2016\/09\/DZO-colombia-612x410.jpg 612w, https:\/\/www.ufla.br\/dcom\/wp-content\/uploads\/2016\/09\/DZO-colombia.jpg 774w\" sizes=\"auto, (max-width: 249px) 100vw, 249px\" \/><\/a><figcaption id=\"caption-attachment-121574\" class=\"wp-caption-text\">Professora Priscila Vieira Rosa, em palestra na Universidade de C\u00f3rdoba \u2013 Col\u00f4mbia<\/figcaption><\/figure>\n<p>As parcerias internacionais fazem parte do hist\u00f3rico do Programa de P\u00f3s-Gradua\u00e7\u00e3o em Zootecnia (PPGZ). Os esfor\u00e7os para fortalecer as a\u00e7\u00f5es de internacionaliza\u00e7\u00e3o fortalecem o Programa e promovem novas oportunidades para estudantes e professores.<\/p>\n<p>Uma dessas parcerias tem como tem\u00e1tica a \u00e1rea de Aquicultura. A Universidade Federal de Lavras (UFLA) mant\u00e9m conv\u00eanio com a Universidad de C\u00f3rdoba \u2013 Col\u00f4mbia (Unicordoba) desde 2009, por meio de a\u00e7\u00f5es nessa \u00e1rea do conhecimento. No \u00e2mbito da parceria, j\u00e1 foram realizados treinamentos para p\u00f3s-graduandos e docentes do PPGZ, projetos conjuntos e, anualmente, o Setor de Piscicultura da UFLA recebe discentes para realiza\u00e7\u00e3o de est\u00e1gio supervisionado.<\/p>\n<p>Como marco da rela\u00e7\u00e3o interinstitucional UFLA-Unicordoba, a professora Priscila Vieira Rosa, do Departamento de Zootecnia, foi convidada como palestrante especial da Semana Internacional Acad\u00eamica da Unicordoba. No per\u00edodo de 27 de agosto a 3 de setembro, a professora participou de treinamento intensivo, com a apresenta\u00e7\u00e3o da palestra \u201cRecentes avan\u00e7os em nutri\u00e7\u00e3o de peixes\u201d e a realiza\u00e7\u00e3o do minicurso com a tem\u00e1tica \u201cEnzimas digest\u00f3rias, ex\u00f3genas e metab\u00f3licas na nutri\u00e7\u00e3o de peixes\u201d.<\/p>\n<p>A parceria com a Unicordoba teve in\u00edcio com projetos conjuntos na \u00e1rea de Aquicultura, tendo a coordena\u00e7\u00e3o da professora Martha Janeth Prieto Guevara (Unicordoba), doutora pela UFLA, no programa de P\u00f3s-Gradua\u00e7\u00e3o em Zootecnia.<\/p>\n<p><strong>Professor Visitante<\/strong><\/p>\n<figure id=\"attachment_121575\" aria-describedby=\"caption-attachment-121575\" style=\"width: 216px\" class=\"wp-caption alignright\"><a href=\"http:\/\/www.ufla.br\/ascom\/wp-content\/uploads\/2016\/09\/professor-espanhol.jpg\"><img loading=\"lazy\" decoding=\"async\" class=\"wp-image-121575 size-medium\" src=\"http:\/\/www.ufla.br\/ascom\/wp-content\/uploads\/2016\/09\/professor-espanhol-216x249.jpg\" alt=\"professor Jose Fernando Lopez Olmeda, da Universidad de Murcia-Espanha, para fortalecer as parcerias no PPGZ\" width=\"216\" height=\"249\" srcset=\"https:\/\/www.ufla.br\/dcom\/wp-content\/uploads\/2016\/09\/professor-espanhol-216x249.jpg 216w, https:\/\/www.ufla.br\/dcom\/wp-content\/uploads\/2016\/09\/professor-espanhol.jpg 341w\" sizes=\"auto, (max-width: 216px) 100vw, 216px\" \/><\/a><figcaption id=\"caption-attachment-121575\" class=\"wp-caption-text\">Professor Jose Fernando Lopez Olmeda, da Universidad de Murcia-Espanha, temporada na UFLA para fortalecer as parcerias no PPGZ<\/figcaption><\/figure>\n<p>No per\u00edodo de 5 a 18 de setembro, a UFLA recebeu o professor Jose Fernando Lopez Olmeda, da <em>Universidad de Murcia-Espanha<\/em>, para fortalecer as parcerias no PPGZ. Neurocientista, endocrinologista e cronobiologista, o pesquisador compartilhou com estudantes e professores a experi\u00eancia de utilizar o peixe como modelo experimental. Refer\u00eancia na \u00e1rea de nutrigen\u00f4mica &#8211; influ\u00eancia de nutrientes em fatores de transcri\u00e7\u00e3o g\u00eanica, a parceria rendeu bons frutos para o Programa.<\/p>\n<p>Nesse per\u00edodo, o pesquisador realizou an\u00e1lises no \u00e2mbito de projetos conjuntos com a UFLA, ministrou a palestra intitulada \u201cT\u00e9cnicas de Biologia molecular aplicadas \u00e0 Aquicultura\u201d, e participou da banca da 200\u00aa defesa de tese de doutorado do PPGZ, da discente Raquel Tatiane Pereira, tendo com \u00eanfase a tem\u00e1tica nutri\u00e7\u00e3o de peixes.<\/p>\n<p>O coordenador do PPGZ e pr\u00f3-reitor adjunto de P\u00f3s-Gradua\u00e7\u00e3o, professor M\u00e1rcio Machado Ladeira, ressaltou a import\u00e2ncia da participa\u00e7\u00e3o dos professores estrangeiros na consolida\u00e7\u00e3o da internacionaliza\u00e7\u00e3o do Programa, por meio de mobilidades internacionais dos alunos e de parcerias em orienta\u00e7\u00f5es, projetos e artigos publicados. Em sua avalia\u00e7\u00e3o, a participa\u00e7\u00e3o de pesquisadores renomados permite que os estudantes adquiram conhecimentos proeminentes, que fazem toda diferen\u00e7a na forma\u00e7\u00e3o profissional. \u201cO contato com tecnologias desenvolvidas em outras universidades \u00e9 de extrema import\u00e2ncia para a forma\u00e7\u00e3o de nossos discentes\u201d, conclui.<\/p>\n<p>Pela segunda vez na UFLA, o professor destacou o car\u00e1ter multidisciplinar do laborat\u00f3rio de Biologia Molecular do DZO e do Laborat\u00f3rio de An\u00e1lises de Sementes. \u201cFiquei encantado com os equipamentos dispon\u00edveis e a ajuda dos pesquisadores que trabalham nesses laborat\u00f3rios. Foi uma experi\u00eancia sensacional e espero que se repita em colabora\u00e7\u00f5es futuras\u201d, refor\u00e7ou.<\/p>\n<p>A vinda do professor visitante teve o apoio do CNPq, em projeto com a participa\u00e7\u00e3o da Universidade Federal de Minas Gerais (UFMG).<\/p>\n<p>&nbsp;<\/p>\n","protected":false},"excerpt":{"rendered":"<p>As parcerias internacionais fazem parte do hist\u00f3rico do Programa de P\u00f3s-Gradua\u00e7\u00e3o em Zootecnia (PPGZ). Os esfor\u00e7os para fortalecer as a\u00e7\u00f5es de internacionaliza\u00e7\u00e3o fortalecem o Programa e promovem novas oportunidades para estudantes e professores. Uma dessas parcerias tem como tem\u00e1tica a \u00e1rea de Aquicultura. A Universidade Federal de Lavras (UFLA) mant\u00e9m conv\u00eanio com a Universidad de &hellip; <a href=\"https:\/\/www.ufla.br\/dcom\/2016\/09\/21\/parcerias-internacionais-fortalecem-o-programa-de-pos-graduacao-em-zootecnia\/\" class=\"more-link\">Continue lendo <span class=\"screen-reader-text\">Parcerias internacionais fortalecem o Programa de P\u00f3s-Gradua\u00e7\u00e3o em Zootecnia<\/span> <span class=\"meta-nav\">&rarr;<\/span><\/a><\/p>\n","protected":false},"author":6,"featured_media":0,"comment_status":"closed","ping_status":"closed","sticky":false,"template":"","format":"standard","meta":{"ngg_post_thumbnail":0,"footnotes":""},"categories":[1,10],"tags":[],"class_list":["post-121567","post","type-post","status-publish","format-standard","hentry","category-noticias","category-menores"],"_links":{"self":[{"href":"https:\/\/www.ufla.br\/dcom\/wp-json\/wp\/v2\/posts\/121567","targetHints":{"allow":["GET"]}}],"collection":[{"href":"https:\/\/www.ufla.br\/dcom\/wp-json\/wp\/v2\/posts"}],"about":[{"href":"https:\/\/www.ufla.br\/dcom\/wp-json\/wp\/v2\/types\/post"}],"author":[{"embeddable":true,"href":"https:\/\/www.ufla.br\/dcom\/wp-json\/wp\/v2\/users\/6"}],"replies":[{"embeddable":true,"href":"https:\/\/www.ufla.br\/dcom\/wp-json\/wp\/v2\/comments?post=121567"}],"version-history":[{"count":2,"href":"https:\/\/www.ufla.br\/dcom\/wp-json\/wp\/v2\/posts\/121567\/revisions"}],"predecessor-version":[{"id":121627,"href":"https:\/\/www.ufla.br\/dcom\/wp-json\/wp\/v2\/posts\/121567\/revisions\/121627"}],"wp:attachment":[{"href":"https:\/\/www.ufla.br\/dcom\/wp-json\/wp\/v2\/media?parent=121567"}],"wp:term":[{"taxonomy":"category","embeddable":true,"href":"https:\/\/www.ufla.br\/dcom\/wp-json\/wp\/v2\/categories?post=121567"},{"taxonomy":"post_tag","embeddable":true,"href":"https:\/\/www.ufla.br\/dcom\/wp-json\/wp\/v2\/tags?post=121567"}],"curies":[{"name":"wp","href":"https:\/\/api.w.org\/{rel}","templated":true}]}}