{"id":1209,"date":"2007-12-17T00:00:00","date_gmt":"2007-12-17T00:00:00","guid":{"rendered":"http:\/\/www.ascom.ufla.br\/site\/index.php\/2007\/12\/confira-os-lancamentos-das-editoras-universitarias-13\/"},"modified":"2007-12-17T00:00:00","modified_gmt":"2007-12-17T00:00:00","slug":"confira-os-lancamentos-das-editoras-universitarias-13","status":"publish","type":"post","link":"https:\/\/www.ufla.br\/dcom\/2007\/12\/17\/confira-os-lancamentos-das-editoras-universitarias-13\/","title":{"rendered":"Confira os lan\u00e7amentos das editoras universit\u00e1rias"},"content":{"rendered":"<p>\u201cA vida e os feitos do Divino Augusto\u201d, Suet\u00f4nio e Augusto \u2013 Matheus Trevisam, Paulo S\u00e9rgio Vasconcellos e Ant\u00f4nio Martinez de Rezende (tradutores) \u2013 A reuni\u00e3o de textos de Suet\u00f4nio e de Augusto em um s\u00f3 livro d\u00e1 uma dimens\u00e3o mais ampla \u00e0 escrita do texto biogr\u00e1fico antigo: o leitor ter\u00e1 a experi\u00eancia \u00fanica de confrontar duas obras que conduzem, por caminhos e matizes diferentes, \u00e0 mesma vida. A tradu\u00e7\u00e3o que ora se publica permite ao n\u00e3o-leitor do original latino seguro acesso \u00e0s informa\u00e7\u00f5es e constitui est\u00edmulo \u00e0 supera\u00e7\u00e3o do tempo que se nomeia Antig\u00fcidade. A mesma tradu\u00e7\u00e3o permite ao leitor do original latino, ampliar suas possibilidades de interpreta\u00e7\u00e3o e de viv\u00eancia da Antig\u00fcidade. Ao final da leitura, o leitor se sentir\u00e1 t\u00e3o cidad\u00e3o romano quanto concidad\u00e3o de Augusto: tam romanus ciuis sum, ut Augustus ciuis meus. (UFMG)<\/p>\n<p>\u201cCru\u00e9is paisagens: literatura brasileira e cultura contempor\u00e2nea\u201d, \u00c2ngela Maria Dias \u2013 Na obra, a escritora utiliza o chamado \u201cprinc\u00edpio de crueldade\u201d \u2013 express\u00e3o do fil\u00f3sofo Cl\u00e9ment Rosset que designa o \u201cinescap\u00e1vel ou insuport\u00e1vel do real\u201d \u2013 para classificar a tem\u00e1tica da selvageria contida na literatura brasileira contempor\u00e2nea em tr\u00eas modalidades: a propriamente cruel, que \u00e9 s\u00e1dica e violenta; a crueldade do exotismo, voltada para a estetiza\u00e7\u00e3o da diferen\u00e7a; e a da melancolia, que se apresenta indiferente e narc\u00edsica. Al\u00e9m de analisar a constante da crueldade no cotidiano urbano brasileiro, manifestada em textos por meio da ficcionaliza\u00e7\u00e3o da viol\u00eancia, da pornografia e da desigualdade social, a autora examina alguns artigos sobre grandes nomes da poesia brasileira. (UFF)<\/p>\n<p>\u201cInser\u00e7&#259;o internacional: forma\u00e7&#259;o dos conceitos brasileiros\u201d, Amado Luiz Cervo \u2013 as rela\u00e7&#337;es entre o Brasil e a ordem mundial na perspectiva de conceitos elaborados por pensadores do pa\u00eds. Esse \u00e9 o enfoque do livro, que recebeu o trof\u00e9u Cultura Econ\u00f4mica 2007, concedido pelo Jornal do Com\u00e9rcio de Porto Alegre. (UnB)<\/p>\n<p>\u201cUniversidade: A Democracia Amea\u00e7ada\u201d, Waldir Jos\u00e9 Rampinelli, Valdir Alvim e Gilmar Rodrigues (Orgs.) \u2013 tem como objetivo principal analisar e apontar novos rumos para o avan\u00e7o de um processo democr\u00e1tico na universidade brasileira. Para tanto s\u00e3o abordados v\u00e1rios assuntos, entre os quais o papel dos intelectuais na sociedade, passando pela democracia e pelas elei\u00e7\u00f5es internas, focando o dirigismo dos \u00f3rg\u00e3os fomentadores de pesquisa, analisando o carreirismo que leva \u201c\u00e0 raridade do pensamento cr\u00edtico e abrangente\u201d, discorrendo sobre o movimento estudantil e dos t\u00e9cnicos-administrativos, denunciando o expansionismo dos cursos pagos lato senso, discutindo a id\u00e9ia de universidade e a recente reforma universit\u00e1ria. Temas, por demais importantes que requerem uma discuss\u00e3o constante. (UFSC)<\/p>\n<p>\u201cIntrodu\u00e7\u00e3o ao Direito Ambiental\u201d, Erinaldo Moreira Barbosa \u2013 o livro traz informa\u00e7\u00f5es jur\u00eddico-ambientais apresentadas em linguagem interdisciplinar conceitos, defini\u00e7\u00f5es, princ\u00edpios e teorias, al\u00e9m de discorrer sobre as principais legisla\u00e7\u00f5es ambientais brasileiras. (UFCG)<\/p>\n<p>\u201cColet\u00e2nea de Documentos Raros do Per\u00edodo Colonial (1727-1746)\u201d, Eliane Maria Oliveira Morgado, Nileide Souza Dourado, Vera L\u00facia Duarte e Ot\u00e1vio Canavarros (Orgs.) \u2013 \u00e9 o resultado de uma pesquisa, que tamb\u00e9m tem car\u00e1ter in\u00e9dito. Metodologicamente foi organizada a partir da pesquisa bibliogr\u00e1fica, documental, principalmente da arquiv\u00edstica por ocasi\u00e3o da transcri\u00e7\u00e3o e leitura paleogr\u00e1fica; orientou tamb\u00e9m, todo o processamento t\u00e9cnico do arranjo, a defini\u00e7\u00e3o tipol\u00f3gica e por \u00faltimo, as normas que fixam diretrizes e conven\u00e7\u00f5es para a transcri\u00e7\u00e3o e edi\u00e7\u00e3o de documentos manuscritos, possibilitando uma apresenta\u00e7\u00e3o racional e uniforme, explica Nileide Dourado, coordenadora do NDIHR. (UFMT)<\/p>\n<p>\u201cUm concerto em tom de conversa\u201d, Agustina Bessa-Lu\u00eds; Manoel de Oliveira Aniello Angelo Avella (Organiza\u00e7\u00e3o e Introdu\u00e7\u00e3o) \u2013 nesse rico di\u00e1logo, compartilham mem\u00f3rias, discutem id\u00e9ias, not\u00edcias e falam de sentimentos. Na rela\u00e7\u00e3o din\u00e2mica entre os dois, nem sempre de todo concorde, o que se destaca \u00e9 o valor alt\u00edssimo conferido por ambos \u00e0 palavra e \u00e0 imagem. A \u201cmagia\u201d da palavra e a for\u00e7a da imagem seduzem tanto a romancista quanto o cineasta; com meios art\u00edsticos diferentes, os dois realizam uma tentativa de escava\u00e7\u00e3o dos sentimentos humanos em busca da \u201corigem primordial\u201d, da \u201cverdade\u201d, apesar de terem consci\u00eancia de que ela \u00e9 ontologicamente ilus\u00f3ria. (UFMG)<\/p>\n<p>\u201cPercursos do olhar: comunica\u00e7\u00e3o, narrativa e mem\u00f3ria\u201d, Mariava Carlos Barbosa \u2013 \u00e9 um verdadeiro \u201cguia\u201d que ajuda a decifrar paradigmas te\u00f3ricos e conceituais fundamentais para os estudos de comunica\u00e7\u00e3o. (UFF)<\/p>\n<p>\u201cO cora\u00e7\u00e3o sitiado\u201d, Luiz Jos\u00e9 da Silva \u2013 temas como o amor, a sensualidade, paix\u00e3o, a saudade e a religiosidade predominam nos poemas do autor, que nasceu na Fazenda do Sacramento, bairro de agricultores pr\u00f3ximo \u00e0 sede do munic\u00edpio de \u00c1guas Mornas, em 1962. (UFSC)<\/p>\n<p>(Lilian Saldanha &#8211; Assessoria de Comunica\u00e7\u00e3o da Andifes)<\/p>\n","protected":false},"excerpt":{"rendered":"<p>\u201cA vida e os feitos do Divino Augusto\u201d, Suet\u00f4nio e Augusto \u2013 Matheus Trevisam, Paulo S\u00e9rgio Vasconcellos e Ant\u00f4nio Martinez de Rezende (tradutores) \u2013 A reuni\u00e3o de textos de Suet\u00f4nio e de Augusto em um s\u00f3 livro d\u00e1 uma dimens\u00e3o mais ampla \u00e0 escrita do texto biogr\u00e1fico antigo: o leitor ter\u00e1 a experi\u00eancia \u00fanica de &hellip; <a href=\"https:\/\/www.ufla.br\/dcom\/2007\/12\/17\/confira-os-lancamentos-das-editoras-universitarias-13\/\" class=\"more-link\">Continue lendo <span class=\"screen-reader-text\">Confira os lan\u00e7amentos das editoras universit\u00e1rias<\/span> <span class=\"meta-nav\">&rarr;<\/span><\/a><\/p>\n","protected":false},"author":9,"featured_media":0,"comment_status":"open","ping_status":"open","sticky":false,"template":"","format":"standard","meta":{"ngg_post_thumbnail":0,"footnotes":""},"categories":[1],"tags":[],"class_list":["post-1209","post","type-post","status-publish","format-standard","hentry","category-noticias"],"_links":{"self":[{"href":"https:\/\/www.ufla.br\/dcom\/wp-json\/wp\/v2\/posts\/1209","targetHints":{"allow":["GET"]}}],"collection":[{"href":"https:\/\/www.ufla.br\/dcom\/wp-json\/wp\/v2\/posts"}],"about":[{"href":"https:\/\/www.ufla.br\/dcom\/wp-json\/wp\/v2\/types\/post"}],"author":[{"embeddable":true,"href":"https:\/\/www.ufla.br\/dcom\/wp-json\/wp\/v2\/users\/9"}],"replies":[{"embeddable":true,"href":"https:\/\/www.ufla.br\/dcom\/wp-json\/wp\/v2\/comments?post=1209"}],"version-history":[{"count":0,"href":"https:\/\/www.ufla.br\/dcom\/wp-json\/wp\/v2\/posts\/1209\/revisions"}],"wp:attachment":[{"href":"https:\/\/www.ufla.br\/dcom\/wp-json\/wp\/v2\/media?parent=1209"}],"wp:term":[{"taxonomy":"category","embeddable":true,"href":"https:\/\/www.ufla.br\/dcom\/wp-json\/wp\/v2\/categories?post=1209"},{"taxonomy":"post_tag","embeddable":true,"href":"https:\/\/www.ufla.br\/dcom\/wp-json\/wp\/v2\/tags?post=1209"}],"curies":[{"name":"wp","href":"https:\/\/api.w.org\/{rel}","templated":true}]}}