{"id":12049,"date":"2012-07-03T10:28:34","date_gmt":"2012-07-03T13:28:34","guid":{"rendered":"http:\/\/www.ufla.br\/ascom\/?p=12049"},"modified":"2012-07-10T08:53:59","modified_gmt":"2012-07-10T11:53:59","slug":"chamada-universal-mcticnpq-tem-inscricoes-prorrogadas-ate-4-de-julho","status":"publish","type":"post","link":"https:\/\/www.ufla.br\/dcom\/2012\/07\/03\/chamada-universal-mcticnpq-tem-inscricoes-prorrogadas-ate-4-de-julho\/","title":{"rendered":"Chamada Universal MCTI\/CNPq tem inscri\u00e7\u00f5es prorrogadas at\u00e9 4 de julho"},"content":{"rendered":"<h6>Cibele Aguiar<\/h6>\n<p><a href=\"http:\/\/www.ufla.br\/ascom\/wp-content\/uploads\/2012\/07\/03.07-chamada-universal-CNPq.jpg\"><img loading=\"lazy\" decoding=\"async\" class=\"alignright size-full wp-image-12051\" title=\"03.07 chamada universal CNPq\" src=\"http:\/\/www.ufla.br\/ascom\/wp-content\/uploads\/2012\/07\/03.07-chamada-universal-CNPq.jpg\" alt=\"\" width=\"297\" height=\"192\" \/><\/a>O prazo de submiss\u00e3o de propostas para a Chamada Universal \u2013 MCTI\/CNPq N\u00ba 14\/2012 foi prorrogado at\u00e9 18 horas (hor\u00e1rio de Bras\u00edlia) do dia 4 de julho de 2012.<\/p>\n<p>O atendimento aos proponentes com d\u00favidas ou dificuldades no preenchimento do formul\u00e1rio de propostas online se dar\u00e1 pelo telefone 0800 61 9697, no dia 3\/7\/2012 (ter\u00e7a-feira), das 8h30 \u00e0s 18h30, e no dia 4\/7\/2012 (quarta-feira), das 8h30 \u00e0s 17h30.<\/p>\n<p>A Chamada Universal tem por objetivo selecionar propostas para apoio financeiro a projetos que visem contribuir significativamente para o desenvolvimento cient\u00edfico e tecnol\u00f3gico e inova\u00e7\u00e3o do Pa\u00eds, em qualquer \u00e1rea do conhecimento.<\/p>\n<p>As propostas devem observar as condi\u00e7\u00f5es espec\u00edficas estabelecidas no regulamento desta Chamada, que determina os requisitos relativos ao proponente, cronograma, recursos financeiros a serem aplicados nas propostas aprovadas, origem dos recursos, itens financi\u00e1veis, prazo de execu\u00e7\u00e3o dos projetos, crit\u00e9rios de elegibilidade, crit\u00e9rios e par\u00e2metros objetivos de julgamento e demais informa\u00e7\u00f5es necess\u00e1rias.<\/p>\n<p><a href=\"http:\/\/www.ufla.br\/ascom\/wp-content\/uploads\/2012\/07\/Chamada_Universal_2012_06_01.pdf\">Consulte o Edital<\/a><\/p>\n<p>&nbsp;<\/p>\n","protected":false},"excerpt":{"rendered":"<p>O prazo de submiss\u00e3o de propostas para a Chamada Universal \u2013 MCTI\/CNPq N\u00ba 14\/2012 foi prorrogado at\u00e9 18 horas (hor\u00e1rio de Bras\u00edlia) do dia 4 de julho de 2012. O atendimento aos proponentes com d\u00favidas ou dificuldades no preenchimento do formul\u00e1rio de propostas online se dar\u00e1 pelo telefone 0800 61 9697, no dia 3\/7\/2012. (&#8230;) <\/p>\n","protected":false},"author":6,"featured_media":0,"comment_status":"closed","ping_status":"closed","sticky":false,"template":"","format":"standard","meta":{"ngg_post_thumbnail":0,"footnotes":""},"categories":[1],"tags":[428],"class_list":["post-12049","post","type-post","status-publish","format-standard","hentry","category-noticias","tag-cnpq-2"],"_links":{"self":[{"href":"https:\/\/www.ufla.br\/dcom\/wp-json\/wp\/v2\/posts\/12049","targetHints":{"allow":["GET"]}}],"collection":[{"href":"https:\/\/www.ufla.br\/dcom\/wp-json\/wp\/v2\/posts"}],"about":[{"href":"https:\/\/www.ufla.br\/dcom\/wp-json\/wp\/v2\/types\/post"}],"author":[{"embeddable":true,"href":"https:\/\/www.ufla.br\/dcom\/wp-json\/wp\/v2\/users\/6"}],"replies":[{"embeddable":true,"href":"https:\/\/www.ufla.br\/dcom\/wp-json\/wp\/v2\/comments?post=12049"}],"version-history":[{"count":2,"href":"https:\/\/www.ufla.br\/dcom\/wp-json\/wp\/v2\/posts\/12049\/revisions"}],"predecessor-version":[{"id":12149,"href":"https:\/\/www.ufla.br\/dcom\/wp-json\/wp\/v2\/posts\/12049\/revisions\/12149"}],"wp:attachment":[{"href":"https:\/\/www.ufla.br\/dcom\/wp-json\/wp\/v2\/media?parent=12049"}],"wp:term":[{"taxonomy":"category","embeddable":true,"href":"https:\/\/www.ufla.br\/dcom\/wp-json\/wp\/v2\/categories?post=12049"},{"taxonomy":"post_tag","embeddable":true,"href":"https:\/\/www.ufla.br\/dcom\/wp-json\/wp\/v2\/tags?post=12049"}],"curies":[{"name":"wp","href":"https:\/\/api.w.org\/{rel}","templated":true}]}}