{"id":12028,"date":"2012-07-02T11:18:52","date_gmt":"2012-07-02T13:18:52","guid":{"rendered":"http:\/\/www.ufla.br\/ascom\/?p=12028"},"modified":"2015-02-23T08:49:08","modified_gmt":"2015-02-23T10:49:08","slug":"judo-da-ufla-e-quarto-geral-no-campeonato-mineiro","status":"publish","type":"post","link":"https:\/\/www.ufla.br\/dcom\/2012\/07\/02\/judo-da-ufla-e-quarto-geral-no-campeonato-mineiro\/","title":{"rendered":"Jud\u00f4 da UFLA \u00e9 quarto geral no Campeonato Mineiro"},"content":{"rendered":"<h6><a href=\"http:\/\/www.ufla.br\/ascom\/wp-content\/uploads\/2012\/07\/jud\u00f4.jpg\"><img loading=\"lazy\" decoding=\"async\" class=\"alignleft size-medium wp-image-12029\" title=\"\" alt=\"\" src=\"http:\/\/www.ufla.br\/ascom\/wp-content\/uploads\/2012\/07\/jud\u00f4-300x200.jpg\" width=\"300\" height=\"200\" srcset=\"https:\/\/www.ufla.br\/dcom\/wp-content\/uploads\/2012\/07\/jud\u00f4-300x200.jpg 300w, https:\/\/www.ufla.br\/dcom\/wp-content\/uploads\/2012\/07\/jud\u00f4.jpg 600w\" sizes=\"auto, (max-width: 300px) 100vw, 300px\" \/><\/a><\/h6>\n<p>Sete atletas de Lavras, participantes do Projeto Jud\u00f4 da UFLA, participaram do Campeonato Mineiro de Jud\u00f4, realizado em Belo Horizonte no dia 24 de junho. A delega\u00e7\u00e3o voltou com cinco medalhas (uma de prata e quatro de bronze), terminando \u00a0o torneio em quarto lugar geral.<\/p>\n<p>A competi\u00e7\u00e3o mineira foi uma seletiva para o Campeonato Brasileiro nas categorias disputadas: sub-13, sub-20 e sub-23. Nenhum atleta lavrense obteve a vaga para o torneio nacional, por\u00e9m, o treinador e aluno da UFLA, Paulo Estev\u00e3o Franco, exaltou o desempenho da equipe: \u201c\u00c9 excelente ver nossos judocas, com menos de quatro anos de pr\u00e1tica, lutando no mesmo n\u00edvel dos atletas do Minas T\u00eanis Clube, por exemplo\u201d.<\/p>\n<p>A equipe de jud\u00f4 UFLA \u00e9 uma iniciativa dos alunos da Universidade e da Coordenadoria de Esportes e Lazer da Pr\u00f3-Reitoria de Assuntos Estudantis e Comunit\u00e1rios (Praec). Nessa competi\u00e7\u00e3o, contaram com o apoio da Prefeitura. Somente no primeiro semestre de 2012, os judocas conquistaram 23 medalhas em torneios estaduais e um bronze no Campeonato Brasileiro Regional, realizado em abril.<\/p>\n<p><strong>Resultados<\/strong><\/p>\n<p>Os resultados da equipe de jud\u00f4 da UFLA foram os seguintes: Ricardo Canestri obteve a prata na modalidade at\u00e9 60 kg da categoria sub-23; ele tamb\u00e9m competiu na sub-20. Lucas Henrique de Oliveira ficou em oitavo lugar na sub-20, at\u00e9 73 kg. Paulo Estev\u00e3o Franco foi o quinto colocado da sub-23, at\u00e9 81 kg. Thiago Matioli conquistou o bronze na sub-20 at\u00e9 100 kg. Renan Naves tamb\u00e9m ficou em terceiro lugar, na sub-20, acima de 100 kg. Edson Dias foi o s\u00e9timo colocado na categoria sub-23, at\u00e9 66 kg. E a caloura de Educa\u00e7\u00e3o F\u00edsica Sabrina Carvalho, que j\u00e1 participava anteriormente do projeto, conseguiu o bronze na modalidade at\u00e9 63 kg nas categorias sub-20 e sub-23.<\/p>\n<p>&nbsp;<\/p>\n","protected":false},"excerpt":{"rendered":"<p>Sete atletas de Lavras, participantes do Projeto Jud\u00f4 da UFLA, participaram do Campeonato Mineiro de Jud\u00f4, realizado em Belo Horizonte no dia 24 de junho. A delega\u00e7\u00e3o voltou com cinco medalhas (uma de prata e quatro de bronze), terminando  o torneio em quarto lugar geral. A competi\u00e7\u00e3o mineira foi uma seletiva (&#8230;)<\/p>\n","protected":false},"author":8,"featured_media":0,"comment_status":"closed","ping_status":"closed","sticky":false,"template":"","format":"standard","meta":{"ngg_post_thumbnail":0,"footnotes":""},"categories":[1],"tags":[521],"class_list":["post-12028","post","type-post","status-publish","format-standard","hentry","category-noticias","tag-esportes"],"_links":{"self":[{"href":"https:\/\/www.ufla.br\/dcom\/wp-json\/wp\/v2\/posts\/12028","targetHints":{"allow":["GET"]}}],"collection":[{"href":"https:\/\/www.ufla.br\/dcom\/wp-json\/wp\/v2\/posts"}],"about":[{"href":"https:\/\/www.ufla.br\/dcom\/wp-json\/wp\/v2\/types\/post"}],"author":[{"embeddable":true,"href":"https:\/\/www.ufla.br\/dcom\/wp-json\/wp\/v2\/users\/8"}],"replies":[{"embeddable":true,"href":"https:\/\/www.ufla.br\/dcom\/wp-json\/wp\/v2\/comments?post=12028"}],"version-history":[{"count":4,"href":"https:\/\/www.ufla.br\/dcom\/wp-json\/wp\/v2\/posts\/12028\/revisions"}],"predecessor-version":[{"id":12031,"href":"https:\/\/www.ufla.br\/dcom\/wp-json\/wp\/v2\/posts\/12028\/revisions\/12031"}],"wp:attachment":[{"href":"https:\/\/www.ufla.br\/dcom\/wp-json\/wp\/v2\/media?parent=12028"}],"wp:term":[{"taxonomy":"category","embeddable":true,"href":"https:\/\/www.ufla.br\/dcom\/wp-json\/wp\/v2\/categories?post=12028"},{"taxonomy":"post_tag","embeddable":true,"href":"https:\/\/www.ufla.br\/dcom\/wp-json\/wp\/v2\/tags?post=12028"}],"curies":[{"name":"wp","href":"https:\/\/api.w.org\/{rel}","templated":true}]}}