{"id":11995,"date":"2012-06-29T10:23:36","date_gmt":"2012-06-29T12:23:36","guid":{"rendered":"http:\/\/www.ufla.br\/ascom\/?p=11995"},"modified":"2015-02-23T08:49:18","modified_gmt":"2015-02-23T10:49:18","slug":"direcao-executiva-da-ufla-participa-de-reuniao-no-mec-para-debater-contratacao-projetos-e-recursos","status":"publish","type":"post","link":"https:\/\/www.ufla.br\/dcom\/2012\/06\/29\/direcao-executiva-da-ufla-participa-de-reuniao-no-mec-para-debater-contratacao-projetos-e-recursos\/","title":{"rendered":"Dire\u00e7\u00e3o Executiva da UFLA participa de reuni\u00e3o no MEC para debater contrata\u00e7\u00e3o, projetos e recursos"},"content":{"rendered":"<h6>Cibele Aguiar<\/h6>\n<p><a href=\"http:\/\/www.ufla.br\/ascom\/wp-content\/uploads\/2012\/06\/29.06-mec2.jpg\"><img loading=\"lazy\" decoding=\"async\" class=\"alignright size-full wp-image-12001\" title=\"29.06 mec\" src=\"http:\/\/www.ufla.br\/ascom\/wp-content\/uploads\/2012\/06\/29.06-mec2.jpg\" alt=\"\" width=\"183\" height=\"131\" \/><\/a>Nessa quinta-feira (28), o reitor da Universidade Federal de Lavras (UFLA), professor Jos\u00e9 Roberto Scolforo, juntamente com a vice-reitora, professora \u00c9dila Vilela Von Pinho e assessores da Reitoria, participaram de reuni\u00e3o no Minist\u00e9rio da Educa\u00e7\u00e3o (MEC), em Bras\u00edlia, para tratar de assuntos priorit\u00e1rios para a Institui\u00e7\u00e3o, incluindo a contrata\u00e7\u00e3o de novos servidores, novos projetos e libera\u00e7\u00e3o de recursos. \u00a0<\/p>\n<p>Participaram da reuni\u00e3o o secret\u00e1rio executivo do MEC, Henrique Paim, o secret\u00e1rio de Educa\u00e7\u00e3o Superior (Sesu), Amaro Lins, a diretora de Desenvolvimento da Rede de Institui\u00e7\u00f5es Federais de Ensino Superior<strong> <\/strong>Adriana Weska e o secret\u00e1rio de Planejamento e Or\u00e7amento, Wagner Vilas Boas.<\/p>\n<p>Na pauta, a negocia\u00e7\u00e3o de vagas para contrata\u00e7\u00e3o de t\u00e9cnicos administrativos e de docentes para o quadro permanente da UFLA, a inclus\u00e3o de novos projetos ao or\u00e7amento da UFLA em 2013, al\u00e9m de suplementa\u00e7\u00e3o e libera\u00e7\u00e3o de recursos para execu\u00e7\u00e3o ainda no exerc\u00edcio de 2012.<\/p>\n<p>&nbsp;<\/p>\n","protected":false},"excerpt":{"rendered":"<p>Nessa quinta-feira (28), o reitor da Universidade Federal de Lavras (UFLA), professor Jos\u00e9 Roberto Scolforo, juntamente com a vice-reitora, professora \u00c9dila Vilela Von Pinho e assessores da Reitoria, participaram de reuni\u00e3o no Minist\u00e9rio da Educa\u00e7\u00e3o (MEC), em Bras\u00edlia, para tratar de assuntos priorit\u00e1rios para a Institui\u00e7\u00e3o, incluindo a contrata\u00e7\u00e3o de novos (&#8230;)<\/p>\n","protected":false},"author":6,"featured_media":0,"comment_status":"closed","ping_status":"closed","sticky":false,"template":"","format":"standard","meta":{"ngg_post_thumbnail":0,"footnotes":""},"categories":[1],"tags":[301],"class_list":["post-11995","post","type-post","status-publish","format-standard","hentry","category-noticias","tag-direcao-executiva-2"],"_links":{"self":[{"href":"https:\/\/www.ufla.br\/dcom\/wp-json\/wp\/v2\/posts\/11995","targetHints":{"allow":["GET"]}}],"collection":[{"href":"https:\/\/www.ufla.br\/dcom\/wp-json\/wp\/v2\/posts"}],"about":[{"href":"https:\/\/www.ufla.br\/dcom\/wp-json\/wp\/v2\/types\/post"}],"author":[{"embeddable":true,"href":"https:\/\/www.ufla.br\/dcom\/wp-json\/wp\/v2\/users\/6"}],"replies":[{"embeddable":true,"href":"https:\/\/www.ufla.br\/dcom\/wp-json\/wp\/v2\/comments?post=11995"}],"version-history":[{"count":6,"href":"https:\/\/www.ufla.br\/dcom\/wp-json\/wp\/v2\/posts\/11995\/revisions"}],"predecessor-version":[{"id":11998,"href":"https:\/\/www.ufla.br\/dcom\/wp-json\/wp\/v2\/posts\/11995\/revisions\/11998"}],"wp:attachment":[{"href":"https:\/\/www.ufla.br\/dcom\/wp-json\/wp\/v2\/media?parent=11995"}],"wp:term":[{"taxonomy":"category","embeddable":true,"href":"https:\/\/www.ufla.br\/dcom\/wp-json\/wp\/v2\/categories?post=11995"},{"taxonomy":"post_tag","embeddable":true,"href":"https:\/\/www.ufla.br\/dcom\/wp-json\/wp\/v2\/tags?post=11995"}],"curies":[{"name":"wp","href":"https:\/\/api.w.org\/{rel}","templated":true}]}}