{"id":1186,"date":"2007-12-10T00:00:00","date_gmt":"2007-12-10T00:00:00","guid":{"rendered":"http:\/\/www.ascom.ufla.br\/site\/index.php\/2007\/12\/projeto-melhor-amigo-busca-novos-parceiros\/"},"modified":"2007-12-10T00:00:00","modified_gmt":"2007-12-10T00:00:00","slug":"projeto-melhor-amigo-busca-novos-parceiros","status":"publish","type":"post","link":"https:\/\/www.ufla.br\/dcom\/2007\/12\/10\/projeto-melhor-amigo-busca-novos-parceiros\/","title":{"rendered":"Projeto Melhor Amigo busca novos parceiros"},"content":{"rendered":"<p>O Projeto Melhor Amigo visa ajudar a Sociedade Lavrense de Prote\u00e7\u00e3o aos Animais, que cuida de aproximadamente 300 c\u00e3es capturados nas ruas do Munic\u00edpio de Lavras\/MG, prestando aux\u00edlio por meio da realiza\u00e7\u00e3o de parcerias com empresas e estabelecimentos comerciais da regi\u00e3o; arrecada\u00e7\u00e3o de fundos atrav\u00e9s de eventos; busca de colaboradores e volunt\u00e1rios para ajudarem na limpeza do local e nos cuidados com os animais. <\/p>\n<p>O Projeto faz parte de um trabalho cont\u00ednuo em busca da melhoria da sa\u00fade p\u00fablica do Munic\u00edpio e tamb\u00e9m da qualidade de vida dos animais, pois segundo a Unesco \u201cOs direitos do animal devem ser defendidos por lei, como os direitos humanos\u201d. Por ser cont\u00ednuo, n\u00e3o tem data pr\u00e9-estabelecida para t\u00e9rmino; e para que seja realmente eficiente, as parcerias s\u00e3o necess\u00e1rias e com urg\u00eancia. <\/p>\n<p>Para os organizadores \u00e9 necess\u00e1rio mobiliza\u00e7\u00e3o e colabora\u00e7\u00e3o de toda comunidade, pois a responsabilidade \u00e9 de todos. Ajudando a Sociedade Lavrense de Prote\u00e7\u00e3o aos Animais, todos estar\u00e3o contribuindo com as vidas de nossos Melhores Amigos: c\u00e3es indefesos, rejeitados, abandonados e com s\u00e9rios problemas de sa\u00fade; al\u00e9m de ajudarem na melhoria da sa\u00fade p\u00fablica e na qualidade de vida da popula\u00e7\u00e3o de Lavras. <\/p>\n<p>O Projeto pretende difundir os conceitos de bem-estar e direitos dos animais, al\u00e9m de esclarecer a popula\u00e7\u00e3o sobre esse tema t\u00e3o importante, mas pouco conhecido. Os animais devem ser respeitados at\u00e9 o fim de suas vidas e nunca devem ser v\u00edtimas de maus-tratos e abandono. Tais a\u00e7\u00f5es s\u00e3o reflexo da falta de \u00e9tica e de conscientiza\u00e7\u00e3o de quem as pratica e s\u00e3o, inclusive, condenadas pela lei. Maus-tratos e abandono de animais refletem diretamente em uma sa\u00fade p\u00fablica inadequada e prec\u00e1ria, caracter\u00edstica de pa\u00edses subdesenvolvidos. Por isso, a ado\u00e7\u00e3o de um animal requer muita consci\u00eancia e responsabilidade. <\/p>\n<p>O termo \u201cposse respons\u00e1vel\u201d tem sido substitu\u00eddo por \u201cguarda respons\u00e1vel\u201d para descaracterizar a imagem dos animais como objetos de consumo, os quais poderiam ser descartados a qualquer momento por seu \u201cdono\u201d. Atualmente, em todo o mundo, tem sido demonstrado que os animais, por serem seres vivos, sentem fome, sede, dor, tristeza, alegria, medo, depress\u00e3o, entre outras diversas sensa\u00e7\u00f5es. Portanto, s\u00e3o seres com necessidades b\u00e1sicas, as quais devem ser plenamente providas por um propriet\u00e1rio respons\u00e1vel e consciente. <\/p>\n<p>O tema \u201cguarda respons\u00e1vel de animais\u201d \u00e9 um tema emergente e exige o desenvolvimento de processos educativos com a popula\u00e7\u00e3o em geral, e com a popula\u00e7\u00e3o escolar em especial, dada a sua relev\u00e2ncia na promo\u00e7\u00e3o da qualidade da vida humana, assim como tamb\u00e9m da vida animal. Neste sentido, torna-se fundamental a ado\u00e7\u00e3o de processos educativos que colaborem para uma melhoria da qualidade da sa\u00fade das popula\u00e7\u00f5es em geral. <\/p>\n<p>O Projeto Melhor Amigo, al\u00e9m de auxiliar diretamente a Sociedade Lavrense de Prote\u00e7\u00e3o aos Animais, tamb\u00e9m difunde informa\u00e7\u00f5es sobre o assunto por meio de palestras, mat\u00e9rias publicadas na imprensa escrita e em sites.  <\/p>\n<p>Equipe<br \/>\nOrientadora e coordenadora do Projeto: Gabriela Rodrigues Sampaio, Professora Adjunto, Doutora do Departamento de Medicina Veterin\u00e1ria da Universidade Federal de Lavras (Ufla), Minas Gerais\/Brasil. Endere\u00e7o: Departamento de Medicina Veterin\u00e1ria \u2013 Universidade Federal de Lavras \u2013 Caixa Postal 3037 \u2013 CEP: 37200-000 \u2013 Lavras\/MG. Telefones: (35) 3829-1723 \/ 3829-1245. E-mail: gabsampa@ufla.br <\/p>\n<p>Acad\u00eamica respons\u00e1vel pelo Projeto: Fabiane Ribeiro Costa Silva<br \/>\nAcad\u00eamica do Curso de Medicina Veterin\u00e1ria da Ufla E-mail: fabizinha_ribeiro@hotmail.com <\/p>\n<p>Acad\u00eamica colaboradora do Projeto: Bruna Cristina Br\u00fcler <br \/>\nAcad\u00eamica do Curso de Medicina Veterin\u00e1ria da Ufla E-mail: bbruler@gmail.com <\/p>\n<p>Acad\u00eamico colaborador do Projeto: Frederico Fontanelli Vaz <br \/>\nAcad\u00eamico do Curso de Medicina Veterin\u00e1ria da Ufla E-mail: fredturco@hotmail.com <\/p>\n<p>Acad\u00eamico colaborador do Projeto e respons\u00e1vel pelo desenvolvimento do website do Projeto: Weverton Luis de Carvalho <br \/>\nAcad\u00eamico do Curso de Zootecnia da Ufla. <br \/>\nE-mail: wevertoncarvalho@yahoo.com.br <\/p>\n<p>Para doa\u00e7\u00f5es e mais informa\u00e7\u00f5es sobre o projeto: www.projetomelhoramigo.com<\/p>\n","protected":false},"excerpt":{"rendered":"<p>O Projeto Melhor Amigo visa ajudar a Sociedade Lavrense de Prote\u00e7\u00e3o aos Animais, que cuida de aproximadamente 300 c\u00e3es capturados nas ruas do Munic\u00edpio de Lavras\/MG, prestando aux\u00edlio por meio da realiza\u00e7\u00e3o de parcerias com empresas e estabelecimentos comerciais da regi\u00e3o; arrecada\u00e7\u00e3o de fundos atrav\u00e9s de eventos; busca de colaboradores e volunt\u00e1rios para ajudarem na &hellip; <a href=\"https:\/\/www.ufla.br\/dcom\/2007\/12\/10\/projeto-melhor-amigo-busca-novos-parceiros\/\" class=\"more-link\">Continue lendo <span class=\"screen-reader-text\">Projeto Melhor Amigo busca novos parceiros<\/span> <span class=\"meta-nav\">&rarr;<\/span><\/a><\/p>\n","protected":false},"author":9,"featured_media":0,"comment_status":"open","ping_status":"open","sticky":false,"template":"","format":"standard","meta":{"ngg_post_thumbnail":0,"footnotes":""},"categories":[1],"tags":[],"class_list":["post-1186","post","type-post","status-publish","format-standard","hentry","category-noticias"],"_links":{"self":[{"href":"https:\/\/www.ufla.br\/dcom\/wp-json\/wp\/v2\/posts\/1186","targetHints":{"allow":["GET"]}}],"collection":[{"href":"https:\/\/www.ufla.br\/dcom\/wp-json\/wp\/v2\/posts"}],"about":[{"href":"https:\/\/www.ufla.br\/dcom\/wp-json\/wp\/v2\/types\/post"}],"author":[{"embeddable":true,"href":"https:\/\/www.ufla.br\/dcom\/wp-json\/wp\/v2\/users\/9"}],"replies":[{"embeddable":true,"href":"https:\/\/www.ufla.br\/dcom\/wp-json\/wp\/v2\/comments?post=1186"}],"version-history":[{"count":0,"href":"https:\/\/www.ufla.br\/dcom\/wp-json\/wp\/v2\/posts\/1186\/revisions"}],"wp:attachment":[{"href":"https:\/\/www.ufla.br\/dcom\/wp-json\/wp\/v2\/media?parent=1186"}],"wp:term":[{"taxonomy":"category","embeddable":true,"href":"https:\/\/www.ufla.br\/dcom\/wp-json\/wp\/v2\/categories?post=1186"},{"taxonomy":"post_tag","embeddable":true,"href":"https:\/\/www.ufla.br\/dcom\/wp-json\/wp\/v2\/tags?post=1186"}],"curies":[{"name":"wp","href":"https:\/\/api.w.org\/{rel}","templated":true}]}}