{"id":11806,"date":"2012-06-19T15:17:39","date_gmt":"2012-06-19T18:17:39","guid":{"rendered":"http:\/\/www.ufla.br\/ascom\/?p=11806"},"modified":"2012-06-25T10:11:28","modified_gmt":"2012-06-25T13:11:28","slug":"venha-estudar-na-ufla-inscricoes-abertas-para-30-cursos-de-graduacao","status":"publish","type":"post","link":"https:\/\/www.ufla.br\/dcom\/2012\/06\/19\/venha-estudar-na-ufla-inscricoes-abertas-para-30-cursos-de-graduacao\/","title":{"rendered":"Venha estudar na UFLA: inscri\u00e7\u00f5es abertas para 22 cursos de gradua\u00e7\u00e3o"},"content":{"rendered":"<h6>\u00a0Cibele Aguiar<\/h6>\n<p><a href=\"http:\/\/www.ufla.br\/ascom\/wp-content\/uploads\/2012\/06\/13.06-Sisu1.jpg\"><img loading=\"lazy\" decoding=\"async\" class=\"alignright size-full wp-image-11807\" title=\"13.06 Sisu\" src=\"http:\/\/www.ufla.br\/ascom\/wp-content\/uploads\/2012\/06\/13.06-Sisu1.jpg\" alt=\"\" width=\"296\" height=\"199\" \/><\/a>Os candidatos que realizaram o Enem em 2011 e pretendem cursar um dos\u00a022 cursos de gradua\u00e7\u00e3o ofertados pela Universidade Federal de Lavras (UFLA) devem fazer a inscri\u00e7\u00e3o no Sistema de Sele\u00e7\u00e3o Unificada (SiSU), que est\u00e1 com inscri\u00e7\u00f5es abertas at\u00e9 a pr\u00f3xima sexta-feira, 22 de junho. A primeira chamada dos candidatos selecionados ser\u00e1 divulgada no dia 25 de junho e o per\u00edodo de matr\u00edcula na UFLA ser\u00e1 do dia 29 de junho a 2 de julho.<\/p>\n<p>O Termo de Participa\u00e7\u00e3o da UFLA no SiSU est\u00e1 disponibilizado na p\u00e1gina eletr\u00f4nica da Diretoria de Processos Seletivos (DIPS\/UFLA), no endere\u00e7o <a href=\"http:\/\/www.dips.ufla.br\/\">www.dips.ufla.br<\/a>,\u00a0no qual cont\u00eam\u00a0as informa\u00e7\u00f5es sobre os cursos e turnos participantes, bem como o respectivo n\u00famero de vagas a serem ofertadas; os pesos e as notas m\u00ednimas estabelecidas pela UFLA para cada uma das provas do Enem em cada curso e turno, al\u00e9m dos documentos necess\u00e1rios para a realiza\u00e7\u00e3o da matr\u00edcula dos candidatos selecionados.<\/p>\n<p>O candidato que n\u00e3o for chamado na primeira e segunda chamada (que ser\u00e1 divulgada no dia 6 de julho), dever\u00e1 confirmar o interesse em participar da Lista de Espera, por meio de declara\u00e7\u00e3o dispon\u00edvel no site do Sisu <a href=\"http:\/\/sisu.mec.gov.br\/\">http:\/\/sisu.mec.gov.br<\/a>, no per\u00edodo de 6 a 12 de julho.<\/p>\n<p>Ser\u00e1 de \u00fanica e exclusiva responsabilidade do candidato acompanhar, diariamente, no endere\u00e7o www.drca.ufla.br eventuais convoca\u00e7\u00f5es da lista de espera, no per\u00edodo de 18 a 26 de julho. O candidato deve ainda acompanhar, por meio do Portal do SiSU, no endere\u00e7o http:\/\/sisu.mec.gov.br, e da p\u00e1gina eletr\u00f4nica da DIPS\/UFLA, no endere\u00e7o www.dips.ufla.br, eventuais altera\u00e7\u00f5es referentes ao processo seletivo do SiSU 2\u00ba\/2012.<\/p>\n<p><a href=\"http:\/\/www.ufla.br\/ascom\/wp-content\/uploads\/2012\/06\/Edital_147_SISU_2012-21.pdf\">Acesse o Edital de Sele\u00e7\u00e3o dos Candidatos<\/a><\/p>\n<p>&nbsp;<\/p>\n","protected":false},"excerpt":{"rendered":"<p>Os candidatos que realizaram o Enem em 2011 e pretendem cursar um dos 22 cursos de gradua\u00e7\u00e3o ofertados pela Universidade Federal de Lavras (UFLA) devem fazer a inscri\u00e7\u00e3o no Sistema de Sele\u00e7\u00e3o Unificada (SiSU), que est\u00e1 com inscri\u00e7\u00f5es abertas at\u00e9 a pr\u00f3xima sexta-feira 22 de junho. (&#8230;)<\/p>\n","protected":false},"author":6,"featured_media":0,"comment_status":"closed","ping_status":"closed","sticky":false,"template":"","format":"standard","meta":{"ngg_post_thumbnail":0,"footnotes":""},"categories":[1],"tags":[704,247],"class_list":["post-11806","post","type-post","status-publish","format-standard","hentry","category-noticias","tag-igcmec","tag-sisu"],"_links":{"self":[{"href":"https:\/\/www.ufla.br\/dcom\/wp-json\/wp\/v2\/posts\/11806","targetHints":{"allow":["GET"]}}],"collection":[{"href":"https:\/\/www.ufla.br\/dcom\/wp-json\/wp\/v2\/posts"}],"about":[{"href":"https:\/\/www.ufla.br\/dcom\/wp-json\/wp\/v2\/types\/post"}],"author":[{"embeddable":true,"href":"https:\/\/www.ufla.br\/dcom\/wp-json\/wp\/v2\/users\/6"}],"replies":[{"embeddable":true,"href":"https:\/\/www.ufla.br\/dcom\/wp-json\/wp\/v2\/comments?post=11806"}],"version-history":[{"count":8,"href":"https:\/\/www.ufla.br\/dcom\/wp-json\/wp\/v2\/posts\/11806\/revisions"}],"predecessor-version":[{"id":11809,"href":"https:\/\/www.ufla.br\/dcom\/wp-json\/wp\/v2\/posts\/11806\/revisions\/11809"}],"wp:attachment":[{"href":"https:\/\/www.ufla.br\/dcom\/wp-json\/wp\/v2\/media?parent=11806"}],"wp:term":[{"taxonomy":"category","embeddable":true,"href":"https:\/\/www.ufla.br\/dcom\/wp-json\/wp\/v2\/categories?post=11806"},{"taxonomy":"post_tag","embeddable":true,"href":"https:\/\/www.ufla.br\/dcom\/wp-json\/wp\/v2\/tags?post=11806"}],"curies":[{"name":"wp","href":"https:\/\/api.w.org\/{rel}","templated":true}]}}