{"id":117589,"date":"2016-08-29T09:29:42","date_gmt":"2016-08-29T12:29:42","guid":{"rendered":"http:\/\/www.ufla.br\/ascom\/?p=117589"},"modified":"2016-08-31T17:31:52","modified_gmt":"2016-08-31T20:31:52","slug":"clinica-odontologica-uflaunilavras-tem-vagas-disponiveis-para-esta-semana","status":"publish","type":"post","link":"https:\/\/www.ufla.br\/dcom\/2016\/08\/29\/clinica-odontologica-uflaunilavras-tem-vagas-disponiveis-para-esta-semana\/","title":{"rendered":"Cl\u00ednica Odontol\u00f3gica UFLA\/Unilavras tem vagas dispon\u00edveis para esta semana"},"content":{"rendered":"<p>A Coordenadoria de Sa\u00fade, da Pr\u00f3-Reitoria de Assuntos Estudantis e Comunit\u00e1rios (Praec), informa \u00e0 comunidade acad\u00eamica que h\u00e1 vagas\u00a0dispon\u00edveis\u00a0para atendimento na Cl\u00ednica Odontol\u00f3gica durante esta semana. Os interessados devem procurar a\u00a0Coordenadoria de Sa\u00fade, no C\u00e2mpus Hist\u00f3rico, ou entrar em contato pelo telefone (35) 3829-1110.<\/p>\n<p>Podem utilizar o servi\u00e7o estudantes de gradua\u00e7\u00e3o e p\u00f3s-gradua\u00e7\u00e3o, assim como servidores do quadro e funcion\u00e1rios terceirizados. A Coordenadoria de Sa\u00fade, considerando o per\u00edodo de recesso escolar (em que o p\u00fablico presente na Universidade \u00e9 menor), incentiva os <strong>servidores e funcion\u00e1rios terceirizados<\/strong>\u00a0a buscarem o agendamento.<\/p>\n","protected":false},"excerpt":{"rendered":"<p>A Coordenadoria de Sa\u00fade, da Pr\u00f3-Reitoria de Assuntos Estudantis e Comunit\u00e1rios (Praec), informa \u00e0 comunidade acad\u00eamica que h\u00e1 vagas\u00a0dispon\u00edveis\u00a0para atendimento na Cl\u00ednica Odontol\u00f3gica durante esta semana. Os interessados devem procurar a\u00a0Coordenadoria de Sa\u00fade, no C\u00e2mpus Hist\u00f3rico, ou entrar em contato pelo telefone (35) 3829-1110. Podem utilizar o servi\u00e7o estudantes de gradua\u00e7\u00e3o e p\u00f3s-gradua\u00e7\u00e3o, assim como &hellip; <a href=\"https:\/\/www.ufla.br\/dcom\/2016\/08\/29\/clinica-odontologica-uflaunilavras-tem-vagas-disponiveis-para-esta-semana\/\" class=\"more-link\">Continue lendo <span class=\"screen-reader-text\">Cl\u00ednica Odontol\u00f3gica UFLA\/Unilavras tem vagas dispon\u00edveis para esta semana<\/span> <span class=\"meta-nav\">&rarr;<\/span><\/a><\/p>\n","protected":false},"author":13,"featured_media":0,"comment_status":"closed","ping_status":"closed","sticky":false,"template":"","format":"standard","meta":{"ngg_post_thumbnail":0,"footnotes":""},"categories":[1,10],"tags":[],"class_list":["post-117589","post","type-post","status-publish","format-standard","hentry","category-noticias","category-menores"],"_links":{"self":[{"href":"https:\/\/www.ufla.br\/dcom\/wp-json\/wp\/v2\/posts\/117589","targetHints":{"allow":["GET"]}}],"collection":[{"href":"https:\/\/www.ufla.br\/dcom\/wp-json\/wp\/v2\/posts"}],"about":[{"href":"https:\/\/www.ufla.br\/dcom\/wp-json\/wp\/v2\/types\/post"}],"author":[{"embeddable":true,"href":"https:\/\/www.ufla.br\/dcom\/wp-json\/wp\/v2\/users\/13"}],"replies":[{"embeddable":true,"href":"https:\/\/www.ufla.br\/dcom\/wp-json\/wp\/v2\/comments?post=117589"}],"version-history":[{"count":3,"href":"https:\/\/www.ufla.br\/dcom\/wp-json\/wp\/v2\/posts\/117589\/revisions"}],"predecessor-version":[{"id":117592,"href":"https:\/\/www.ufla.br\/dcom\/wp-json\/wp\/v2\/posts\/117589\/revisions\/117592"}],"wp:attachment":[{"href":"https:\/\/www.ufla.br\/dcom\/wp-json\/wp\/v2\/media?parent=117589"}],"wp:term":[{"taxonomy":"category","embeddable":true,"href":"https:\/\/www.ufla.br\/dcom\/wp-json\/wp\/v2\/categories?post=117589"},{"taxonomy":"post_tag","embeddable":true,"href":"https:\/\/www.ufla.br\/dcom\/wp-json\/wp\/v2\/tags?post=117589"}],"curies":[{"name":"wp","href":"https:\/\/api.w.org\/{rel}","templated":true}]}}