{"id":11726,"date":"2012-06-18T16:53:10","date_gmt":"2012-06-18T18:53:10","guid":{"rendered":"http:\/\/www.ufla.br\/ascom\/?p=11726"},"modified":"2015-02-23T08:49:41","modified_gmt":"2015-02-23T10:49:41","slug":"estudante-e-professor-da-ufla-sao-contemplados-no-premio-capes-de-tese-2011","status":"publish","type":"post","link":"https:\/\/www.ufla.br\/dcom\/2012\/06\/18\/estudante-e-professor-da-ufla-sao-contemplados-no-premio-capes-de-tese-2011\/","title":{"rendered":"Estudante e professor da UFLA s\u00e3o contemplados no Pr\u00eamio Capes de Tese 2011"},"content":{"rendered":"<h6>Cibele Aguiar<\/h6>\n<figure id=\"attachment_11727\" aria-describedby=\"caption-attachment-11727\" style=\"width: 300px\" class=\"wp-caption alignright\"><a href=\"http:\/\/www.ufla.br\/ascom\/wp-content\/uploads\/2012\/06\/15.06-p\u00eamio-capes-de-tese.jpg\"><img loading=\"lazy\" decoding=\"async\" class=\"size-medium wp-image-11727\" title=\"15.06 p\u00eamio capes de tese\" src=\"http:\/\/www.ufla.br\/ascom\/wp-content\/uploads\/2012\/06\/15.06-p\u00eamio-capes-de-tese-300x240.jpg\" alt=\"\" width=\"300\" height=\"240\" srcset=\"https:\/\/www.ufla.br\/dcom\/wp-content\/uploads\/2012\/06\/15.06-p\u00eamio-capes-de-tese-300x240.jpg 300w, https:\/\/www.ufla.br\/dcom\/wp-content\/uploads\/2012\/06\/15.06-p\u00eamio-capes-de-tese-1024x821.jpg 1024w, https:\/\/www.ufla.br\/dcom\/wp-content\/uploads\/2012\/06\/15.06-p\u00eamio-capes-de-tese.jpg 1746w\" sizes=\"auto, (max-width: 300px) 100vw, 300px\" \/><\/a><figcaption id=\"caption-attachment-11727\" class=\"wp-caption-text\">A p\u00f3s-doutoranda Iara Guimar\u00e3es desenvolve pesquisas com forte apelo ambiental<\/figcaption><\/figure>\n<p>A tese defendida no \u00e2mbito do Programa de P\u00f3s-Gradua\u00e7\u00e3o em Agroqu\u00edmica (DQI\/UFLA), de autoria de Iara do Ros\u00e1rio Guimar\u00e3es, e a tese do professor Gustavo Henrique Denzin Tonoli, do Departamento de Ci\u00eancias Florestais (DCF\/UFLA), est\u00e3o entre as selecionadas para receber o Pr\u00eamio Capes de Tese Edi\u00e7\u00e3o 2011. \u00a0A cerim\u00f4nia de entrega dos pr\u00eamios ser\u00e1 no dia 11 de julho, na sede da Coordena\u00e7\u00e3o de Aperfei\u00e7oamento de Pessoal de N\u00edvel Superior (Capes), em Bras\u00edlia.<\/p>\n<p>A estudante Iara Guimar\u00e3es, que cursou o Mestrado, Doutorado e agora o P\u00f3s-Doutoramento no mesmo Programa, sob a orienta\u00e7\u00e3o do professor Luiz Carlos Alves de Oliveira, mant\u00e9m a tradi\u00e7\u00e3o da Universidade em figurar entre as melhores teses defendidas no pa\u00eds. A tese intitulada \u201cOxida\u00e7\u00e3o de compostos org\u00e2nicos contendo Nitrog\u00eanio e Enxofre empregando \u00f3xidos de ferro modificados\u201d, desenvolvida na UFLA em parceria com a Petrobr\u00e1s, resultou no desenvolvimento de processos alternativos para remo\u00e7\u00e3o de contaminantes da cadeia produtiva do petr\u00f3leo.<\/p>\n<p>Com o objetivo de seguir a carreira acad\u00eamica, Iara Guimar\u00e3es ficou feliz com o reconhecimento de seu trabalho, mas ele n\u00e3o \u00e9 o primeiro, j\u00e1 que sua Disserta\u00e7\u00e3o de Mestrado, tamb\u00e9m defendida na UFLA, foi selecionada na terceira edi\u00e7\u00e3o do Pr\u00eamio Petrobras de Tecnologia, na categoria\u00a0Refino e Petroqu\u00edmica. A estudante atua em pesquisas com foco no desenvolvimento de novos materiais baseados em \u00f3xidos de ferro, cat\u00e1lise e cin\u00e9tica qu\u00edmica, com aplica\u00e7\u00f5es tecnol\u00f3gicas e ambientais.<\/p>\n<p><strong><em>Professor premiado<\/em><\/strong><\/p>\n<p>O Pr\u00eamio Capes de Tese 2011 vem acrescentar ainda mais peso ao curr\u00edculo do professor Gustavo Tonoli, que formou em Engenharia Florestal pela UFLA em 2003. A qualidade e o rigor t\u00e9cnico cient\u00edfico da tese intitulada \u201cFibras Curtas de Eucalipto para Novas Tecnologias em Fibrocimento\u201d s\u00e3o comprovados pela indica\u00e7\u00e3o de Men\u00e7\u00e3o Louvor feita pela banca de defesa da tese, e por outros dois pr\u00eamios recebidos: 1<sup>o<\/sup> lugar no Pr\u00eamio Excel\u00eancia em Constru\u00e7\u00e3o Sustent\u00e1vel (<em>Holcim &amp; Antac<\/em>); e 1<sup>o<\/sup> lugar \u201ccom louvor\u201d na categoria Constru\u00e7\u00e3o Sustent\u00e1vel do Pr\u00eamio Brasil de Engenharia 2010 (Sindicato dos Engenheiros no Distrito Federal).<\/p>\n<p>Desde 2011, o professor Tonoli leciona na UFLA a disciplina Nanotecnologia Aplicada a Madeira e Derivados da Madeira, quando tem a oportunidade de repassar o conhecimento adquirido no Mestrado e no Doutorado cursados na Universidade de S\u00e3o Paulo (USP), al\u00e9m dos est\u00e1gios realizados principalmente na Espanha e Fran\u00e7a, considerados por ele como fundamentais para o amadurecimento e para o direcionamento das linhas de pesquisa que desenvolve.<\/p>\n<p>A tese premiada apresenta de forma clara e objetiva um trabalho interdisciplinar aplicado \u00e0 engenharia civil para constru\u00e7\u00f5es mais sustent\u00e1veis. Segundo o professor Tonoli, a motiva\u00e7\u00e3o da pesquisa foi a oportunidade de avaliar o uso de polpas celul\u00f3sicas de Eucalipto, que s\u00e3o biodegrad\u00e1veis e de car\u00e1ter renov\u00e1vel, em substitui\u00e7\u00e3o \u00e0 fibra de amianto em produtos de fibrocimento amplamente utilizados na constru\u00e7\u00e3o civil.<\/p>\n<p>Ele comenta que o mercado brasileiro de fibrocimento corresponde a um volume financeiro de aproximadamente dois bilh\u00f5es de reais anuais, referente \u00e0 produ\u00e7\u00e3o anual de 2,5 milh\u00f5es de toneladas de telhas, caixas d\u2019\u00e1gua e componentes pr\u00e9-fabricados em geral. Entretanto, as novas tecnologias para produ\u00e7\u00e3o de fibrocimento sem amianto requerem altos investimentos, algumas vezes impratic\u00e1veis na realidade dos pa\u00edses em desenvolvimento.<\/p>\n<p><em><strong>Tradi\u00e7\u00e3o<\/strong><\/em><\/p>\n<p>Desde que foi institu\u00eddo em 2005, a UFLA sempre esteve representada no Pr\u00eamio Capes de Tese, que outorga distin\u00e7\u00e3o \u00e0s melhores teses de doutorado defendidas e aprovadas nos cursos reconhecidos pelo Minist\u00e9rio da Educa\u00e7\u00e3o (MEC). Veja o hist\u00f3rico das teses que receberam distin\u00e7\u00e3o:<\/p>\n<p>2006<\/p>\n<p>Autor: <strong>Giuliano Marchi<\/strong><\/p>\n<p>Orientador: professor Luiz Roberto Guimar\u00e3es<\/p>\n<p>Programa de P\u00f3s-Gradua\u00e7\u00e3o em Agronomia (DAG)<\/p>\n<p>&nbsp;<\/p>\n<p>2007<\/p>\n<p>Autora: <strong>Gl\u00e1ucia Maria Vasconcellos Vale<\/strong><\/p>\n<p>Orientador: professor Robson Am\u00e2ncio<\/p>\n<p>Programa de P\u00f3s-Gradua\u00e7\u00e3o em Administra\u00e7\u00e3o (DAE)<\/p>\n<p>&nbsp;<\/p>\n<p>2008<\/p>\n<p>Autor: <strong>M\u00f4nica Juliani Zavaglia Pereira<\/strong> (indicada ao Pr\u00eamio)<\/p>\n<p>Orientador: professor Magno Ant\u00f4nio Patto Ramalho<\/p>\n<p>Programa de P\u00f3s-Gradua\u00e7\u00e3o em Gen\u00e9tica e Melhoramento de Plantas (DBI)<\/p>\n<p>Autora: <strong>Kelen Cristina dos Reis<\/strong><\/p>\n<p>Orientadora: professora Joelma Pereira<\/p>\n<p>Programa de P\u00f3s-Gradua\u00e7\u00e3o em Ci\u00eancia dos Alimentos (DCA)<\/p>\n<p>&nbsp;<\/p>\n<p>2009<\/p>\n<p>Autor: <strong>Ederson da Concei\u00e7\u00e3o Jesus<\/strong><\/p>\n<p>Orientadora: professora F\u00e1tima Maria de Souza Moreira<\/p>\n<p>Programa de P\u00f3s-Gradua\u00e7\u00e3o em Ci\u00eancia do Solo (DCS)<\/p>\n<p>&nbsp;<\/p>\n<p>2010<\/p>\n<p>Autor: <strong>Fl\u00e1vio Henrique Vasconcelos de Medeiros<\/strong><\/p>\n<p>Orientador: professor Ricardo Magela de Souza e coorientadores, professor Jos\u00e9 da Cruz Machado (UFLA), Paul Pare (Texas Tech) e Alan Pomella (iniciativa privada).<\/p>\n<p>Programa de P\u00f3s-Gradua\u00e7\u00e3o em Agronomia\/Fitopatologia<\/p>\n<p>&nbsp;<\/p>\n","protected":false},"excerpt":{"rendered":"<p>A tese defendida no \u00e2mbito do Programa de P\u00f3s-Gradua\u00e7\u00e3o em Agroqu\u00edmica (DQI\/UFLA), de autoria de Iara do Ros\u00e1rio Guimar\u00e3es, e a tese do professor Gustavo Henrique Denzin Tonoli, do Departamento de Ci\u00eancias Florestais (DCF\/UFLA), est\u00e3o entre as selecionadas para receber o Pr\u00eamio Capes de Tese Edi\u00e7\u00e3o 2011. (&#8230;)<\/p>\n","protected":false},"author":6,"featured_media":0,"comment_status":"closed","ping_status":"closed","sticky":false,"template":"","format":"standard","meta":{"ngg_post_thumbnail":0,"footnotes":""},"categories":[1],"tags":[12,15,314],"class_list":["post-11726","post","type-post","status-publish","format-standard","hentry","category-noticias","tag-capes","tag-pos-graduacao","tag-premio"],"_links":{"self":[{"href":"https:\/\/www.ufla.br\/dcom\/wp-json\/wp\/v2\/posts\/11726","targetHints":{"allow":["GET"]}}],"collection":[{"href":"https:\/\/www.ufla.br\/dcom\/wp-json\/wp\/v2\/posts"}],"about":[{"href":"https:\/\/www.ufla.br\/dcom\/wp-json\/wp\/v2\/types\/post"}],"author":[{"embeddable":true,"href":"https:\/\/www.ufla.br\/dcom\/wp-json\/wp\/v2\/users\/6"}],"replies":[{"embeddable":true,"href":"https:\/\/www.ufla.br\/dcom\/wp-json\/wp\/v2\/comments?post=11726"}],"version-history":[{"count":8,"href":"https:\/\/www.ufla.br\/dcom\/wp-json\/wp\/v2\/posts\/11726\/revisions"}],"predecessor-version":[{"id":11804,"href":"https:\/\/www.ufla.br\/dcom\/wp-json\/wp\/v2\/posts\/11726\/revisions\/11804"}],"wp:attachment":[{"href":"https:\/\/www.ufla.br\/dcom\/wp-json\/wp\/v2\/media?parent=11726"}],"wp:term":[{"taxonomy":"category","embeddable":true,"href":"https:\/\/www.ufla.br\/dcom\/wp-json\/wp\/v2\/categories?post=11726"},{"taxonomy":"post_tag","embeddable":true,"href":"https:\/\/www.ufla.br\/dcom\/wp-json\/wp\/v2\/tags?post=11726"}],"curies":[{"name":"wp","href":"https:\/\/api.w.org\/{rel}","templated":true}]}}