{"id":116690,"date":"2016-07-15T17:10:51","date_gmt":"2016-07-15T20:10:51","guid":{"rendered":"http:\/\/www.ufla.br\/ascom\/?p=116690"},"modified":"2016-07-20T10:47:46","modified_gmt":"2016-07-20T13:47:46","slug":"radio-universitaria-tem-novos-programas-um-deles-estreia-no-sabado-167","status":"publish","type":"post","link":"https:\/\/www.ufla.br\/dcom\/2016\/07\/15\/radio-universitaria-tem-novos-programas-um-deles-estreia-no-sabado-167\/","title":{"rendered":"R\u00e1dio Universit\u00e1ria tem novos programas &#8211; um deles estreia no s\u00e1bado (16\/7)"},"content":{"rendered":"<p><a href=\"http:\/\/www.ufla.br\/ascom\/wp-content\/uploads\/2016\/07\/logomarca1.jpg\"><img loading=\"lazy\" decoding=\"async\" class=\"aligncenter wp-image-116698 size-large\" src=\"http:\/\/www.ufla.br\/ascom\/wp-content\/uploads\/2016\/07\/logomarca1-612x297.jpg\" alt=\"logomarca\" width=\"612\" height=\"297\" srcset=\"https:\/\/www.ufla.br\/dcom\/wp-content\/uploads\/2016\/07\/logomarca1-612x297.jpg 612w, https:\/\/www.ufla.br\/dcom\/wp-content\/uploads\/2016\/07\/logomarca1-249x121.jpg 249w, https:\/\/www.ufla.br\/dcom\/wp-content\/uploads\/2016\/07\/logomarca1.jpg 779w\" sizes=\"auto, (max-width: 612px) 100vw, 612px\" \/><\/a><a href=\"http:\/\/www.ufla.br\/ascom\/wp-content\/uploads\/2016\/07\/logomarca.jpg\"><br \/>\n<\/a>Neste s\u00e1bado (16\/7), haver\u00e1 a estreia, na <a href=\"http:\/\/www.universitariafm.ufla.br\/\">R\u00e1dio Universit\u00e1ria<\/a>, do programa <a href=\"http:\/\/www2.camara.leg.br\/camaranoticias\/radio\/programa\/189-RODA-DE-CHORO.html\"><strong>Roda de Choro<\/strong><\/a>, que ir\u00e1 ao ar \u00e0s 20h e ter\u00e1 dura\u00e7\u00e3o de cerca de 40 minutos. O programa \u00e9 produzido pela <a href=\"http:\/\/www2.camara.leg.br\/camaranoticias\/radio\/\">R\u00e1dio C\u00e2mara<\/a>, em Bras\u00edlia, e foi licenciado para veicula\u00e7\u00e3o pela R\u00e1dio Universit\u00e1ria por meio de uma parceria. A produ\u00e7\u00e3o \u00e9 feita por Ruy Godinho.<\/p>\n<p>O incremento da programa\u00e7\u00e3o inclui tamb\u00e9m o <strong>Happy Hour 105<\/strong>, lan\u00e7ado no \u00faltimo s\u00e1bado (9\/7). O programa \u00e9 uma produ\u00e7\u00e3o do locutor e programador da R\u00e1dio Universit\u00e1ria Edwar Cortez. M\u00fasicas instrumentais nacionais e internacionais comp\u00f5em uma sele\u00e7\u00e3o que d\u00e1 origem a uma hora de programa, veiculado sempre aos s\u00e1bados \u00e0s 12h e reapresentado aos domingos.<\/p>\n<p>De acordo com Edwar, a op\u00e7\u00e3o por reservar um espa\u00e7o exclusivo para m\u00fasicas instrumentais vem de muitas sugest\u00f5es recebidas na R\u00e1dio e da expressiva produ\u00e7\u00e3o brasileira na \u00e1rea. \u201cO acervo de m\u00fasicas instrumentais, especialmente nacionais, \u00e9 muito rico. Muitas vezes, essas composi\u00e7\u00f5es n\u00e3o t\u00eam a veicula\u00e7\u00e3o que merecem. O programa \u00e9 uma forma de contribuirmos para a diversifica\u00e7\u00e3o do acesso \u00e0 cultura\u201d, diz.<\/p>\n","protected":false},"excerpt":{"rendered":"<p>Neste s\u00e1bado (16\/7), haver\u00e1 a estreia, na R\u00e1dio Universit\u00e1ria, do programa Roda de Choro, que ir\u00e1 ao ar \u00e0s 20h e ter\u00e1 dura\u00e7\u00e3o de cerca de 40 minutos. O programa \u00e9 produzido pela R\u00e1dio C\u00e2mara, em Bras\u00edlia, e foi licenciado para veicula\u00e7\u00e3o pela R\u00e1dio Universit\u00e1ria por meio de uma parceria. A produ\u00e7\u00e3o \u00e9 feita por &hellip; <a href=\"https:\/\/www.ufla.br\/dcom\/2016\/07\/15\/radio-universitaria-tem-novos-programas-um-deles-estreia-no-sabado-167\/\" class=\"more-link\">Continue lendo <span class=\"screen-reader-text\">R\u00e1dio Universit\u00e1ria tem novos programas &#8211; um deles estreia no s\u00e1bado (16\/7)<\/span> <span class=\"meta-nav\">&rarr;<\/span><\/a><\/p>\n","protected":false},"author":13,"featured_media":0,"comment_status":"closed","ping_status":"closed","sticky":false,"template":"","format":"standard","meta":{"ngg_post_thumbnail":0,"footnotes":""},"categories":[1,10],"tags":[1812],"class_list":["post-116690","post","type-post","status-publish","format-standard","hentry","category-noticias","category-menores","tag-radio-universitaria"],"_links":{"self":[{"href":"https:\/\/www.ufla.br\/dcom\/wp-json\/wp\/v2\/posts\/116690","targetHints":{"allow":["GET"]}}],"collection":[{"href":"https:\/\/www.ufla.br\/dcom\/wp-json\/wp\/v2\/posts"}],"about":[{"href":"https:\/\/www.ufla.br\/dcom\/wp-json\/wp\/v2\/types\/post"}],"author":[{"embeddable":true,"href":"https:\/\/www.ufla.br\/dcom\/wp-json\/wp\/v2\/users\/13"}],"replies":[{"embeddable":true,"href":"https:\/\/www.ufla.br\/dcom\/wp-json\/wp\/v2\/comments?post=116690"}],"version-history":[{"count":2,"href":"https:\/\/www.ufla.br\/dcom\/wp-json\/wp\/v2\/posts\/116690\/revisions"}],"predecessor-version":[{"id":116700,"href":"https:\/\/www.ufla.br\/dcom\/wp-json\/wp\/v2\/posts\/116690\/revisions\/116700"}],"wp:attachment":[{"href":"https:\/\/www.ufla.br\/dcom\/wp-json\/wp\/v2\/media?parent=116690"}],"wp:term":[{"taxonomy":"category","embeddable":true,"href":"https:\/\/www.ufla.br\/dcom\/wp-json\/wp\/v2\/categories?post=116690"},{"taxonomy":"post_tag","embeddable":true,"href":"https:\/\/www.ufla.br\/dcom\/wp-json\/wp\/v2\/tags?post=116690"}],"curies":[{"name":"wp","href":"https:\/\/api.w.org\/{rel}","templated":true}]}}