{"id":116683,"date":"2016-07-15T14:02:16","date_gmt":"2016-07-15T17:02:16","guid":{"rendered":"http:\/\/www.ufla.br\/ascom\/?p=116683"},"modified":"2016-07-19T16:53:21","modified_gmt":"2016-07-19T19:53:21","slug":"estudantes-de-quimica-promovem-em-agosto-feira-de-trocas-no-campus","status":"publish","type":"post","link":"https:\/\/www.ufla.br\/dcom\/2016\/07\/15\/estudantes-de-quimica-promovem-em-agosto-feira-de-trocas-no-campus\/","title":{"rendered":"Estudantes de Qu\u00edmica promovem, em agosto, \u201cFeira de Trocas\u201d no c\u00e2mpus"},"content":{"rendered":"<p><a href=\"http:\/\/www.ufla.br\/ascom\/wp-content\/uploads\/2016\/07\/feira-trocas-quimica.jpg\"><img loading=\"lazy\" decoding=\"async\" class=\"alignleft size-medium wp-image-116684\" src=\"http:\/\/www.ufla.br\/ascom\/wp-content\/uploads\/2016\/07\/feira-trocas-quimica-177x249.jpg\" alt=\"feira-trocas-quimica\" width=\"177\" height=\"249\" srcset=\"https:\/\/www.ufla.br\/dcom\/wp-content\/uploads\/2016\/07\/feira-trocas-quimica-177x249.jpg 177w, https:\/\/www.ufla.br\/dcom\/wp-content\/uploads\/2016\/07\/feira-trocas-quimica.jpg 463w\" sizes=\"auto, (max-width: 177px) 100vw, 177px\" \/><\/a>Com o apoio do Programa de Mentoria para Calouros de Qu\u00edmica (ProMEC &#8211; Qu\u00edmica) e do Centro Acad\u00eamico de Qu\u00edmica (C. A. Qu\u00edmica), os alunos do 1\u00ba per\u00edodo de gradua\u00e7\u00e3o em Qu\u00edmica da Universidade Federal de Lavras (UFLA) ir\u00e3o realizar o \u201cProjeto Feira de Trocas\u201d. O evento ser\u00e1 ocorrer\u00e1 em 4\/8, das 9h \u00e0s 17h, no Canteiro Central da UFLA.<\/p>\n<p>A iniciativa oferece a todos os estudantes a oportunidade de trazer objetos que n\u00e3o usam mais para troc\u00e1-los por outros. Aparelhos eletr\u00f4nicos, baterias, pilhas, livros e outros materiais de grande uso entre os universit\u00e1rios ser\u00e3o bem recebidos para a iniciativa. Os objetos devem estar em bom estado de conserva\u00e7\u00e3o e funcionamento. No caso dos eletr\u00f4nicos, devem ser, preferencialmente, de pequeno porte.<\/p>\n<p>Tamb\u00e9m faz parte do projeto a promo\u00e7\u00e3o de uma campanha para doa\u00e7\u00e3o de agasalhos, que ser\u00e3o recolhidos e, posteriormente, encaminhados ao Asilo Casa do Vov\u00f4, em Lavras. A coleta das doa\u00e7\u00f5es ter\u00e1 in\u00edcio antes da realiza\u00e7\u00e3o da feira, por meio de caixas de papel\u00e3o que estar\u00e3o localizadas em pontos de maior fluxo de pessoas dentro Universidade. O CA de Qu\u00edmica ser\u00e1 um dos pontos de coleta, assim como o local da pr\u00f3pria feira, no dia da realiza\u00e7\u00e3o.<\/p>\n<p>Coordenado pela professora do Departamento de Qu\u00edmica (DQI) Maria L\u00facia Bianchi, o projeto tem o objetivo de promover a solidariedade na regi\u00e3o, assim como a intera\u00e7\u00e3o entre os universit\u00e1rios.<\/p>\n<h5>Texto com contribui\u00e7\u00f5es de Thiago Paiva (divulga\u00e7\u00e3o do projeto) e Luciana Tereza (estagi\u00e1ria Ascom\/UFLA).<\/h5>\n","protected":false},"excerpt":{"rendered":"<p>Com o apoio do Programa de Mentoria para Calouros de Qu\u00edmica (ProMEC &#8211; Qu\u00edmica) e do Centro Acad\u00eamico de Qu\u00edmica (C. A. Qu\u00edmica), os alunos do 1\u00ba per\u00edodo de gradua\u00e7\u00e3o em Qu\u00edmica da Universidade Federal de Lavras (UFLA) ir\u00e3o realizar o \u201cProjeto Feira de Trocas\u201d. O evento ser\u00e1 ocorrer\u00e1 em 4\/8, das 9h \u00e0s 17h, &hellip; <a href=\"https:\/\/www.ufla.br\/dcom\/2016\/07\/15\/estudantes-de-quimica-promovem-em-agosto-feira-de-trocas-no-campus\/\" class=\"more-link\">Continue lendo <span class=\"screen-reader-text\">Estudantes de Qu\u00edmica promovem, em agosto, \u201cFeira de Trocas\u201d no c\u00e2mpus<\/span> <span class=\"meta-nav\">&rarr;<\/span><\/a><\/p>\n","protected":false},"author":13,"featured_media":0,"comment_status":"closed","ping_status":"closed","sticky":false,"template":"","format":"standard","meta":{"ngg_post_thumbnail":0,"footnotes":""},"categories":[1,10],"tags":[],"class_list":["post-116683","post","type-post","status-publish","format-standard","hentry","category-noticias","category-menores"],"_links":{"self":[{"href":"https:\/\/www.ufla.br\/dcom\/wp-json\/wp\/v2\/posts\/116683","targetHints":{"allow":["GET"]}}],"collection":[{"href":"https:\/\/www.ufla.br\/dcom\/wp-json\/wp\/v2\/posts"}],"about":[{"href":"https:\/\/www.ufla.br\/dcom\/wp-json\/wp\/v2\/types\/post"}],"author":[{"embeddable":true,"href":"https:\/\/www.ufla.br\/dcom\/wp-json\/wp\/v2\/users\/13"}],"replies":[{"embeddable":true,"href":"https:\/\/www.ufla.br\/dcom\/wp-json\/wp\/v2\/comments?post=116683"}],"version-history":[{"count":1,"href":"https:\/\/www.ufla.br\/dcom\/wp-json\/wp\/v2\/posts\/116683\/revisions"}],"predecessor-version":[{"id":116685,"href":"https:\/\/www.ufla.br\/dcom\/wp-json\/wp\/v2\/posts\/116683\/revisions\/116685"}],"wp:attachment":[{"href":"https:\/\/www.ufla.br\/dcom\/wp-json\/wp\/v2\/media?parent=116683"}],"wp:term":[{"taxonomy":"category","embeddable":true,"href":"https:\/\/www.ufla.br\/dcom\/wp-json\/wp\/v2\/categories?post=116683"},{"taxonomy":"post_tag","embeddable":true,"href":"https:\/\/www.ufla.br\/dcom\/wp-json\/wp\/v2\/tags?post=116683"}],"curies":[{"name":"wp","href":"https:\/\/api.w.org\/{rel}","templated":true}]}}