{"id":11630,"date":"2012-06-12T11:22:50","date_gmt":"2012-06-12T13:22:50","guid":{"rendered":"http:\/\/www.ufla.br\/ascom\/?p=11630"},"modified":"2015-02-23T08:50:35","modified_gmt":"2015-02-23T10:50:35","slug":"professor-do-deg-recebe-comenda-antonio-secundino-de-sao-jose","status":"publish","type":"post","link":"https:\/\/www.ufla.br\/dcom\/2012\/06\/12\/professor-do-deg-recebe-comenda-antonio-secundino-de-sao-jose\/","title":{"rendered":"Professor do DEG recebe Comenda Ant\u00f4nio Secundino de S\u00e3o Jos\u00e9"},"content":{"rendered":"<figure id=\"attachment_11631\" aria-describedby=\"caption-attachment-11631\" style=\"width: 300px\" class=\"wp-caption alignleft\"><img loading=\"lazy\" decoding=\"async\" class=\"size-medium wp-image-11631\" title=\"comenda\" alt=\"\" src=\"http:\/\/www.ufla.br\/ascom\/wp-content\/uploads\/2012\/06\/comenda-300x213.jpg\" width=\"300\" height=\"213\" srcset=\"https:\/\/www.ufla.br\/dcom\/wp-content\/uploads\/2012\/06\/comenda-300x213.jpg 300w, https:\/\/www.ufla.br\/dcom\/wp-content\/uploads\/2012\/06\/comenda.jpg 673w\" sizes=\"auto, (max-width: 300px) 100vw, 300px\" \/><\/a><figcaption id=\"caption-attachment-11631\" class=\"wp-caption-text\">O professor Ant\u00f4nio Marciano recebendo a comenda<\/figcaption><\/figure>\n<p>O professor Ant\u00f4nio Marciano da Silva, do Departamento de Engenharia da UFLA (DEG), foi agraciado com a Comenda Ant\u00f4nio Secundino de S\u00e3o Jos\u00e9. A cerim\u00f4nia de entrega ocorreu no dia 8, em Patos de Minas, durante a Festa Nacional do Milho (Fenamilho).<\/p>\n<p>A homenagem ao professor Ant\u00f4nio Marciano levou em considera\u00e7\u00e3o as consistentes pesquisas realizadas por ele na \u00e1rea de Engenharia de \u00c1gua e Solo e Recursos H\u00eddricos, com \u00eanfase no manejo de cultivos irrigados e hidrologia de pequenas bacias, que contribu\u00edram com inova\u00e7\u00f5es e o melhoramento da agropecu\u00e1ria mineira.<\/p>\n<p><a href=\"http:\/\/www.ufla.br\/ascom\/wp-content\/uploads\/2012\/06\/Comenda-ASSJ-Marciano.jpg\"><img loading=\"lazy\" decoding=\"async\" class=\"size-medium wp-image-11633 alignright\" title=\"Comenda\" alt=\"\" src=\"http:\/\/www.ufla.br\/ascom\/wp-content\/uploads\/2012\/06\/Comenda-ASSJ-Marciano-200x300.jpg\" width=\"200\" height=\"300\" srcset=\"https:\/\/www.ufla.br\/dcom\/wp-content\/uploads\/2012\/06\/Comenda-ASSJ-Marciano-200x300.jpg 200w, https:\/\/www.ufla.br\/dcom\/wp-content\/uploads\/2012\/06\/Comenda-ASSJ-Marciano.jpg 400w\" sizes=\"auto, (max-width: 200px) 100vw, 200px\" \/><\/a>A comenda, criada em 1991, \u00e9 concedida anualmente pelo governo de Minas Gerais a personalidades e institui\u00e7\u00f5es que prestaram ou prestam servi\u00e7os em prol do desenvolvimento sustent\u00e1vel da agricultura, pecu\u00e1ria, abastecimento, na \u00e1rea de saneamento ou pela preserva\u00e7\u00e3o do meio ambiente no Estado e no Brasil.<\/p>\n<p>Na edi\u00e7\u00e3o de 2012, foram agraciadas 13 personalidades. A Assembleia Legislativa de Minas Gerais define o nome dos homenageados por meio do conselho diretor da comenda, do qual tamb\u00e9m participam diversas outras institui\u00e7\u00f5es, como universidades e entidades de classe.<\/p>\n<p>&nbsp;<\/p>\n","protected":false},"excerpt":{"rendered":"<p>O professor Ant\u00f4nio Marciano da Silva, do Departamento de Engenharia da UFLA (DEG), foi agraciado com a Comenda Ant\u00f4nio Secundino de S\u00e3o Jos\u00e9. A cerim\u00f4nia de entrega ocorreu no dia 8, em Patos de Minas, durante a Festa Nacional do Milho (Fenamilho). A homenagem ao professor Ant\u00f4nio Marciano levou em considera\u00e7\u00e3o (&#8230;)<\/p>\n","protected":false},"author":8,"featured_media":0,"comment_status":"closed","ping_status":"closed","sticky":false,"template":"","format":"standard","meta":{"ngg_post_thumbnail":0,"footnotes":""},"categories":[1],"tags":[],"class_list":["post-11630","post","type-post","status-publish","format-standard","hentry","category-noticias"],"_links":{"self":[{"href":"https:\/\/www.ufla.br\/dcom\/wp-json\/wp\/v2\/posts\/11630","targetHints":{"allow":["GET"]}}],"collection":[{"href":"https:\/\/www.ufla.br\/dcom\/wp-json\/wp\/v2\/posts"}],"about":[{"href":"https:\/\/www.ufla.br\/dcom\/wp-json\/wp\/v2\/types\/post"}],"author":[{"embeddable":true,"href":"https:\/\/www.ufla.br\/dcom\/wp-json\/wp\/v2\/users\/8"}],"replies":[{"embeddable":true,"href":"https:\/\/www.ufla.br\/dcom\/wp-json\/wp\/v2\/comments?post=11630"}],"version-history":[{"count":7,"href":"https:\/\/www.ufla.br\/dcom\/wp-json\/wp\/v2\/posts\/11630\/revisions"}],"predecessor-version":[{"id":79923,"href":"https:\/\/www.ufla.br\/dcom\/wp-json\/wp\/v2\/posts\/11630\/revisions\/79923"}],"wp:attachment":[{"href":"https:\/\/www.ufla.br\/dcom\/wp-json\/wp\/v2\/media?parent=11630"}],"wp:term":[{"taxonomy":"category","embeddable":true,"href":"https:\/\/www.ufla.br\/dcom\/wp-json\/wp\/v2\/categories?post=11630"},{"taxonomy":"post_tag","embeddable":true,"href":"https:\/\/www.ufla.br\/dcom\/wp-json\/wp\/v2\/tags?post=11630"}],"curies":[{"name":"wp","href":"https:\/\/api.w.org\/{rel}","templated":true}]}}