{"id":11601,"date":"2012-06-11T11:19:21","date_gmt":"2012-06-11T14:19:21","guid":{"rendered":"http:\/\/www.ufla.br\/ascom\/?p=11601"},"modified":"2013-01-08T10:54:44","modified_gmt":"2013-01-08T13:54:44","slug":"filme-quando-fala-o-coracao-e-atracao-desta-semana","status":"publish","type":"post","link":"https:\/\/www.ufla.br\/dcom\/2012\/06\/11\/filme-quando-fala-o-coracao-e-atracao-desta-semana\/","title":{"rendered":"Filme \u201cQuando fala o cora\u00e7\u00e3o\u201d \u00e9 atra\u00e7\u00e3o desta semana"},"content":{"rendered":"<figure id=\"attachment_11602\" aria-describedby=\"caption-attachment-11602\" style=\"width: 300px\" class=\"wp-caption alignleft\"><img loading=\"lazy\" decoding=\"async\" class=\"size-medium wp-image-11602 \" alt=\"\" src=\"http:\/\/www.ufla.br\/ascom\/wp-content\/uploads\/2012\/06\/quando-fala-o-cora\u00e7\u00e3o-300x218.jpg\" width=\"300\" height=\"218\" srcset=\"https:\/\/www.ufla.br\/dcom\/wp-content\/uploads\/2012\/06\/quando-fala-o-cora\u00e7\u00e3o-300x218.jpg 300w, https:\/\/www.ufla.br\/dcom\/wp-content\/uploads\/2012\/06\/quando-fala-o-cora\u00e7\u00e3o.jpg 430w\" sizes=\"auto, (max-width: 300px) 100vw, 300px\" \/><\/a><figcaption id=\"caption-attachment-11602\" class=\"wp-caption-text\">A cl\u00e1ssica cena idealizada por Dal\u00ed<\/figcaption><\/figure>\n<p>A mostra Cinema Com Vida prossegue com a obra do diretor Alfred Hitchcock e exibir\u00e1, nesta quarta-feira (13), o filme \u201cQuando fala o cora\u00e7\u00e3o\u201d. A pel\u00edcula ser\u00e1 exibida \u00e0s 14 horas, no Museu de Hist\u00f3ria Natural (c\u00e2mpus hist\u00f3rico da UFLA).<\/p>\n<p>Essa produ\u00e7\u00e3o de Hitchcock, de 1945, \u00e9 tida como o primeiro filme a focar a psican\u00e1lise; da\u00ed sua import\u00e2ncia est\u00e9tica dentro da obra cinematogr\u00e1fica do diretor e para a hist\u00f3ria do cinema. Pela psican\u00e1lise, tenta-se desvendar alguns mist\u00e9rios: Anthony Edwards (Gregory Peck) sofre de amn\u00e9sia e, com a ajuda de sua terapeuta, Constance Petersen (Ingrid Bergman), busca descobrir sua identidade e se teria matado um homem ou n\u00e3o.<\/p>\n<p>Em um dos sonhos de Edwards, pode-se conferir o resultado da parceria de Hitchcock com o pintor surrealista Salvador Dal\u00ed. A cena criada pelo pintor \u00e9 sempre lembrada pelos cin\u00e9filos quando se referem a \u201cQuando fala o cora\u00e7\u00e3o\u201d.<\/p>\n<p>&nbsp;<\/p>\n","protected":false},"excerpt":{"rendered":"<p>A mostra Cinema Com Vida prossegue com a obra do diretor Alfred Hitchcock e exibir\u00e1, nesta quarta-feira (13), o filme \u201cQuando fala o cora\u00e7\u00e3o\u201d. A pel\u00edcula ser\u00e1 exibida \u00e0s 14 horas, no Museu de Hist\u00f3ria Natural (c\u00e2mpus hist\u00f3rico da UFLA). Essa produ\u00e7\u00e3o de Hitchcock, de 1945, \u00e9 tida como o primeiro filme (&#8230;)<\/p>\n","protected":false},"author":8,"featured_media":0,"comment_status":"closed","ping_status":"closed","sticky":false,"template":"","format":"standard","meta":{"ngg_post_thumbnail":0,"footnotes":""},"categories":[1],"tags":[],"class_list":["post-11601","post","type-post","status-publish","format-standard","hentry","category-noticias"],"_links":{"self":[{"href":"https:\/\/www.ufla.br\/dcom\/wp-json\/wp\/v2\/posts\/11601","targetHints":{"allow":["GET"]}}],"collection":[{"href":"https:\/\/www.ufla.br\/dcom\/wp-json\/wp\/v2\/posts"}],"about":[{"href":"https:\/\/www.ufla.br\/dcom\/wp-json\/wp\/v2\/types\/post"}],"author":[{"embeddable":true,"href":"https:\/\/www.ufla.br\/dcom\/wp-json\/wp\/v2\/users\/8"}],"replies":[{"embeddable":true,"href":"https:\/\/www.ufla.br\/dcom\/wp-json\/wp\/v2\/comments?post=11601"}],"version-history":[{"count":5,"href":"https:\/\/www.ufla.br\/dcom\/wp-json\/wp\/v2\/posts\/11601\/revisions"}],"predecessor-version":[{"id":11605,"href":"https:\/\/www.ufla.br\/dcom\/wp-json\/wp\/v2\/posts\/11601\/revisions\/11605"}],"wp:attachment":[{"href":"https:\/\/www.ufla.br\/dcom\/wp-json\/wp\/v2\/media?parent=11601"}],"wp:term":[{"taxonomy":"category","embeddable":true,"href":"https:\/\/www.ufla.br\/dcom\/wp-json\/wp\/v2\/categories?post=11601"},{"taxonomy":"post_tag","embeddable":true,"href":"https:\/\/www.ufla.br\/dcom\/wp-json\/wp\/v2\/tags?post=11601"}],"curies":[{"name":"wp","href":"https:\/\/api.w.org\/{rel}","templated":true}]}}