{"id":114356,"date":"2016-06-16T11:03:48","date_gmt":"2016-06-16T14:03:48","guid":{"rendered":"http:\/\/www.ufla.br\/ascom\/?p=114356"},"modified":"2016-06-17T17:40:45","modified_gmt":"2016-06-17T20:40:45","slug":"normas-gerais-para-o-ensino-de-graduacao-da-ufla-e-tema-de-curso-realizado-na-ufla","status":"publish","type":"post","link":"https:\/\/www.ufla.br\/dcom\/2016\/06\/16\/normas-gerais-para-o-ensino-de-graduacao-da-ufla-e-tema-de-curso-realizado-na-ufla\/","title":{"rendered":"Normas Gerais para o Ensino de Gradua\u00e7\u00e3o da UFLA \u00e9 tema de curso realizado na UFLA"},"content":{"rendered":"<p><a href=\"http:\/\/www.ufla.br\/ascom\/wp-content\/uploads\/2016\/06\/IMG_0015.jpg\"><img loading=\"lazy\" decoding=\"async\" class=\"alignleft wp-image-114432 size-medium\" src=\"http:\/\/www.ufla.br\/ascom\/wp-content\/uploads\/2016\/06\/IMG_0015-249x166.jpg\" alt=\"IMG_0015\" width=\"249\" height=\"166\" srcset=\"https:\/\/www.ufla.br\/dcom\/wp-content\/uploads\/2016\/06\/IMG_0015-249x166.jpg 249w, https:\/\/www.ufla.br\/dcom\/wp-content\/uploads\/2016\/06\/IMG_0015-612x408.jpg 612w\" sizes=\"auto, (max-width: 249px) 100vw, 249px\" \/><\/a>Nessa quarta-feira (15\/6), cerca de 80 servidores\u00a0da Universidade Federal de Lavras (UFLA) participaram do curso &#8220;Resolu\u00e7\u00e3o CEPE 042\/2007 &#8211; Normas Gerais para o Ensino de Gradua\u00e7\u00e3o da UFLA&#8221;, coordenado e ministrado pela servidora Daniela Armondes de Paula Oliveira \u2013 pr\u00f3-reitora adjunta de Gradua\u00e7\u00e3o.<\/p>\n<p>O curso foi promovido\u00a0pela\u00a0Coordenadoria de Capacita\u00e7\u00e3o e Avalia\u00e7\u00e3o\/Pr\u00f3-Reitoria de Gest\u00e3o e Desenvolvimento de Pessoas &#8211; PRGDP em parceria com a PRG, no \u00e2mbito do Plano de Capacita\u00e7\u00e3o de Servidores da UFLA.<\/p>\n<p>O curso foi realizado em duas turmas, de manh\u00e3 e a tarde, tendo como foco principal sanar as d\u00favidas sobre o cotidiano dos professores do ponto de vista da legisla\u00e7\u00e3o vigente.\u00a0 O curso propiciou aos participantes um estudo detalhado da Resolu\u00e7\u00e3o CEPE n\u00ba 042\/2007 &#8211; do Conselho de Ensino, Pesquisa e Extens\u00e3o, que estabelece normas gerais para o ensino de gradua\u00e7\u00e3o da UFLA.<\/p>\n<p><a href=\"http:\/\/www.ufla.br\/ascom\/wp-content\/uploads\/2016\/06\/IMG_0020.jpg\"><img loading=\"lazy\" decoding=\"async\" class=\"alignright wp-image-114434 size-medium\" src=\"http:\/\/www.ufla.br\/ascom\/wp-content\/uploads\/2016\/06\/IMG_0020-249x166.jpg\" alt=\"IMG_0020\" width=\"249\" height=\"166\" srcset=\"https:\/\/www.ufla.br\/dcom\/wp-content\/uploads\/2016\/06\/IMG_0020-249x166.jpg 249w, https:\/\/www.ufla.br\/dcom\/wp-content\/uploads\/2016\/06\/IMG_0020-612x408.jpg 612w\" sizes=\"auto, (max-width: 249px) 100vw, 249px\" \/><\/a>Durante o curso, os participantes receberam um &#8220;Manual Acad\u00eamico &#8211; Docentes&#8221;, confeccionado especialmente para esse fim. Entre os temas abordados, as especificidades dos cursos de gradua\u00e7\u00e3o presenciais, os colegiados dos cursos, a import\u00e2ncia do Projeto Pedag\u00f3gico dos Cursos, as ofertas de atividades acad\u00eamicas, a matr\u00edcula via SIG, o planejamento das disciplinas, a verifica\u00e7\u00e3o do rendimento acad\u00eamico, abono de faltas, regime especial amparado por lei, recupera\u00e7\u00e3o de aulas e trabalhos escolares e recupera\u00e7\u00e3o dos estudantes de menor rendimento.<\/p>\n<p>O curso, realizado no Anfiteatro do Departamento de Ci\u00eancia do Solo (DCS), tamb\u00e9m teve a participa\u00e7\u00e3o do analista de TI J\u00fanior Bernardes, da Diretoria de Gest\u00e3o e Tecnologia da Informa\u00e7\u00e3o (DGTI), que mostrou a parte operacional do Sistema Integrado de Gest\u00e3o (SIG UFLA).<\/p>\n<p>Fotos: Mateus Lima<\/p>\n","protected":false},"excerpt":{"rendered":"<p>Nessa quarta-feira (15\/6), cerca de 80 servidores\u00a0da Universidade Federal de Lavras (UFLA) participaram do curso &#8220;Resolu\u00e7\u00e3o CEPE 042\/2007 &#8211; Normas Gerais para o Ensino de Gradua\u00e7\u00e3o da UFLA&#8221;, coordenado e ministrado pela servidora Daniela Armondes de Paula Oliveira \u2013 pr\u00f3-reitora adjunta de Gradua\u00e7\u00e3o. O curso foi promovido\u00a0pela\u00a0Coordenadoria de Capacita\u00e7\u00e3o e Avalia\u00e7\u00e3o\/Pr\u00f3-Reitoria de Gest\u00e3o e Desenvolvimento &hellip; <a href=\"https:\/\/www.ufla.br\/dcom\/2016\/06\/16\/normas-gerais-para-o-ensino-de-graduacao-da-ufla-e-tema-de-curso-realizado-na-ufla\/\" class=\"more-link\">Continue lendo <span class=\"screen-reader-text\">Normas Gerais para o Ensino de Gradua\u00e7\u00e3o da UFLA \u00e9 tema de curso realizado na UFLA<\/span> <span class=\"meta-nav\">&rarr;<\/span><\/a><\/p>\n","protected":false},"author":6,"featured_media":0,"comment_status":"closed","ping_status":"closed","sticky":false,"template":"","format":"standard","meta":{"ngg_post_thumbnail":0,"footnotes":""},"categories":[10],"tags":[],"class_list":["post-114356","post","type-post","status-publish","format-standard","hentry","category-menores"],"_links":{"self":[{"href":"https:\/\/www.ufla.br\/dcom\/wp-json\/wp\/v2\/posts\/114356","targetHints":{"allow":["GET"]}}],"collection":[{"href":"https:\/\/www.ufla.br\/dcom\/wp-json\/wp\/v2\/posts"}],"about":[{"href":"https:\/\/www.ufla.br\/dcom\/wp-json\/wp\/v2\/types\/post"}],"author":[{"embeddable":true,"href":"https:\/\/www.ufla.br\/dcom\/wp-json\/wp\/v2\/users\/6"}],"replies":[{"embeddable":true,"href":"https:\/\/www.ufla.br\/dcom\/wp-json\/wp\/v2\/comments?post=114356"}],"version-history":[{"count":5,"href":"https:\/\/www.ufla.br\/dcom\/wp-json\/wp\/v2\/posts\/114356\/revisions"}],"predecessor-version":[{"id":115505,"href":"https:\/\/www.ufla.br\/dcom\/wp-json\/wp\/v2\/posts\/114356\/revisions\/115505"}],"wp:attachment":[{"href":"https:\/\/www.ufla.br\/dcom\/wp-json\/wp\/v2\/media?parent=114356"}],"wp:term":[{"taxonomy":"category","embeddable":true,"href":"https:\/\/www.ufla.br\/dcom\/wp-json\/wp\/v2\/categories?post=114356"},{"taxonomy":"post_tag","embeddable":true,"href":"https:\/\/www.ufla.br\/dcom\/wp-json\/wp\/v2\/tags?post=114356"}],"curies":[{"name":"wp","href":"https:\/\/api.w.org\/{rel}","templated":true}]}}