{"id":112954,"date":"2016-06-02T17:21:37","date_gmt":"2016-06-02T20:21:37","guid":{"rendered":"http:\/\/www.ufla.br\/ascom\/?p=112954"},"modified":"2016-06-10T07:02:36","modified_gmt":"2016-06-10T10:02:36","slug":"professor-da-ufla-profere-palestra-plenaria-em-evento-internacional","status":"publish","type":"post","link":"https:\/\/www.ufla.br\/dcom\/2016\/06\/02\/professor-da-ufla-profere-palestra-plenaria-em-evento-internacional\/","title":{"rendered":"Professor da UFLA profere palestra plen\u00e1ria em evento internacional"},"content":{"rendered":"<figure id=\"attachment_112955\" aria-describedby=\"caption-attachment-112955\" style=\"width: 249px\" class=\"wp-caption alignright\"><a href=\"http:\/\/www.ufla.br\/ascom\/wp-content\/uploads\/2016\/06\/materia-daniel.jpg\"><img loading=\"lazy\" decoding=\"async\" class=\"wp-image-112955 size-medium\" src=\"http:\/\/www.ufla.br\/ascom\/wp-content\/uploads\/2016\/06\/materia-daniel-249x168.jpg\" alt=\"materia-daniel\" width=\"249\" height=\"168\" srcset=\"https:\/\/www.ufla.br\/dcom\/wp-content\/uploads\/2016\/06\/materia-daniel-249x168.jpg 249w, https:\/\/www.ufla.br\/dcom\/wp-content\/uploads\/2016\/06\/materia-daniel-612x412.jpg 612w, https:\/\/www.ufla.br\/dcom\/wp-content\/uploads\/2016\/06\/materia-daniel.jpg 1129w\" sizes=\"auto, (max-width: 249px) 100vw, 249px\" \/><\/a><figcaption id=\"caption-attachment-112955\" class=\"wp-caption-text\">Apresenta\u00e7\u00e3o do professor Danial Leite durante o evento IEEE EAIS\u201916.<\/figcaption><\/figure>\n<p>O professor do Departamento de Engenharia da Universidade Federal de Lavras (DEG\/UFLA) Daniel Leite foi\u00a0orador principal (<em>keynote speaker) d<\/em>a IEEE\u00a0<em>Conference on Evolving and Adaptive Intelligent Systems<\/em>, IEEE EAIS\u201916, realizada pela primeira vez no Brasil, em\u00a0Natal, no Rio Grande do Norte. O EAIS\u201916 \u00e9 um evento internacional tradicional de uma \u00e1rea especializada no contexto de Sistemas Inteligentes, organizado pela <a href=\"http:\/\/www.ieeesmc.org\/\">IEEE\u00a0Systems, Man, and Cybernetics Society<\/a>\u00a0desde 2006.\u00a0Ele tem por objetivo discutir avan\u00e7os recentes e quest\u00f5es em aberto da \u00e1rea.<\/p>\n<p>A palestra do professor Daniel teve dura\u00e7\u00e3o de 70 minutos e abordou t\u00f3picos te\u00f3ricos sobre intelig\u00eancia artificial evolutiva, assim como aplica\u00e7\u00f5es em reconhecimento de padr\u00f5es, previs\u00e3o de s\u00e9ries temporais granulares e modelagem e controle neuro-fuzzy de sistemas variantes no tempo. \u201cSistemas computacionais capazes de lidar com informa\u00e7\u00e3o imprecisa, incerta, incompleta ou parcialmente verdadeira t\u00eam se tornado uma necessidade \u00e0 medida que sistemas do mundo real se tornam mais complexos. De maneira similar, a intera\u00e7\u00e3o entre humanos e sistemas computacionais tem demandado formas eficientes de processamento de dados em tempo real e algoritmos para cria\u00e7\u00e3o e adapta\u00e7\u00e3o online de modelos que representem a ess\u00eancia da informa\u00e7\u00e3o\u201d, diz o professor.<\/p>\n<p>\u201cA pesquisa contribui na dire\u00e7\u00e3o de uma mudan\u00e7a de paradigma, passando a um est\u00e1gio em que sistemas computacionais inteligentes s\u00e3o centrados em humanos e inspirados na forma com que realizam tarefas e interagem socialmente\u201d. Novas pesquisas em sistemas computacionais e m\u00e1quinas inteligentes que se adaptam ao longo do tempo est\u00e3o sendo desenvolvidas na UFLA e na Pontif\u00edcia Universidade Cat\u00f3lica de Minas Gerais (PUC-Minas) com colabora\u00e7\u00e3o do professor Daniel. As aplica\u00e7\u00f5es se estendem \u00e0 engenharia, ci\u00eancia da computa\u00e7\u00e3o, biomedicina e meteorologia.<\/p>\n<figure id=\"attachment_112956\" aria-describedby=\"caption-attachment-112956\" style=\"width: 249px\" class=\"wp-caption alignleft\"><a href=\"http:\/\/www.ufla.br\/ascom\/wp-content\/uploads\/2016\/06\/materia-daniel-2.jpg\"><img loading=\"lazy\" decoding=\"async\" class=\"wp-image-112956 size-medium\" src=\"http:\/\/www.ufla.br\/ascom\/wp-content\/uploads\/2016\/06\/materia-daniel-2-249x167.jpg\" alt=\"materia-daniel-2\" width=\"249\" height=\"167\" srcset=\"https:\/\/www.ufla.br\/dcom\/wp-content\/uploads\/2016\/06\/materia-daniel-2-249x167.jpg 249w, https:\/\/www.ufla.br\/dcom\/wp-content\/uploads\/2016\/06\/materia-daniel-2-612x411.jpg 612w, https:\/\/www.ufla.br\/dcom\/wp-content\/uploads\/2016\/06\/materia-daniel-2.jpg 1117w\" sizes=\"auto, (max-width: 249px) 100vw, 249px\" \/><\/a><figcaption id=\"caption-attachment-112956\" class=\"wp-caption-text\">Professores Daniel Leite e Bruno Costa.<\/figcaption><\/figure>\n<p>Daniel \u00e9 professor do Programa de P\u00f3s-Gradua\u00e7\u00e3o em Engenharia de Sistemas e Automa\u00e7\u00e3o (<a href=\"http:\/\/www.prpg.ufla.br\/esistemas\">PPGESISA<\/a>) da UFLA e, juntamente com os professores Bruno Barbosa e Danton Ferreira, \u00e9 um dos criadores do Laborat\u00f3rio de Intelig\u00eancia Computacional e Aprendizado de M\u00e1quina, <a href=\"http:\/\/www.ciml.deg.ufla.br\">CIML Lab<\/a> \u2013 UFLA. Daniel tamb\u00e9m colabora com o Laborat\u00f3rio de Mobilidade Terrestre, <a href=\"http:\/\/www.lmt.ufla.br\">LMT<\/a>. Atualmente o laborat\u00f3rio CIML envolve sete docentes efetivos e pelo menos 30 alunos de gradua\u00e7\u00e3o, mestrado e doutorado.<\/p>\n<p><strong>Um pouco mais sobre o EAIS\u201916<\/strong><\/p>\n<p>O evento\u00a0foi anteriormente realizado em diferentes cidades como Lake District,\u00a0Witten-Bommerholz, Nashville, Leicester, Paris, Madrid, Linz e Douai. Foram tamb\u00e9m palestrantes plen\u00e1rios no evento deste ano em\u00a0Natal\u00a0os professores Igor \u0160krjanc (da University of Ljubljana), Edwin Lughofer (da Johannes Kepler University Linz), e Andre Lemos (da Universidade Federal de Minas Gerais). As sess\u00f5es plen\u00e1rias foram presididas pelo professor do Instituto Federal do Rio Grande do Norte Bruno Costa.<\/p>\n","protected":false},"excerpt":{"rendered":"<p>O professor do Departamento de Engenharia da Universidade Federal de Lavras (DEG\/UFLA) Daniel Leite foi\u00a0orador principal (keynote speaker) da IEEE\u00a0Conference on Evolving and Adaptive Intelligent Systems, IEEE EAIS\u201916, realizada pela primeira vez no Brasil, em\u00a0Natal, no Rio Grande do Norte. O EAIS\u201916 \u00e9 um evento internacional tradicional de uma \u00e1rea especializada no contexto de Sistemas &hellip; <a href=\"https:\/\/www.ufla.br\/dcom\/2016\/06\/02\/professor-da-ufla-profere-palestra-plenaria-em-evento-internacional\/\" class=\"more-link\">Continue lendo <span class=\"screen-reader-text\">Professor da UFLA profere palestra plen\u00e1ria em evento internacional<\/span> <span class=\"meta-nav\">&rarr;<\/span><\/a><\/p>\n","protected":false},"author":13,"featured_media":0,"comment_status":"closed","ping_status":"closed","sticky":false,"template":"","format":"standard","meta":{"ngg_post_thumbnail":0,"footnotes":""},"categories":[1,10],"tags":[582,23],"class_list":["post-112954","post","type-post","status-publish","format-standard","hentry","category-noticias","category-menores","tag-deg","tag-evento"],"_links":{"self":[{"href":"https:\/\/www.ufla.br\/dcom\/wp-json\/wp\/v2\/posts\/112954","targetHints":{"allow":["GET"]}}],"collection":[{"href":"https:\/\/www.ufla.br\/dcom\/wp-json\/wp\/v2\/posts"}],"about":[{"href":"https:\/\/www.ufla.br\/dcom\/wp-json\/wp\/v2\/types\/post"}],"author":[{"embeddable":true,"href":"https:\/\/www.ufla.br\/dcom\/wp-json\/wp\/v2\/users\/13"}],"replies":[{"embeddable":true,"href":"https:\/\/www.ufla.br\/dcom\/wp-json\/wp\/v2\/comments?post=112954"}],"version-history":[{"count":1,"href":"https:\/\/www.ufla.br\/dcom\/wp-json\/wp\/v2\/posts\/112954\/revisions"}],"predecessor-version":[{"id":112957,"href":"https:\/\/www.ufla.br\/dcom\/wp-json\/wp\/v2\/posts\/112954\/revisions\/112957"}],"wp:attachment":[{"href":"https:\/\/www.ufla.br\/dcom\/wp-json\/wp\/v2\/media?parent=112954"}],"wp:term":[{"taxonomy":"category","embeddable":true,"href":"https:\/\/www.ufla.br\/dcom\/wp-json\/wp\/v2\/categories?post=112954"},{"taxonomy":"post_tag","embeddable":true,"href":"https:\/\/www.ufla.br\/dcom\/wp-json\/wp\/v2\/tags?post=112954"}],"curies":[{"name":"wp","href":"https:\/\/api.w.org\/{rel}","templated":true}]}}