{"id":110015,"date":"2016-04-29T14:11:30","date_gmt":"2016-04-29T17:11:30","guid":{"rendered":"http:\/\/www.ufla.br\/ascom\/?p=110015"},"modified":"2016-05-03T16:10:27","modified_gmt":"2016-05-03T19:10:27","slug":"comecam-em-185-as-aulas-do-curso-portugues-como-lingua-estrangeira","status":"publish","type":"post","link":"https:\/\/www.ufla.br\/dcom\/2016\/04\/29\/comecam-em-185-as-aulas-do-curso-portugues-como-lingua-estrangeira\/","title":{"rendered":"Come\u00e7am em 18\/5 as aulas do curso \u201cPortugu\u00eas como L\u00edngua Estrangeira\u201d"},"content":{"rendered":"<p><a href=\"http:\/\/www.ufla.br\/ascom\/wp-content\/uploads\/2014\/10\/inscri\u00e7\u00e3o.jpg\"><img loading=\"lazy\" decoding=\"async\" class=\"alignright size-medium wp-image-70499\" src=\"http:\/\/www.ufla.br\/ascom\/wp-content\/uploads\/2014\/10\/inscri\u00e7\u00e3o-249x164.jpg\" alt=\"inscri\u00e7\u00e3o\" width=\"249\" height=\"164\" srcset=\"https:\/\/www.ufla.br\/dcom\/wp-content\/uploads\/2014\/10\/inscri\u00e7\u00e3o-249x164.jpg 249w, https:\/\/www.ufla.br\/dcom\/wp-content\/uploads\/2014\/10\/inscri\u00e7\u00e3o-612x404.jpg 612w, https:\/\/www.ufla.br\/dcom\/wp-content\/uploads\/2014\/10\/inscri\u00e7\u00e3o.jpg 1125w\" sizes=\"auto, (max-width: 249px) 100vw, 249px\" \/><\/a>No primeiro per\u00edodo letivo de 2016, as disciplinas do curso \u201cPortugu\u00eas como L\u00edngua Estrangeira\u201d ter\u00e3o in\u00edcio em 18\/5. Inseridas na perspectiva da internacionaliza\u00e7\u00e3o, as disciplinas s\u00e3o voltadas para estudantes estrangeiros matriculados na Universidade Federal de Lavras (UFLA).<\/p>\n<p>Os trabalhos do per\u00edodo ser\u00e3o iniciados com duas turmas, ambas com aulas \u00e0s quartas-feiras e \u00e0s sextas-feiras. Uma delas estar\u00e1 em atividade das 13h \u00e0s 14h40 (turma 1) e outra das 15h \u00e0s 16h40.<\/p>\n<p>O curso \u201cPortugu\u00eas como L\u00edngua Estrangeira\u201d \u00e9 de responsabilidade da professora do Departamento de Educa\u00e7\u00e3o\u00a0(DED) D\u00e9bora Racy Soares, em intera\u00e7\u00e3o com a Diretoria de Rela\u00e7\u00f5es Internacionais (DRI). Apesar de recentes na UFLA, as disciplinas t\u00eam gerado resultados importantes, como a aprova\u00e7\u00e3o de estudantes em n\u00edveis considerados dif\u00edceis no exame Celpe-BRAS (Certificado de Profici\u00eancia em L\u00edngua Portuguesa para Estrangeiros). (<a href=\"http:\/\/www.ufla.br\/ascom\/2015\/12\/10\/aluna-estrangeira-da-ufla-alcancou-proficiencia-na-lingua-portuguesa-e-foi-aprovada-no-exame-celpe-bras\/\"><strong>Veja aqui o texto sobre a aprova\u00e7\u00e3o de uma das estudantes<\/strong><\/a>).<\/p>\n<p>Conhe\u00e7a parte dos resultados dos trabalhos do curso: <a href=\"http:\/\/www.ufla.br\/ascom\/2016\/04\/05\/coletanea-produzida-na-disciplina-portugues-como-lingua-estrangeira-traz-percepcoes-sobre-o-carnaval-brasileiro\/\">Colet\u00e2nea produzida na disciplina Portugu\u00eas como L\u00edngua Estrangeira traz percep\u00e7\u00f5es sobre o carnaval brasileiro<\/a>.<\/p>\n","protected":false},"excerpt":{"rendered":"<p>No primeiro per\u00edodo letivo de 2016, as disciplinas do curso \u201cPortugu\u00eas como L\u00edngua Estrangeira\u201d ter\u00e3o in\u00edcio em 18\/5. Inseridas na perspectiva da internacionaliza\u00e7\u00e3o, as disciplinas s\u00e3o voltadas para estudantes estrangeiros matriculados na Universidade Federal de Lavras (UFLA). Os trabalhos do per\u00edodo ser\u00e3o iniciados com duas turmas, ambas com aulas \u00e0s quartas-feiras e \u00e0s sextas-feiras. Uma &hellip; <a href=\"https:\/\/www.ufla.br\/dcom\/2016\/04\/29\/comecam-em-185-as-aulas-do-curso-portugues-como-lingua-estrangeira\/\" class=\"more-link\">Continue lendo <span class=\"screen-reader-text\">Come\u00e7am em 18\/5 as aulas do curso \u201cPortugu\u00eas como L\u00edngua Estrangeira\u201d<\/span> <span class=\"meta-nav\">&rarr;<\/span><\/a><\/p>\n","protected":false},"author":13,"featured_media":0,"comment_status":"closed","ping_status":"closed","sticky":false,"template":"","format":"standard","meta":{"ngg_post_thumbnail":0,"footnotes":""},"categories":[1,10],"tags":[432,1701],"class_list":["post-110015","post","type-post","status-publish","format-standard","hentry","category-noticias","category-menores","tag-internacionalizacao","tag-portugues-como-lingua-estrangeira"],"_links":{"self":[{"href":"https:\/\/www.ufla.br\/dcom\/wp-json\/wp\/v2\/posts\/110015","targetHints":{"allow":["GET"]}}],"collection":[{"href":"https:\/\/www.ufla.br\/dcom\/wp-json\/wp\/v2\/posts"}],"about":[{"href":"https:\/\/www.ufla.br\/dcom\/wp-json\/wp\/v2\/types\/post"}],"author":[{"embeddable":true,"href":"https:\/\/www.ufla.br\/dcom\/wp-json\/wp\/v2\/users\/13"}],"replies":[{"embeddable":true,"href":"https:\/\/www.ufla.br\/dcom\/wp-json\/wp\/v2\/comments?post=110015"}],"version-history":[{"count":1,"href":"https:\/\/www.ufla.br\/dcom\/wp-json\/wp\/v2\/posts\/110015\/revisions"}],"predecessor-version":[{"id":110016,"href":"https:\/\/www.ufla.br\/dcom\/wp-json\/wp\/v2\/posts\/110015\/revisions\/110016"}],"wp:attachment":[{"href":"https:\/\/www.ufla.br\/dcom\/wp-json\/wp\/v2\/media?parent=110015"}],"wp:term":[{"taxonomy":"category","embeddable":true,"href":"https:\/\/www.ufla.br\/dcom\/wp-json\/wp\/v2\/categories?post=110015"},{"taxonomy":"post_tag","embeddable":true,"href":"https:\/\/www.ufla.br\/dcom\/wp-json\/wp\/v2\/tags?post=110015"}],"curies":[{"name":"wp","href":"https:\/\/api.w.org\/{rel}","templated":true}]}}