{"id":109357,"date":"2016-04-11T15:29:16","date_gmt":"2016-04-11T18:29:16","guid":{"rendered":"http:\/\/www.ufla.br\/ascom\/?p=109357"},"modified":"2016-04-14T13:24:24","modified_gmt":"2016-04-14T16:24:24","slug":"professores-da-ufla-integram-camaras-de-assessoramento-da-fapemig","status":"publish","type":"post","link":"https:\/\/www.ufla.br\/dcom\/2016\/04\/11\/professores-da-ufla-integram-camaras-de-assessoramento-da-fapemig\/","title":{"rendered":"Professores da UFLA integram c\u00e2maras de assessoramento da Fapemig"},"content":{"rendered":"<p><a href=\"http:\/\/www.ufla.br\/ascom\/wp-content\/uploads\/2016\/03\/fapemig.jpg\"><img loading=\"lazy\" decoding=\"async\" class=\"alignright size-medium wp-image-108273\" src=\"http:\/\/www.ufla.br\/ascom\/wp-content\/uploads\/2016\/03\/fapemig-249x217.jpg\" alt=\"fapemig\" width=\"249\" height=\"217\" srcset=\"https:\/\/www.ufla.br\/dcom\/wp-content\/uploads\/2016\/03\/fapemig-249x217.jpg 249w, https:\/\/www.ufla.br\/dcom\/wp-content\/uploads\/2016\/03\/fapemig.jpg 400w\" sizes=\"auto, (max-width: 249px) 100vw, 249px\" \/><\/a>Vinculadas \u00e0 Diretoria de Ci\u00eancia, Tecnologia e Inova\u00e7\u00e3o da Funda\u00e7\u00e3o de Amparo \u00e0 Pesquisa de Minas Gerais (Fapemig), as c\u00e2maras de assessoramento s\u00e3o respons\u00e1veis pela an\u00e1lise, julgamento e recomenda\u00e7\u00e3o dos pleitos apresentados. S\u00e3o organizadas por grandes \u00e1reas do conhecimento e compostas por especialistas de reconhecida compet\u00eancia em seus respectivos campos de atua\u00e7\u00e3o. Ao todo, s\u00e3o nove c\u00e2maras setoriais, reunindo 96 pesquisadores de diferentes institui\u00e7\u00f5es do Estado.<\/p>\n<p>Representantes atuais nas c\u00e2maras de assessoramento:<\/p>\n<ul>\n<li><strong>C\u00c2MARA DE AGRICULTURA<\/strong><strong> (CAG) <\/strong><\/li>\n<\/ul>\n<p>Eduardo Val\u00e9rio de Barros Vilas Boas (DCA) e Lourival Marin Mendes (DCF)<\/p>\n<ul>\n<li><strong>C\u00c2MARA DE CI\u00caNCIAS EXATAS E DOS MATERIAIS (CEX)<\/strong><\/li>\n<\/ul>\n<p>Teodorico de Castro Ramalho (DQI)<\/p>\n<ul>\n<li><strong>\u00a0<\/strong><strong>C\u00c2MARA DE RECURSOS NATURAIS, CI\u00caNCIAS E TECNOLOGIAS AMBIENTAIS (CRA)<\/strong><\/li>\n<\/ul>\n<p>Amauri Alves de Alvarenga (DBI) e Paulo dos Santos Pompeu (DBI)<\/p>\n<ul>\n<li><strong>\u00a0<\/strong><strong>C\u00c2MARA DE CI\u00caNCIAS APLICADAS (CSA)<\/strong><\/li>\n<\/ul>\n<p>M\u00f4nica Carvalho Alves Cappelle (DAE)<\/p>\n<ul>\n<li><strong>\u00a0<\/strong><strong>C\u00c2MARA DE MEDICINA VETERIN\u00c1RIA E ZOOTECNIA (CZO)<\/strong><\/li>\n<\/ul>\n<p><strong>\u00a0<\/strong>M\u00e1rvio Lob\u00e3o Teixeira de Abreu (DZO) e Paulo Borges Rodrigues (DZO)<\/p>\n<p>&nbsp;<\/p>\n<p>Professores da UFLA s\u00e3o sempre convidados a participar das C\u00e2maras de Assessoramento. Na \u00faltima vig\u00eancia, finalizada em fevereiro de 2016, a C\u00e2mara de Agricultura foi coordenada pelo professor Jo\u00e3o C\u00e2ndido de Souza (DBI), j\u00e1 com a participa\u00e7\u00e3o do professor Lourival Martins (DCF) &#8211; in\u00edcio em outubro de 2014. A C\u00e2mara de Ci\u00eancias Biol\u00f3gicas e Biotecnologia (CBB) teve a participa\u00e7\u00e3o da professora Joziana Muniz de Paiva Bar\u00e7ante (DSA). O professor Teodorico j\u00e1 participava da CEX e o professor Paulo Pompeu j\u00e1 era membro da CRA. A professora M\u00f4nica Capelle (DAE) representa a UFLA na CSA desde 2013. <strong>\u00a0<\/strong>O professor \u00c9dison Jos\u00e9 Fassani (DZO) coordenou a CZO no per\u00edodo de 10\/2014 a 2\/2016.<\/p>\n<p><strong>\u00a0<\/strong><\/p>\n","protected":false},"excerpt":{"rendered":"<p>Vinculadas \u00e0 Diretoria de Ci\u00eancia, Tecnologia e Inova\u00e7\u00e3o da Funda\u00e7\u00e3o de Amparo \u00e0 Pesquisa de Minas Gerais (Fapemig), as c\u00e2maras de assessoramento s\u00e3o respons\u00e1veis pela an\u00e1lise, julgamento e recomenda\u00e7\u00e3o dos pleitos apresentados. S\u00e3o organizadas por grandes \u00e1reas do conhecimento e compostas por especialistas de reconhecida compet\u00eancia em seus respectivos campos de atua\u00e7\u00e3o. Ao todo, s\u00e3o &hellip; <a href=\"https:\/\/www.ufla.br\/dcom\/2016\/04\/11\/professores-da-ufla-integram-camaras-de-assessoramento-da-fapemig\/\" class=\"more-link\">Continue lendo <span class=\"screen-reader-text\">Professores da UFLA integram c\u00e2maras de assessoramento da Fapemig<\/span> <span class=\"meta-nav\">&rarr;<\/span><\/a><\/p>\n","protected":false},"author":6,"featured_media":0,"comment_status":"closed","ping_status":"closed","sticky":false,"template":"","format":"standard","meta":{"ngg_post_thumbnail":0,"footnotes":""},"categories":[1,10],"tags":[],"class_list":["post-109357","post","type-post","status-publish","format-standard","hentry","category-noticias","category-menores"],"_links":{"self":[{"href":"https:\/\/www.ufla.br\/dcom\/wp-json\/wp\/v2\/posts\/109357","targetHints":{"allow":["GET"]}}],"collection":[{"href":"https:\/\/www.ufla.br\/dcom\/wp-json\/wp\/v2\/posts"}],"about":[{"href":"https:\/\/www.ufla.br\/dcom\/wp-json\/wp\/v2\/types\/post"}],"author":[{"embeddable":true,"href":"https:\/\/www.ufla.br\/dcom\/wp-json\/wp\/v2\/users\/6"}],"replies":[{"embeddable":true,"href":"https:\/\/www.ufla.br\/dcom\/wp-json\/wp\/v2\/comments?post=109357"}],"version-history":[{"count":2,"href":"https:\/\/www.ufla.br\/dcom\/wp-json\/wp\/v2\/posts\/109357\/revisions"}],"predecessor-version":[{"id":109359,"href":"https:\/\/www.ufla.br\/dcom\/wp-json\/wp\/v2\/posts\/109357\/revisions\/109359"}],"wp:attachment":[{"href":"https:\/\/www.ufla.br\/dcom\/wp-json\/wp\/v2\/media?parent=109357"}],"wp:term":[{"taxonomy":"category","embeddable":true,"href":"https:\/\/www.ufla.br\/dcom\/wp-json\/wp\/v2\/categories?post=109357"},{"taxonomy":"post_tag","embeddable":true,"href":"https:\/\/www.ufla.br\/dcom\/wp-json\/wp\/v2\/tags?post=109357"}],"curies":[{"name":"wp","href":"https:\/\/api.w.org\/{rel}","templated":true}]}}