{"id":109201,"date":"2016-03-31T16:39:37","date_gmt":"2016-03-31T19:39:37","guid":{"rendered":"http:\/\/www.ufla.br\/ascom\/?p=109201"},"modified":"2016-04-05T17:12:16","modified_gmt":"2016-04-05T20:12:16","slug":"agendamento-de-consultas-odontologicas-desta-sexta-1o4-tera-32-vagas-para-clinica-uflaunilavras","status":"publish","type":"post","link":"https:\/\/www.ufla.br\/dcom\/2016\/03\/31\/agendamento-de-consultas-odontologicas-desta-sexta-1o4-tera-32-vagas-para-clinica-uflaunilavras\/","title":{"rendered":"Agendamento de consultas odontol\u00f3gicas desta sexta (1\u00ba\/4) ter\u00e1 32 vagas para Cl\u00ednica UFLA\/Unilavras"},"content":{"rendered":"<p style=\"text-align: justify; line-height: 15.75pt; background: white; margin: 6.0pt 0cm 6.0pt 0cm;\"><span style=\"font-size: 10.5pt; font-family: 'Arial','sans-serif'; color: #333333;\"><a href=\"http:\/\/www.ufla.br\/ascom\/wp-content\/uploads\/2016\/03\/odonto.jpg\"><img loading=\"lazy\" decoding=\"async\" class=\"alignright size-medium wp-image-109202\" src=\"http:\/\/www.ufla.br\/ascom\/wp-content\/uploads\/2016\/03\/odonto-249x164.jpg\" alt=\"odonto\" width=\"249\" height=\"164\" srcset=\"https:\/\/www.ufla.br\/dcom\/wp-content\/uploads\/2016\/03\/odonto-249x164.jpg 249w, https:\/\/www.ufla.br\/dcom\/wp-content\/uploads\/2016\/03\/odonto-612x402.jpg 612w, https:\/\/www.ufla.br\/dcom\/wp-content\/uploads\/2016\/03\/odonto.jpg 874w\" sizes=\"auto, (max-width: 249px) 100vw, 249px\" \/><\/a>Sexta-feira \u00e9 dia de agendamentos de consultas odontol\u00f3gicas na Pr\u00f3-Reitoria de Assuntos Estudantis e Comunit\u00e1rios (Praec). Nesta sexta (1\u00ba\/4), estar\u00e3o dispon\u00edveis 32 vagas para a pr\u00f3xima semana (4\/4 a 8\/4), todas para a Cl\u00ednica Odontol\u00f3gica (UFLA\/Unilavras).<\/span><\/p>\n<p style=\"text-align: justify; line-height: 15.75pt; background: white; margin: 6.0pt 0cm 6.0pt 0cm;\"><span style=\"font-size: 10.5pt; font-family: 'Arial','sans-serif'; color: #333333;\">A marca\u00e7\u00e3o das consultas \u00e9 feita presencialmente, com in\u00edcio \u00e0s 7h30. Excepcionalmente neste dia 1\u00ba\/4 o local de agendamento ser\u00e1 a secretaria da Cl\u00ednica Odontol\u00f3gica, no c\u00e2mpus hist\u00f3rico.<\/span><\/p>\n<p style=\"text-align: justify; line-height: 15.75pt; background: white; margin: 6.0pt 0cm 6.0pt 0cm;\"><span style=\"font-size: 10.5pt; font-family: 'Arial','sans-serif'; color: #333333;\">Podem utilizar o servi\u00e7o estudantes de gradua\u00e7\u00e3o e p\u00f3s-gradua\u00e7\u00e3o, assim como servidores do quadro e funcion\u00e1rios terceirizados. A Coordenadoria de Sa\u00fade da Praec, considerando o per\u00edodo de recesso escolar (em que o p\u00fablico presente na Universidade \u00e9 menor), incentiva <strong>servidores e funcion\u00e1rios terceirizados<\/strong> a buscarem o agendamento. <\/span><\/p>\n","protected":false},"excerpt":{"rendered":"<p>Sexta-feira \u00e9 dia de agendamentos de consultas odontol\u00f3gicas na Pr\u00f3-Reitoria de Assuntos Estudantis e Comunit\u00e1rios (Praec). Nesta sexta (1\u00ba\/4), estar\u00e3o dispon\u00edveis 32 vagas para a pr\u00f3xima semana (4\/4 a 8\/4), todas para a Cl\u00ednica Odontol\u00f3gica (UFLA\/Unilavras). A marca\u00e7\u00e3o das consultas \u00e9 feita presencialmente, com in\u00edcio \u00e0s 7h30. Excepcionalmente neste dia 1\u00ba\/4 o local de agendamento &hellip; <a href=\"https:\/\/www.ufla.br\/dcom\/2016\/03\/31\/agendamento-de-consultas-odontologicas-desta-sexta-1o4-tera-32-vagas-para-clinica-uflaunilavras\/\" class=\"more-link\">Continue lendo <span class=\"screen-reader-text\">Agendamento de consultas odontol\u00f3gicas desta sexta (1\u00ba\/4) ter\u00e1 32 vagas para Cl\u00ednica UFLA\/Unilavras<\/span> <span class=\"meta-nav\">&rarr;<\/span><\/a><\/p>\n","protected":false},"author":13,"featured_media":0,"comment_status":"closed","ping_status":"closed","sticky":false,"template":"","format":"standard","meta":{"ngg_post_thumbnail":0,"footnotes":""},"categories":[1],"tags":[1757],"class_list":["post-109201","post","type-post","status-publish","format-standard","hentry","category-noticias","tag-consulta-odontologica"],"_links":{"self":[{"href":"https:\/\/www.ufla.br\/dcom\/wp-json\/wp\/v2\/posts\/109201","targetHints":{"allow":["GET"]}}],"collection":[{"href":"https:\/\/www.ufla.br\/dcom\/wp-json\/wp\/v2\/posts"}],"about":[{"href":"https:\/\/www.ufla.br\/dcom\/wp-json\/wp\/v2\/types\/post"}],"author":[{"embeddable":true,"href":"https:\/\/www.ufla.br\/dcom\/wp-json\/wp\/v2\/users\/13"}],"replies":[{"embeddable":true,"href":"https:\/\/www.ufla.br\/dcom\/wp-json\/wp\/v2\/comments?post=109201"}],"version-history":[{"count":2,"href":"https:\/\/www.ufla.br\/dcom\/wp-json\/wp\/v2\/posts\/109201\/revisions"}],"predecessor-version":[{"id":109204,"href":"https:\/\/www.ufla.br\/dcom\/wp-json\/wp\/v2\/posts\/109201\/revisions\/109204"}],"wp:attachment":[{"href":"https:\/\/www.ufla.br\/dcom\/wp-json\/wp\/v2\/media?parent=109201"}],"wp:term":[{"taxonomy":"category","embeddable":true,"href":"https:\/\/www.ufla.br\/dcom\/wp-json\/wp\/v2\/categories?post=109201"},{"taxonomy":"post_tag","embeddable":true,"href":"https:\/\/www.ufla.br\/dcom\/wp-json\/wp\/v2\/tags?post=109201"}],"curies":[{"name":"wp","href":"https:\/\/api.w.org\/{rel}","templated":true}]}}